{"id":49128,"date":"2023-02-26T15:24:55","date_gmt":"2023-02-26T18:24:55","guid":{"rendered":"https:\/\/wiy.com.br\/noticias\/alexandre-de-moraes-suspende-nomeacao-de-ramagem-para-a-pf\/"},"modified":"2020-04-29T12:59:19","modified_gmt":"2020-04-29T15:59:19","slug":"alexandre-de-moraes-suspende-nomeacao-de-ramagem-para-a-pf","status":"publish","type":"post","link":"https:\/\/wiy.com.br\/noticias\/alexandre-de-moraes-suspende-nomeacao-de-ramagem-para-a-pf\/","title":{"rendered":"Alexandre de Moraes suspende nomea\u00e7\u00e3o de Ramagem para a PF"},"content":{"rendered":"<p> <br \/>\n<\/p>\n<p>O ministro Alexandre de Moraes, do Supremo Tribunal Federal (STF), suspendeu nesta quarta-feira, 29, a nomea\u00e7\u00e3o de <strong>Alexandre Ramagem<\/strong> para o cargo de diretor-geral da <strong><a href=\"https:\/\/exame.abril.com.br\/noticias-sobre\/policia-federal\/\">Pol\u00edcia Federal<\/a>.\u00a0<\/strong>Para o ministro, &#8220;Pol\u00edcia Federal n\u00e3o \u00e9 \u00f3rg\u00e3o de intelig\u00eancia da Presid\u00eancia da Rep\u00fablica&#8221;.<\/p>\n<p>O magistrado atendeu a um pedido do PDT, <a href=\"https:\/\/exame.abril.com.br\/brasil\/pdt-entra-com-mandado-de-seguranca-no-stf-para-impedir-posse-de-ramagem\/\">que impetrou um mandado de seguran\u00e7a na corte contra a nomea\u00e7\u00e3o<\/a>. <span>O partido usa como argumento as declara\u00e7\u00f5es do ex-ministro da Justi\u00e7a Sergio Moro sobre o presidente da Rep\u00fablica tentar interferir politicamente na PF, j\u00e1 que Ramagem tem liga\u00e7\u00f5es pessoais com o cl\u00e3 Bolsonaro.<\/span><\/p>\n<p>A posse estava prevista para as 15h de hoje juntamente com a do ministro da Justi\u00e7a e Seguran\u00e7a P\u00fablica, Andr\u00e9 Mendon\u00e7a, e do novo advogado-geral da Uni\u00e3o, Jos\u00e9 Levi.<\/p>\n<p>Para determinar a suspens\u00e3o, o ministro alega que &#8220;em tese, apresenta-se vi\u00e1vel a ocorr\u00eancia de desvio de finalidade do ato presidencial de nomea\u00e7\u00e3o do Diretor da Pol\u00edcia Federal, em inobserv\u00e2ncia aos princ\u00edpios constitucionais da impessoalidade, da moralidade e do interesse p\u00fablico&#8221;.<\/p>\n<p>Para o cientista pol\u00edtico S\u00e9rgio Pra\u00e7a<span>, professor da FGV e\u00a0<\/span>colunista\u00a0da\u00a0<strong>EXAME<\/strong>, a decis\u00e3o do STF &#8220;pode abrir um precedente perigoso&#8221; para o pa\u00eds. &#8220;<span>\u00c9 claro que seria desej\u00e1vel que o presidente escolhesse algu\u00e9m com quem n\u00e3o tivesse nenhum tipo de v\u00ednculo, mas esse \u00e9 um cargo de livre nomea\u00e7\u00e3o&#8221;, diz.<\/span><\/p>\n<p>J\u00e1 o criminalista Conrado Gontijo afirma que &#8220;as acusa\u00e7\u00f5es feitas pelo ex-ministro s\u00e3o grav\u00edssimas e n\u00e3o se pode aceitar que o Presidente interfira em investiga\u00e7\u00f5es criminais&#8221;, por isso, a decis\u00e3o de Moraes em suspender sua nomea\u00e7\u00e3o.<\/p>\n<p><a href=\"https:\/\/abrilexame.files.wordpress.com\/2020\/04\/ms-37097-mc.pdf\">Leia na \u00edntegra a decis\u00e3o do ministro Alexandre de Moraes que suspendeu a nomea\u00e7\u00e3o de Ramagem<\/a><\/p>\n<div class=\"widget-news widget-box no-margin no-border\"><span class=\"widget-news-title content-box-title\">Veja tamb\u00e9m<\/span><\/p>\n<ul class=\"widget-news-list\">\n<li class=\"widget-news-item without-thumb with-border\">\n<div class=\"widget-news-info\"><a href=\"http:\/\/exame.abril.com.br\/brasil\">BRASIL<\/a><span class=\"widget-news-item-title\"><a href=\"https:\/\/exame.abril.com.br\/brasil\/moro-anuncia-demissao-por-interferencia-politica-na-policia-federal\/\">Sergio Moro anuncia demiss\u00e3o por interfer\u00eancia pol\u00edtica na Pol\u00edcia Federal<\/a><\/span><span class=\"widget-news-item-date\">24 abr 2020 &#8211; 11h04<\/span><\/div>\n<\/li>\n<li class=\"widget-news-item without-thumb with-border\">\n<div class=\"widget-news-info\"><a href=\"http:\/\/exame.abril.com.br\/brasil\">BRASIL<\/a><span class=\"widget-news-item-title\"><a href=\"https:\/\/exame.abril.com.br\/brasil\/o-que-acontece-apos-o-stf-autorizar-a-investigacao-contra-bolsonaro\/\">O que acontece ap\u00f3s o STF autorizar a investiga\u00e7\u00e3o contra Bolsonaro?<\/a><\/span><span class=\"widget-news-item-date\">28 abr 2020 &#8211; 16h04<\/span><\/div>\n<\/li>\n<\/ul>\n<\/div>\n<h3>Nomea\u00e7\u00e3o de Ramagem<\/h3>\n<p><span>Ramagen\u00a0<a href=\"https:\/\/exame.abril.com.br\/brasil\/quem-e-alexandre-ramagem-o-provavel-novo-chefe-da-policia-federal\/\">\u00e9 pr\u00f3ximo da fam\u00edlia Bolsonaro e foi coordenador da seguran\u00e7a do ent\u00e3o candidato durante as elei\u00e7\u00f5es de 2018<\/a><\/span><span>. Ele\u00a0<\/span><span>passou em concurso da Pol\u00edcia Federal em 2005.<\/span><\/p>\n<p><span>Chegou a ser nomeado superintendente no Cear\u00e1 no ano passado, mas n\u00e3o assumiu o posto.\u00a0<\/span><span>Foi convidado para trabalhar em Bras\u00edlia, perto de Bolsonaro, como auxiliar direto de Carlos Alberto Santos Cruz, ent\u00e3o chefe da Secretaria de Governo. Permaneceu como assessor especial de Luiz Eduardo Ramos, sucessor de Santos Cruz no cargo.<\/span><\/p>\n<p><span>Da assessoria, foi indicado a chefe da Abin com a autoridade de quem gozava da \u201ctotal confian\u00e7a\u201d da fam\u00edlia Bolsonaro. Ele chegou ao posto depois de um lobby do deputado Eduardo, escriv\u00e3o de carreira da PF, do vereador Carlos e do senador Fl\u00e1vio Bolsonaro.<\/span><\/p>\n<p><br \/>\n<br \/><a href=\"https:\/\/exame.abril.com.br\/brasil\/alexandre-de-moraes-suspende-nomeacao-de-ramagem-na-pf\/\">Fonte do artigo <\/a><br \/>\nTags:<br \/>\n#politica #political #negocios #business #marketingdigital #empreendedorismo #marketing #emprendedores #empreender #sucesso #empresas #emprendimiento #emprendedor #empreendedor #emprender #dinheiro #dinero #empresario #vendas #liderazgo #motivacion #foco #motivacao #negocio #brasil<\/p>\n","protected":false},"excerpt":{"rendered":"<p>O ministro Alexandre de Moraes, do Supremo Tribunal Federal (STF), suspendeu nesta quarta-feira, 29, a nomea\u00e7\u00e3o de Alexandre Ramagem para o cargo de diretor-geral da Pol\u00edcia Federal.\u00a0Para o ministro, &#8220;Pol\u00edcia Federal n\u00e3o \u00e9 \u00f3rg\u00e3o de intelig\u00eancia da Presid\u00eancia da Rep\u00fablica&#8221;. O magistrado atendeu a um pedido do PDT, que impetrou um mandado de seguran\u00e7a na [&hellip;]<\/p>\n","protected":false},"author":1,"featured_media":49129,"comment_status":"open","ping_status":"open","sticky":false,"template":"","format":"standard","meta":{"footnotes":""},"categories":[1],"tags":[],"class_list":["post-49128","post","type-post","status-publish","format-standard","has-post-thumbnail","hentry","category-curso-de-copy"],"_links":{"self":[{"href":"https:\/\/wiy.com.br\/noticias\/wp-json\/wp\/v2\/posts\/49128","targetHints":{"allow":["GET"]}}],"collection":[{"href":"https:\/\/wiy.com.br\/noticias\/wp-json\/wp\/v2\/posts"}],"about":[{"href":"https:\/\/wiy.com.br\/noticias\/wp-json\/wp\/v2\/types\/post"}],"author":[{"embeddable":true,"href":"https:\/\/wiy.com.br\/noticias\/wp-json\/wp\/v2\/users\/1"}],"replies":[{"embeddable":true,"href":"https:\/\/wiy.com.br\/noticias\/wp-json\/wp\/v2\/comments?post=49128"}],"version-history":[{"count":0,"href":"https:\/\/wiy.com.br\/noticias\/wp-json\/wp\/v2\/posts\/49128\/revisions"}],"wp:featuredmedia":[{"embeddable":true,"href":"https:\/\/wiy.com.br\/noticias\/wp-json\/wp\/v2\/media\/49129"}],"wp:attachment":[{"href":"https:\/\/wiy.com.br\/noticias\/wp-json\/wp\/v2\/media?parent=49128"}],"wp:term":[{"taxonomy":"category","embeddable":true,"href":"https:\/\/wiy.com.br\/noticias\/wp-json\/wp\/v2\/categories?post=49128"},{"taxonomy":"post_tag","embeddable":true,"href":"https:\/\/wiy.com.br\/noticias\/wp-json\/wp\/v2\/tags?post=49128"}],"curies":[{"name":"wp","href":"https:\/\/api.w.org\/{rel}","templated":true}]}}