{"id":48921,"date":"2023-02-26T15:32:10","date_gmt":"2023-02-26T18:32:10","guid":{"rendered":"https:\/\/wiy.com.br\/noticias\/ex-ministro-da-saude-ricardo-barros-esta-com-coronavirus\/"},"modified":"2020-04-26T15:41:16","modified_gmt":"2020-04-26T18:41:16","slug":"ex-ministro-da-saude-ricardo-barros-esta-com-coronavirus","status":"publish","type":"post","link":"https:\/\/wiy.com.br\/noticias\/ex-ministro-da-saude-ricardo-barros-esta-com-coronavirus\/","title":{"rendered":"Ex-ministro da Sa\u00fade Ricardo Barros est\u00e1 com coronav\u00edrus"},"content":{"rendered":"<p> <br \/>\n<\/p>\n<p><span>O ex-ministro da <strong><a href=\"https:\/\/exame.abril.com.br\/noticias-sobre\/ministerio-da-Saude\">Sa\u00fade<\/a> Ricardo Barros<\/strong> divulgou na noite do s\u00e1bado, 25, a informa\u00e7\u00e3o em uma rede social que foi diagnosticado com covid-19. Ele disse que est\u00e1 internado na Santa Casa de Maring\u00e1, com quadro clinico &#8220;est\u00e1vel&#8221;, ap\u00f3s &#8220;testar positivo&#8221; para a novo coronav\u00edrus.<\/span><\/p>\n<div class=\"embed-twitter\">\n<blockquote class=\"twitter-tweet\" data-width=\"500\" data-dnt=\"true\">\n<p lang=\"pt\" dir=\"ltr\">Testei positivo para coronav\u00edrus. Estou internado na Santa Casa de Maring\u00e1 desde ontem com quadro est\u00e1vel e boa  evolu\u00e7\u00e3o. Agrade\u00e7o a fam\u00edlia, profissionais de sa\u00fade e amigos pelo apoio e ora\u00e7\u00f5es.<\/p>\n<p>&mdash; Ricardo Barros (@RicardoBarrosPP) <a href=\"https:\/\/twitter.com\/RicardoBarrosPP\/status\/1254210887679971329?ref_src=twsrc%5Etfw\">April 26, 2020<\/a><\/p>\n<\/blockquote>\n<\/div>\n<p><span>Ele agradeceu \u00e0 fam\u00edlia, aos profissionais de sa\u00fade e aos amigos pelo &#8220;apoio e ora\u00e7\u00f5es&#8221;.<\/span><\/p>\n<p><span>Atual deputado federal pelo PP do Paran\u00e1, Barros foi ministro da Sa\u00fade durante o governo de Michel Temer e ocupou o cargo entre maio de 2016 e mar\u00e7o de 2018.\u00a0<\/span><\/p>\n<p><script async src=\"http:\/\/platform.twitter.com\/widgets.js\" charset=\"utf-8\"><\/script><br \/>\n<br \/><br \/>\n<br \/><a href=\"https:\/\/exame.abril.com.br\/brasil\/ex-ministro-da-saude-ricardo-barros-esta-com-coronavirus\/\">Fonte do artigo <\/a><br \/>\nTags:<br \/>\n#politica #political #negocios #business #marketingdigital #empreendedorismo #marketing #emprendedores #empreender #sucesso #empresas #emprendimiento #emprendedor #empreendedor #emprender #dinheiro #dinero #empresario #vendas #liderazgo #motivacion #foco #motivacao #negocio #brasil<\/p>\n","protected":false},"excerpt":{"rendered":"<p>O ex-ministro da Sa\u00fade Ricardo Barros divulgou na noite do s\u00e1bado, 25, a informa\u00e7\u00e3o em uma rede social que foi diagnosticado com covid-19. Ele disse que est\u00e1 internado na Santa Casa de Maring\u00e1, com quadro clinico &#8220;est\u00e1vel&#8221;, ap\u00f3s &#8220;testar positivo&#8221; para a novo coronav\u00edrus. Testei positivo para coronav\u00edrus. Estou internado na Santa Casa de Maring\u00e1 [&hellip;]<\/p>\n","protected":false},"author":1,"featured_media":48922,"comment_status":"open","ping_status":"open","sticky":false,"template":"","format":"standard","meta":{"footnotes":""},"categories":[1],"tags":[],"class_list":["post-48921","post","type-post","status-publish","format-standard","has-post-thumbnail","hentry","category-curso-de-copy"],"_links":{"self":[{"href":"https:\/\/wiy.com.br\/noticias\/wp-json\/wp\/v2\/posts\/48921","targetHints":{"allow":["GET"]}}],"collection":[{"href":"https:\/\/wiy.com.br\/noticias\/wp-json\/wp\/v2\/posts"}],"about":[{"href":"https:\/\/wiy.com.br\/noticias\/wp-json\/wp\/v2\/types\/post"}],"author":[{"embeddable":true,"href":"https:\/\/wiy.com.br\/noticias\/wp-json\/wp\/v2\/users\/1"}],"replies":[{"embeddable":true,"href":"https:\/\/wiy.com.br\/noticias\/wp-json\/wp\/v2\/comments?post=48921"}],"version-history":[{"count":0,"href":"https:\/\/wiy.com.br\/noticias\/wp-json\/wp\/v2\/posts\/48921\/revisions"}],"wp:featuredmedia":[{"embeddable":true,"href":"https:\/\/wiy.com.br\/noticias\/wp-json\/wp\/v2\/media\/48922"}],"wp:attachment":[{"href":"https:\/\/wiy.com.br\/noticias\/wp-json\/wp\/v2\/media?parent=48921"}],"wp:term":[{"taxonomy":"category","embeddable":true,"href":"https:\/\/wiy.com.br\/noticias\/wp-json\/wp\/v2\/categories?post=48921"},{"taxonomy":"post_tag","embeddable":true,"href":"https:\/\/wiy.com.br\/noticias\/wp-json\/wp\/v2\/tags?post=48921"}],"curies":[{"name":"wp","href":"https:\/\/api.w.org\/{rel}","templated":true}]}}