{"id":48778,"date":"2023-02-26T15:17:51","date_gmt":"2023-02-26T18:17:51","guid":{"rendered":"https:\/\/wiy.com.br\/noticias\/tecnologia-e-essencial-mas-desligar-tambem-diz-palmaka-da-sap\/"},"modified":"2020-04-24T10:41:29","modified_gmt":"2020-04-24T13:41:29","slug":"tecnologia-e-essencial-mas-desligar-tambem-diz-palmaka-da-sap","status":"publish","type":"post","link":"https:\/\/wiy.com.br\/noticias\/tecnologia-e-essencial-mas-desligar-tambem-diz-palmaka-da-sap\/","title":{"rendered":"Tecnologia \u00e9 essencial, mas desligar tamb\u00e9m, diz Palmaka, da SAP"},"content":{"rendered":"<p> <br \/>\n<\/p>\n<p><span>A tecnologia nunca foi t\u00e3o importante para a vida das pessoas quanto no per\u00edodo da quarentena. Chamadas de v\u00eddeo, redes sociais, aplicativos de delivery e de com\u00e9rcio eletr\u00f4nico se tornaram parte do dia a dia. Mas, para a presidente de uma das maiores <strong><a href=\"https:\/\/exame.abril.com.br\/noticias-sobre\/empresas-de-tecnologia\/\">empresas de tecnologia<\/a> <\/strong>de software do Brasil e do mundo, o per\u00edodo tamb\u00e9m mostra a import\u00e2ncia de se desconectar .<\/span><\/p>\n<p><span>\u201cA gente percebe que adora a tecnologia, mas que sente falta do humano e do social. Tecnologia \u00e9 bacana, mas estar junto, estar em um happy hour presencial e abra\u00e7ar tamb\u00e9m faz bem, diz a presidente da <strong><a href=\"https:\/\/exame.abril.com.br\/noticias-sobre\/sap\/\">SAP<\/a> <\/strong>Brasil, Cristina Palmaka, em entrevista \u00e0 EXAME. \u201cVamos retornar de forma lenta depois da quarentena, mas vamos recuperar essa conex\u00e3o\u201d, afirma.<\/span><\/p>\n<p><span>Com trabalho e vida pessoal no mesmo espa\u00e7o, as pessoas precisam prestar mais aten\u00e7\u00e3o nos limites entre os dois momentos, diz a executiva. &#8220;Com as coisas mescladas, \u00e9 necess\u00e1rio ter um momento de desligar do trabalho e focar nos filhos, na vida pessoal&#8221;, afirma.<\/span><\/p>\n<p><span>A empresa de software, com cerca de 1.500 funcion\u00e1rios e 11.000 clientes no Brasil, est\u00e1 impulsionando programas voltados para o cuidado da sa\u00fade mental dos funcion\u00e1rios, desde conversas com a presid\u00eancia sobre o tema at\u00e9 atendimento terap\u00eautico virtual.<\/span><\/p>\n<p><span>Para oferecer atendimento terap\u00eautico de forma mais acess\u00edvel aos funcion\u00e1rios, a SAP firmou uma parceria com a startup Vittude, de sa\u00fade mental, para oferecer atendimento a funcion\u00e1rios e familiares.<\/span><\/p>\n<p><span>Todos os dias, h\u00e1 uma sess\u00e3o de gin\u00e1stica laboral. As comunica\u00e7\u00f5es di\u00e1rias incluem dicas de automassagem e de alimenta\u00e7\u00e3o saud\u00e1vel.<\/span><\/p>\n<p><span>A companhia passou a olhar para o tema de sa\u00fade mental no meio de 2018. Segundo a presidente, a SAP j\u00e1 estava atenta a outros temas de relev\u00e2ncia social, como diversidade de g\u00eanero, inclus\u00e3o LGBT e racial. H\u00e1 ainda um programa voltado ao autismo.\u00a0<\/span><\/p>\n<p><span>Para a executiva, o momento \u00e9 de teste na gest\u00e3o de pessoas nas empresas. &#8220;Assim como diversidade, a preocupa\u00e7\u00e3o com os funcion\u00e1rios n\u00e3o pode ser modismo. O prop\u00f3sito n\u00e3o pode estar em um documento pendurado na parede&#8221;, afirma.<\/span><\/p>\n<h3><span>Conversas abertas &#8211; e virtuais<\/span><\/h3>\n<p><span>Uma das primeiras a\u00e7\u00f5es tomadas foi a cria\u00e7\u00e3o de encontros mensais dos funcion\u00e1rios e l\u00edderes com a presid\u00eancia para falar especificamente sobre sa\u00fade mental.<\/span><\/p>\n<p><span>Desde que Palmaka assumiu a presid\u00eancia da SAP, em 2013, realiza mensalmente o Caf\u00e9 com a Cris, um evento para juntar os funcion\u00e1rios e transmitir conversas importantes. <\/span><span>No meio do ano passado, a empresa mudou o tema dos encontros para focar especialmente em sa\u00fade mental. Nascia o Ch\u00e1 com a Cris. Os tr\u00eas a quatro primeiros ch\u00e1s uniram apenas os l\u00edderes, para prepar\u00e1-los a lidar com o tema.<\/span><\/p>\n<p><span>&#8220;Por exemplo, se um funcion\u00e1rio dissesse que estava fazendo terapia, qual deveria ser a rea\u00e7\u00e3o com a lideran\u00e7a? Sabemos que 95% das pessoas que v\u00e3o para a terapia n\u00e3o falam sobre isso. Todo mundo acha normal ir ao dentista ou ao m\u00e9dico, mas ningu\u00e9m fala em terapia. Por isso precisamos preparar os l\u00edderes&#8221;, diz Palmaka.<\/span><\/p>\n<p><span>O ch\u00e1 foi levado para o ambiente virtual pela primeira vez em abril. Segundo a executiva, no lugar das bebidas e p\u00e3es de queijo normalmente preparados pela empresa, cada funcion\u00e1rio estava com sua pr\u00f3pria caneca de ch\u00e1 em sua casa. \u201c\u00c9 um aprendizado\u201d, diz.\u00a0<\/span><\/p>\n<p><span>Assim como as reuni\u00f5es para tomar ch\u00e1 com a presidente, as happy hours tamb\u00e9m se tornaram digitais. Esse \u00e9 um caminho sem volta: para Palmaka, a tecnologia se tornar\u00e1 ainda mais estrat\u00e9gica na vida dos clientes e consumidores.<\/span><\/p>\n<p><span>A executiva diz que, no \u00faltimo m\u00eas, fez apresenta\u00e7\u00f5es, fechou neg\u00f3cios e implementou produtos \u00e0 dist\u00e2ncia, o que seria impens\u00e1vel at\u00e9 ent\u00e3o. &#8220;Juntamos virtualmente 100 pessoas para uma apresenta\u00e7\u00e3o grande para um cliente. Quebramos muitos paradigmas&#8221;, diz Palmaka.<\/span><\/p>\n<p><span>A companhia apresentou faturamento global de 2 bilh\u00f5es de euros no primeiro trimestre do ano &#8211; a SAP n\u00e3o revela o faturamento no Brasil.<\/span><\/p>\n<div class=\"widget-news widget-box no-margin no-border\"><span class=\"widget-news-title content-box-title\">Veja tamb\u00e9m<\/span><\/p>\n<ul class=\"widget-news-list\">\n<li class=\"widget-news-item without-thumb with-border\">\n<div class=\"widget-news-info\"><a href=\"http:\/\/exame.abril.com.br\/revista-exame\">REVISTA EXAME<\/a><span class=\"widget-news-item-title\"><a href=\"https:\/\/exame.abril.com.br\/revista-exame\/vinte-anos-em-vinte-dias\/\">Pandemia for\u00e7a empresas a evoluir 20 anos em 20 dias<\/a><\/span><span class=\"widget-news-item-date\">9 abr 2020 &#8211; 05h04<\/span><\/div>\n<\/li>\n<\/ul>\n<\/div>\n<h3><span>Cuidado com a rotina<\/span><\/h3>\n<p><span>Al\u00e9m disso, para aumentar a comunica\u00e7\u00e3o entre os funcion\u00e1rios, uma orienta\u00e7\u00e3o \u00e9 realizar videochamadas sempre com a c\u00e2mera ligada. &#8220;Agora j\u00e1 conhecemos as casas, filhos e animais de estima\u00e7\u00e3o dos colaboradores&#8221;, afirma Palmaka.<\/span><\/p>\n<p><span>A executiva diz que tenta manter sua rotina anterior em casa, mas que alguns aspectos precisaram ser adaptados. &#8220;Todas as manh\u00e3s, tomo caf\u00e9, leio jornal, fa\u00e7o gin\u00e1stica e come\u00e7o a trabalhar&#8221;, diz Palmaka, que alugou uma esteira para substituir as caminhadas fora de casa. No entanto, n\u00e3o marca mais reuni\u00f5es corridas durante o hor\u00e1rio de almo\u00e7o, que se tornou um momento para passar com a fam\u00edlia.\u00a0<\/span><\/p>\n<p><span>De acordo com ela, um cuidado importante no home office \u00e9 estabelecer um hor\u00e1rio para desligar do trabalho, fechar o computador e passar tempo com a fam\u00edlia. Finais de semana e feriados, conta, se tornaram mais importantes.<\/span><\/p>\n<p><span>\u201cQuando eu fecho o computador, \u00e0 noite, aviso minha fam\u00edlia: agora sim sa\u00ed do trabalho e estou em casa\u201d, diz.<\/span><\/p>\n<p>#noticias #economia #sustentabilidade #dinheiro #economia<br \/>\n<br \/><br \/>\n<br \/><a href=\"https:\/\/exame.abril.com.br\/negocios\/tecnologia-e-essencial-mas-desligar-tambem-diz-palmaka-da-sap\/\">Fonte do Artigo <\/a><br \/>\nTags:<\/p>\n<p><a href=\"https:\/\/wiy.com.br\/noticias\/categoria\/curso-de-copy\/\">#noticias<\/a> <a href=\"https:\/\/wiy.com.br\/noticias\/categoria\/curso-de-copy\/\">#economia<\/a> <a href=\"https:\/\/wiy.com.br\/noticias\/categoria\/curso-de-copy\/\">#sustentabilidade<\/a> <a href=\"https:\/\/wiy.com.br\/noticias\/categoria\/curso-de-copy\/\">#dinheiro<\/a> <a href=\"https:\/\/wiy.com.br\/noticias\/categoria\/curso-de-copy\/\">#economia<\/a> <a href=\"https:\/\/wiy.com.br\/noticias\/categoria\/curso-de-copy\/\">#energialimpa<\/a> <a href=\"https:\/\/wiy.com.br\/noticias\/categoria\/curso-de-copy\/\">#brasil<\/a> <a href=\"https:\/\/wiy.com.br\/noticias\/categoria\/curso-de-copy\/\">#cursodecopy<\/a> <a href=\"https:\/\/wiy.com.br\/noticias\/categoria\/curso-de-copy\/\">#meioambiente<\/a> <a href=\"https:\/\/wiy.com.br\/noticias\/categoria\/curso-de-copy\/\">#hotmart<\/a> <a href=\"https:\/\/wiy.com.br\/noticias\/categoria\/curso-de-copy\/\">#empreendedorismo<\/a> <a href=\"https:\/\/wiy.com.br\/noticias\/categoria\/curso-de-copy\/\">#marketingdigital<\/a> <a href=\"https:\/\/wiy.com.br\/noticias\/categoria\/curso-de-copy\/\">#marketing digital<\/a> <a href=\"https:\/\/wiy.com.br\/noticias\/categoria\/curso-de-copy\/\">#politica<\/a> <a href=\"https:\/\/wiy.com.br\/noticias\/categoria\/curso-de-copy\/\">#energiasolarfotovoltaica<\/a> <a href=\"https:\/\/wiy.com.br\/noticias\/categoria\/curso-de-copy\/\">#textos que vendem<\/a> <a href=\"https:\/\/wiy.com.br\/noticias\/categoria\/curso-de-copy\/\">#copy de vendas<\/a> <a href=\"https:\/\/wiy.com.br\/noticias\/categoria\/curso-de-copy\/\">#sucesso<\/a> <a href=\"https:\/\/wiy.com.br\/noticias\/categoria\/curso-de-copy\/\">#financas<\/a> <a href=\"https:\/\/wiy.com.br\/noticias\/categoria\/curso-de-copy\/\">#investimentos<\/a> <a href=\"https:\/\/wiy.com.br\/noticias\/categoria\/curso-de-copy\/\">#criptomoeda<\/a> <a href=\"https:\/\/wiy.com.br\/noticias\/categoria\/curso-de-copy\/\">#ead<\/a> <a href=\"https:\/\/wiy.com.br\/noticias\/categoria\/curso-de-copy\/\">#copy download<\/a> <a href=\"https:\/\/wiy.com.br\/noticias\/categoria\/curso-de-copy\/\">#cursodecopypdf<\/a> <a href=\"https:\/\/wiy.com.br\/noticias\/categoria\/curso-de-copy\/\">#primeiravenda<\/a> <a href=\"https:\/\/wiy.com.br\/noticias\/categoria\/curso-de-copy\/\">#noticias24<\/a> <a href=\"https:\/\/curso-de-copy.wordseo.com.br\/\">#curso de copy<\/a> <a href=\"https:\/\/curso-de-copy.wordseo.com.br\/\">#curso para afiliados<\/a> <a href=\"https:\/\/curso-de-copy.wordseo.com.br\/\">#curso de copy online<\/a><\/p>\n","protected":false},"excerpt":{"rendered":"<p>A tecnologia nunca foi t\u00e3o importante para a vida das pessoas quanto no per\u00edodo da quarentena. Chamadas de v\u00eddeo, redes sociais, aplicativos de delivery e de com\u00e9rcio eletr\u00f4nico se tornaram parte do dia a dia. Mas, para a presidente de uma das maiores empresas de tecnologia de software do Brasil e do mundo, o per\u00edodo [&hellip;]<\/p>\n","protected":false},"author":1,"featured_media":48779,"comment_status":"open","ping_status":"open","sticky":false,"template":"","format":"standard","meta":{"footnotes":""},"categories":[1,339],"tags":[],"class_list":["post-48778","post","type-post","status-publish","format-standard","has-post-thumbnail","hentry","category-curso-de-copy","category-negocios"],"_links":{"self":[{"href":"https:\/\/wiy.com.br\/noticias\/wp-json\/wp\/v2\/posts\/48778","targetHints":{"allow":["GET"]}}],"collection":[{"href":"https:\/\/wiy.com.br\/noticias\/wp-json\/wp\/v2\/posts"}],"about":[{"href":"https:\/\/wiy.com.br\/noticias\/wp-json\/wp\/v2\/types\/post"}],"author":[{"embeddable":true,"href":"https:\/\/wiy.com.br\/noticias\/wp-json\/wp\/v2\/users\/1"}],"replies":[{"embeddable":true,"href":"https:\/\/wiy.com.br\/noticias\/wp-json\/wp\/v2\/comments?post=48778"}],"version-history":[{"count":0,"href":"https:\/\/wiy.com.br\/noticias\/wp-json\/wp\/v2\/posts\/48778\/revisions"}],"wp:featuredmedia":[{"embeddable":true,"href":"https:\/\/wiy.com.br\/noticias\/wp-json\/wp\/v2\/media\/48779"}],"wp:attachment":[{"href":"https:\/\/wiy.com.br\/noticias\/wp-json\/wp\/v2\/media?parent=48778"}],"wp:term":[{"taxonomy":"category","embeddable":true,"href":"https:\/\/wiy.com.br\/noticias\/wp-json\/wp\/v2\/categories?post=48778"},{"taxonomy":"post_tag","embeddable":true,"href":"https:\/\/wiy.com.br\/noticias\/wp-json\/wp\/v2\/tags?post=48778"}],"curies":[{"name":"wp","href":"https:\/\/api.w.org\/{rel}","templated":true}]}}