{"id":48761,"date":"2023-02-26T15:33:39","date_gmt":"2023-02-26T18:33:39","guid":{"rendered":"https:\/\/wiy.com.br\/noticias\/bolsonaro-exonera-mauricio-valeixo-do-cargo-de-diretor-geral-da-pf\/"},"modified":"2020-04-24T06:40:06","modified_gmt":"2020-04-24T09:40:06","slug":"bolsonaro-exonera-mauricio-valeixo-do-cargo-de-diretor-geral-da-pf","status":"publish","type":"post","link":"https:\/\/wiy.com.br\/noticias\/bolsonaro-exonera-mauricio-valeixo-do-cargo-de-diretor-geral-da-pf\/","title":{"rendered":"Bolsonaro exonera Maur\u00edcio Valeixo do cargo de diretor-geral da PF"},"content":{"rendered":"<p> <br \/>\n<\/p>\n<p>O presidente <strong><a href=\"https:\/\/exame.abril.com.br\/noticias-sobre\/jair-bolsonaro\/\">Jair Bolsonaro<\/a><\/strong> oficializou nesta sexta-feira a demiss\u00e3o do diretor-geral da <strong><a href=\"https:\/\/exame.abril.com.br\/noticias-sobre\/policia-federal\">Pol\u00edcia Federal<\/a><\/strong> Maur\u00edcio Valeixo, nome de confian\u00e7a do ministro <strong><a href=\"https:\/\/exame.abril.com.br\/noticias-sobre\/sergio-moro\">Sergio Moro<\/a><\/strong> para o cargo. A possibilidade de sua demiss\u00e3o gerou uma crise ontem entre Bolsonaro e Moro, que amea\u00e7ou deixar o cargo caso Valeixo fosse exonerado.<\/p>\n<p>O ministro n\u00e3o foi avisado por Bolsonaro que a demiss\u00e3o de Valeixo seria efetivada e, segundo interlocutores, avalia pedir demiss\u00e3o diante do cen\u00e1rio.<\/p>\n<p>O decreto da sa\u00edda de Valeixo n\u00e3o foi formalmente assinado por Moro, apesar de seu nome constar no decreto. Isso indica que a discord\u00e2ncia entre os dois se ampliou e agravou a crise pol\u00edtica iniciada nesta quinta.<\/p>\n<p>Fontes do minist\u00e9rio apontam que Moro pode efetivamente pedir demiss\u00e3o ap\u00f3s a exonera\u00e7\u00e3o de seu aliado.<\/p>\n<div class=\"widget-news widget-box no-margin no-border\"><span class=\"widget-news-title content-box-title\">Veja tamb\u00e9m<\/span><\/p>\n<ul class=\"widget-news-list\">\n<li class=\"widget-news-item without-thumb with-border\">\n<div class=\"widget-news-info\"><a href=\"http:\/\/exame.abril.com.br\/brasil\">BRASIL<\/a><span class=\"widget-news-item-title\"><a href=\"https:\/\/exame.abril.com.br\/brasil\/diretor-da-pf-deve-deixar-cargo-e-moro-tenta-fazer-sucessor-diz-fonte\/\">Diretor da PF deve deixar cargo e Moro tenta fazer sucessor, diz fonte<\/a><\/span><span class=\"widget-news-item-date\">23 abr 2020 &#8211; 18h04<\/span><\/div>\n<\/li>\n<li class=\"widget-news-item without-thumb with-border\">\n<div class=\"widget-news-info\"><a href=\"http:\/\/exame.abril.com.br\/brasil\">BRASIL<\/a><span class=\"widget-news-item-title\"><a href=\"https:\/\/exame.abril.com.br\/brasil\/bolsonaro-tenta-impor-troca-na-pf-e-moro-pode-deixar-governo\/\">Bolsonaro tenta impor troca na PF, e Moro pode deixar governo<\/a><\/span><span class=\"widget-news-item-date\">23 abr 2020 &#8211; 15h04<\/span><\/div>\n<\/li>\n<\/ul>\n<\/div>\n<p>Nome de confian\u00e7a do ministro, Valeixo comandou a Superintend\u00eancia da PF no Paran\u00e1 durante a Opera\u00e7\u00e3o Lava-Jato e foi indicado por Moro para comandar a corpora\u00e7\u00e3o assim que assumiu o minist\u00e9rio da Justi\u00e7a.<\/p>\n<p>Sua perman\u00eancia, entretanto, acabou sendo alvo de atritos com Bolsonaro, que em meados do ano passado tentou impor a indica\u00e7\u00e3o de um nome para a Superintend\u00eancia da PF do Rio. A corpora\u00e7\u00e3o reagiu \u00e0 interfer\u00eancia externa e, diante do impasse, Bolsonaro amea\u00e7ou demitir Valeixo na ocasi\u00e3o.<\/p>\n<p>Ap\u00f3s os desgastes, Valeixo negociava uma sa\u00edda pac\u00edfica do cargo para meados de junho, mas a antecipa\u00e7\u00e3o da demiss\u00e3o surpreendeu aliados. Agora, o presidente queria indicar um nome de sua confian\u00e7a ao comando da PF, mas Moro se posicionou contrariamente e tenta controlar a sucess\u00e3o na corpora\u00e7\u00e3o para blind\u00e1-la de influ\u00eancia pol\u00edtica.<\/p>\n<p><br \/>\n<br \/><a href=\"https:\/\/exame.abril.com.br\/brasil\/bolsonaro-exonera-mauricio-valeixo-do-cargo-de-diretor-geral-da-pf\/\">Fonte do artigo <\/a><br \/>\nTags:<br \/>\n#politica #political #negocios #business #marketingdigital #empreendedorismo #marketing #emprendedores #empreender #sucesso #empresas #emprendimiento #emprendedor #empreendedor #emprender #dinheiro #dinero #empresario #vendas #liderazgo #motivacion #foco #motivacao #negocio #brasil<\/p>\n","protected":false},"excerpt":{"rendered":"<p>O presidente Jair Bolsonaro oficializou nesta sexta-feira a demiss\u00e3o do diretor-geral da Pol\u00edcia Federal Maur\u00edcio Valeixo, nome de confian\u00e7a do ministro Sergio Moro para o cargo. A possibilidade de sua demiss\u00e3o gerou uma crise ontem entre Bolsonaro e Moro, que amea\u00e7ou deixar o cargo caso Valeixo fosse exonerado. O ministro n\u00e3o foi avisado por Bolsonaro [&hellip;]<\/p>\n","protected":false},"author":1,"featured_media":40030,"comment_status":"open","ping_status":"open","sticky":false,"template":"","format":"standard","meta":{"footnotes":""},"categories":[1],"tags":[],"class_list":["post-48761","post","type-post","status-publish","format-standard","has-post-thumbnail","hentry","category-curso-de-copy"],"_links":{"self":[{"href":"https:\/\/wiy.com.br\/noticias\/wp-json\/wp\/v2\/posts\/48761","targetHints":{"allow":["GET"]}}],"collection":[{"href":"https:\/\/wiy.com.br\/noticias\/wp-json\/wp\/v2\/posts"}],"about":[{"href":"https:\/\/wiy.com.br\/noticias\/wp-json\/wp\/v2\/types\/post"}],"author":[{"embeddable":true,"href":"https:\/\/wiy.com.br\/noticias\/wp-json\/wp\/v2\/users\/1"}],"replies":[{"embeddable":true,"href":"https:\/\/wiy.com.br\/noticias\/wp-json\/wp\/v2\/comments?post=48761"}],"version-history":[{"count":0,"href":"https:\/\/wiy.com.br\/noticias\/wp-json\/wp\/v2\/posts\/48761\/revisions"}],"wp:featuredmedia":[{"embeddable":true,"href":"https:\/\/wiy.com.br\/noticias\/wp-json\/wp\/v2\/media\/40030"}],"wp:attachment":[{"href":"https:\/\/wiy.com.br\/noticias\/wp-json\/wp\/v2\/media?parent=48761"}],"wp:term":[{"taxonomy":"category","embeddable":true,"href":"https:\/\/wiy.com.br\/noticias\/wp-json\/wp\/v2\/categories?post=48761"},{"taxonomy":"post_tag","embeddable":true,"href":"https:\/\/wiy.com.br\/noticias\/wp-json\/wp\/v2\/tags?post=48761"}],"curies":[{"name":"wp","href":"https:\/\/api.w.org\/{rel}","templated":true}]}}