{"id":48641,"date":"2023-02-26T15:34:43","date_gmt":"2023-02-26T18:34:43","guid":{"rendered":"https:\/\/wiy.com.br\/noticias\/general-entra-em-lugar-de-medico-como-numero-2-da-saude\/"},"modified":"2020-04-22T18:48:30","modified_gmt":"2020-04-22T21:48:30","slug":"general-entra-em-lugar-de-medico-como-numero-2-da-saude","status":"publish","type":"post","link":"https:\/\/wiy.com.br\/noticias\/general-entra-em-lugar-de-medico-como-numero-2-da-saude\/","title":{"rendered":"General entra em lugar de m\u00e9dico como n\u00famero 2 da Sa\u00fade"},"content":{"rendered":"<p> <br \/>\n<\/p>\n<p>Em sua primeira entrevista coletiva como ministro da Sa\u00fade, <strong><a href=\"https:\/\/exame.abril.com.br\/noticias-sobre\/nelson-teich\/\">Nelson Teich<\/a><\/strong>, confirmou o general <strong>Eduardo Pazuello<\/strong> como secret\u00e1rio-executivo da pasta. Pazuello ficar\u00e1 respons\u00e1vel, principalmente, pela parte de log\u00edstica e distribui\u00e7\u00e3o de rem\u00e9dios e insumos durante a pandemia do novo coronav\u00edrus.<\/p>\n<p>&#8220;Nesses poucos dias que estou aqui, a impress\u00e3o que eu tenho \u00e9 que a gente precisa ser muito mais eficiente do que a gente \u00e9 hoje. Estamos falando de log\u00edstica, compra e distribui\u00e7\u00e3o. Ele [Pazuello] \u00e9 uma pessoa muito experiente nisso. \u00c9 uma pessoa que vem trazer uma contribui\u00e7\u00e3o em um momento em que a gente corre contra o tempo&#8221;, diz Teich.<\/p>\n<p>O ministro acrescentou que a &#8220;corrida contra o tempo&#8221; n\u00e3o \u00e9 s\u00f3 em rela\u00e7\u00e3o \u00e0 covid-19, mas tamb\u00e9m sobre como o Brasil e o sistema de sa\u00fade v\u00e3o ficar no futuro.<\/p>\n<p>Em rela\u00e7\u00e3o \u00e0s a\u00e7\u00f5es que tem colocado em pr\u00e1tica, Teich afirmou que est\u00e1 trabalhando em tr\u00eas bra\u00e7os: informa\u00e7\u00e3o, estrutura e diretriz para permitir que estados e munic\u00edpios criem pol\u00edticas de isolamento social.<\/p>\n<p>&#8220;Sabemos muito pouco sobre a doen\u00e7a e quando voc\u00ea sabe muito pouco, o poder de decidir de forma estruturada \u00e9 dif\u00edcil. Voc\u00ea faz escolhas que s\u00e3o fr\u00e1geis. \u00c9 fundamental que, por mais que a gente foque na covid-19, n\u00e3o podemos esquecer do cuidado das outras pessoas&#8221;, afirma.<\/p>\n<p>Nesse direcionamento, a Sa\u00fade est\u00e1 desenhando a cria\u00e7\u00e3o de um banco de dados, integrado com outros minist\u00e9rios. &#8220;Vamos buscar uma integra\u00e7\u00e3o cada vez maior com outros grupos do governo, porque voc\u00ea vai ter consolida\u00e7\u00e3o da informa\u00e7\u00e3o e maior detalhamento&#8221;. Os dados, segundo Teich, ser\u00e3o ligados a &#8220;hospitais e estados&#8221;. N\u00e3o h\u00e1 mais detalhes sobre a iniciativa.<\/p>\n<p>Em rela\u00e7\u00e3o \u00e0s diretrizes para os estados e munic\u00edpios, o ministro afirmou que \u00e9 &#8220;absolutamente normal um distanciamento social na largada, mas n\u00e3o pode estar desacompanhado de um programa de sa\u00edda&#8221;. Para ele, mesmo com a subnotifica\u00e7\u00e3o de casos confirmados e \u00f3bitos, a covid-19 atinge &#8220;muito pouco da popula\u00e7\u00e3o&#8221;.<\/p>\n<p><br \/>\n<br \/><a href=\"https:\/\/exame.abril.com.br\/brasil\/nelson-teich-troca-medico-por-general-como-numero-2-da-saude\/\">Fonte do artigo <\/a><br \/>\nTags:<br \/>\n#politica #political #negocios #business #marketingdigital #empreendedorismo #marketing #emprendedores #empreender #sucesso #empresas #emprendimiento #emprendedor #empreendedor #emprender #dinheiro #dinero #empresario #vendas #liderazgo #motivacion #foco #motivacao #negocio #brasil<\/p>\n","protected":false},"excerpt":{"rendered":"<p>Em sua primeira entrevista coletiva como ministro da Sa\u00fade, Nelson Teich, confirmou o general Eduardo Pazuello como secret\u00e1rio-executivo da pasta. Pazuello ficar\u00e1 respons\u00e1vel, principalmente, pela parte de log\u00edstica e distribui\u00e7\u00e3o de rem\u00e9dios e insumos durante a pandemia do novo coronav\u00edrus. &#8220;Nesses poucos dias que estou aqui, a impress\u00e3o que eu tenho \u00e9 que a gente [&hellip;]<\/p>\n","protected":false},"author":1,"featured_media":48642,"comment_status":"open","ping_status":"open","sticky":false,"template":"","format":"standard","meta":{"footnotes":""},"categories":[1],"tags":[],"class_list":["post-48641","post","type-post","status-publish","format-standard","has-post-thumbnail","hentry","category-curso-de-copy"],"_links":{"self":[{"href":"https:\/\/wiy.com.br\/noticias\/wp-json\/wp\/v2\/posts\/48641","targetHints":{"allow":["GET"]}}],"collection":[{"href":"https:\/\/wiy.com.br\/noticias\/wp-json\/wp\/v2\/posts"}],"about":[{"href":"https:\/\/wiy.com.br\/noticias\/wp-json\/wp\/v2\/types\/post"}],"author":[{"embeddable":true,"href":"https:\/\/wiy.com.br\/noticias\/wp-json\/wp\/v2\/users\/1"}],"replies":[{"embeddable":true,"href":"https:\/\/wiy.com.br\/noticias\/wp-json\/wp\/v2\/comments?post=48641"}],"version-history":[{"count":0,"href":"https:\/\/wiy.com.br\/noticias\/wp-json\/wp\/v2\/posts\/48641\/revisions"}],"wp:featuredmedia":[{"embeddable":true,"href":"https:\/\/wiy.com.br\/noticias\/wp-json\/wp\/v2\/media\/48642"}],"wp:attachment":[{"href":"https:\/\/wiy.com.br\/noticias\/wp-json\/wp\/v2\/media?parent=48641"}],"wp:term":[{"taxonomy":"category","embeddable":true,"href":"https:\/\/wiy.com.br\/noticias\/wp-json\/wp\/v2\/categories?post=48641"},{"taxonomy":"post_tag","embeddable":true,"href":"https:\/\/wiy.com.br\/noticias\/wp-json\/wp\/v2\/tags?post=48641"}],"curies":[{"name":"wp","href":"https:\/\/api.w.org\/{rel}","templated":true}]}}