{"id":48603,"date":"2023-02-26T15:15:14","date_gmt":"2023-02-26T18:15:14","guid":{"rendered":"https:\/\/wiy.com.br\/noticias\/nao-ha-respirador-para-todos-que-precisam-diz-medico-do-rio\/"},"modified":"2020-04-22T09:04:10","modified_gmt":"2020-04-22T12:04:10","slug":"nao-ha-respirador-para-todos-que-precisam-diz-medico-do-rio","status":"publish","type":"post","link":"https:\/\/wiy.com.br\/noticias\/nao-ha-respirador-para-todos-que-precisam-diz-medico-do-rio\/","title":{"rendered":"N\u00e3o h\u00e1 respirador para todos que precisam, diz m\u00e9dico do Rio"},"content":{"rendered":"<p> <br \/>\n<\/p>\n<p>Um dos maiores temores para os profissionais que atuam na linha de frente do combate ao <strong><a href=\"https:\/\/exame.abril.com.br\/noticias-sobre\/coronavirus\/\">coronav\u00edrus<\/a><\/strong> chegou ao <strong><a href=\"https:\/\/exame.abril.com.br\/noticias-sobre\/rio-de-janeiro\">Rio<\/a><\/strong>. Com as unidades de tratamento intensivo na cidade no limite de sua capacidade, come\u00e7am a faltar respiradores para pacientes graves. Sem os ventiladores mec\u00e2nicos, alguns m\u00e9dicos j\u00e1 passam pela situa\u00e7\u00e3o de decidir quem poder\u00e1 usar o equipamento ou n\u00e3o. Cirurgi\u00e3o-geral e diretor do Sindicato dos M\u00e9dicos do Rio, Pedro Archer trabalha numa emerg\u00eancia da Zona Oeste do Rio e fez um relato impactante de um plant\u00e3o, na semana passada:<\/p>\n<p>&#8220;Quando iniciei meu plant\u00e3o, j\u00e1 sabia que seria um dia dif\u00edcil. Meu turno normalmente \u00e9 de 12 horas, mas precisei dobrar, j\u00e1 que outra m\u00e9dica est\u00e1 afastada por suspeita de Covid-19. Na sala vermelha (onde ficam os casos mais graves de Covid-19 e outras enfermidades), havia 23 pessoas para 14 leitos, ou seja, 14 respiradores. No primeiro minuto, n\u00e3o havia nenhum aparelho livre. Era um sinal do que viria naquela noite&#8221;.<\/p>\n<p>E j\u00e1 para o primeiro paciente, faltou o equipamento. &#8220;Ele chegou com insufici\u00eancia respirat\u00f3ria, mas n\u00e3o t\u00ednhamos equipamento de ventila\u00e7\u00e3o. Colocamos num cat\u00e9ter de oxig\u00eanio, fizemos algumas medica\u00e7\u00f5es para tentar fazer ele respirar e o inclu\u00edmos na fila para outro hospital com respirador dispon\u00edvel. Mas ele morreu uma hora depois. Esse foi o come\u00e7o do nosso turno. Assumindo o plant\u00e3o assim, toda nossa equipe fica abalada&#8221;, contou.<\/p>\n<div class=\"widget-news widget-box no-margin no-border\"><span class=\"widget-news-title content-box-title\">Veja tamb\u00e9m<\/span><\/p>\n<ul class=\"widget-news-list\">\n<li class=\"widget-news-item without-thumb with-border\">\n<div class=\"widget-news-info\"><a href=\"http:\/\/exame.abril.com.br\/brasil\">BRASIL<\/a><span class=\"widget-news-item-title\"><a href=\"https:\/\/exame.abril.com.br\/brasil\/rio-de-janeiro-registra-um-novo-caso-de-coronavirus-a-cada-35-minutos\/\">Rio de Janeiro registra um novo caso de coronav\u00edrus a cada 3,5 minutos<\/a><\/span><span class=\"widget-news-item-date\">22 abr 2020 &#8211; 08h04<\/span><\/div>\n<\/li>\n<li class=\"widget-news-item without-thumb with-border\">\n<div class=\"widget-news-info\"><a href=\"http:\/\/exame.abril.com.br\/brasil\">BRASIL<\/a><span class=\"widget-news-item-title\"><a href=\"https:\/\/exame.abril.com.br\/brasil\/casos-de-sindrome-respiratoria-no-rio-disparam-com-a-pandemia-de-covid-19\/\">Casos de s\u00edndrome respirat\u00f3ria no Rio disparam com a pandemia de covid-19<\/a><\/span><span class=\"widget-news-item-date\">22 abr 2020 &#8211; 06h04<\/span><\/div>\n<\/li>\n<li class=\"widget-news-item without-thumb with-border\">\n<div class=\"widget-news-info\"><a href=\"http:\/\/exame.abril.com.br\/brasil\">BRASIL<\/a><span class=\"widget-news-item-title\"><a href=\"https:\/\/exame.abril.com.br\/brasil\/na-papuda-advogados-cobram-ate-r-900-por-noticias-de-infectados\/\">Na Papuda, advogados cobram at\u00e9 R$ 900 por not\u00edcias de infectados<\/a><\/span><span class=\"widget-news-item-date\">22 abr 2020 &#8211; 08h04<\/span><\/div>\n<\/li>\n<\/ul>\n<\/div>\n<p>&nbsp;<\/p>\n<p>&nbsp;<\/p>\n<p>\u201cA sensa\u00e7\u00e3o \u00e9 que sa\u00edmos todos os dias para a guerra\u201d, resume o m\u00e9dico: &#8220;Naquela noite, uma idosa deu entrada, certamente com Covid-19. A capacidade respirat\u00f3ria estava em apenas 60 e ela necessitava com urg\u00eancia de ventilador. Mas n\u00e3o havia. Tentamos de tudo para tentar salv\u00e1-la, mas algumas horas depois o fim foi o mesmo&#8221;.<\/p>\n<p>A sensa\u00e7\u00e3o de frustra\u00e7\u00e3o de quem jurou salvar vidas seguiu madrugada afora.<\/p>\n<p>&#8220;Nesse meio tempo, uma paciente bem idosa, com quadro complicado e progn\u00f3stico ruim, foi a \u00f3bito. A equipe decidiu n\u00e3o tentar fazer nenhuma manobra de ressuscita\u00e7\u00e3o para usarmos o respirador dela. Depois, com dez, 15 pessoas precisando do ventilador, como escolher quem ter\u00e1 acesso? Tentamos ser o mais racionais, na medida do poss\u00edvel. Escolher quem tem mais chance de sair. Entre uma pessoa com muitas comorbidades, um quadro incapacitante, e outro jovem, voc\u00ea acaba escolhendo o paciente jovem. Usamos aquele equipamento para outro paciente. Sem ele, naquela noite poder\u00edamos ter tido tr\u00eas mortes por falta de ventilador. J\u00e1 estamos nesse patamar de escolha, infelizmente. Isso mexe com o psicol\u00f3gico de todo mundo da equipe, nunca imaginei que iria passar com isso&#8221;.<\/p>\n<h3>De portas abertas, mas sem equipamento<\/h3>\n<p>Com as UTIs lotadas, as salas de emerg\u00eancia acabam recebendo os pacientes mais graves. Isso porque, diferentemente das unidades de tratamento intensivo, n\u00e3o recebem os pacientes pelo sistema de regula\u00e7\u00e3o de leitos, mas trabalham de portas abertas.<\/p>\n<p>&#8220;N\u00e3o negamos o atendimento. O que podemos fazer \u00e9 pedir uma vaga no sistema e, depois, nos resta esperar e rezar para conseguir, antes que a pessoa venha a \u00f3bito. Alguns chegam a ficar dois, tr\u00eas dias esperando pela transfer\u00eancia&#8221;, conta o cirurgi\u00e3o geral Pedro Archer.<\/p>\n<p>Naquele plant\u00e3o da semana passada, a equipe conseguiu duas vagas, mas em Vassouras, no Sul Fluminense, j\u00e1 que na capital n\u00e3o havia mais leitos.<\/p>\n<p>&#8220;E uma transfer\u00eancia n\u00e3o \u00e9 t\u00e3o simples, ainda mais para uma cidade distante. \u00c9 preciso uma grande log\u00edstica para sa\u00edrem duas ambul\u00e2ncias com dois m\u00e9dicos para acompanhar os pacientes, sendo que j\u00e1 temos buracos na escala por afastamentos de poss\u00edveis infectados&#8221;, lembra o m\u00e9dico.<\/p>\n<p>Outro problema \u00e9 a falta de equipamentos de prote\u00e7\u00e3o.<\/p>\n<p>&#8220;Em hospital p\u00fablico, n\u00f3s precisamos correr atr\u00e1s. Eu e um grupo de m\u00e9dicos nos juntamos para comprar alguns, gastamos cerca de R$ 2 mil, mas outros profissionais acabam n\u00e3o tendo como fazer essa compra e j\u00e1 fazem o reuso para n\u00e3o ficar sem&#8221;.<\/p>\n<h3><a href=\"https:\/\/exame.abril.com.br\/noticias-sobre\/coronavirus\">As \u00faltimas not\u00edcias da pandemia do novo coronav\u00edrus<\/a>:<\/h3>\n<ul>\n<li><a href=\"https:\/\/exame.abril.com.br\/mundo\/mapa-mostra-como-o-brasil-e-o-mundo-respondem-ao-coronavirus\/\">Mapa mostra como o Brasil e o mundo est\u00e3o lidando com o novo coronav\u00edrus;<\/a><\/li>\n<li><a href=\"https:\/\/exame.abril.com.br\/mundo\/5-fake-news-sobre-coronavirus-que-estao-circulando-pelo-mundo\/\">As fake news sobre a epidemia que est\u00e3o circulando pelo mundo;<\/a><\/li>\n<li><a href=\"https:\/\/exame.abril.com.br\/ciencia\/prevencao-contra-coronavirus-pode-salvar-1-milhao-de-vidas-no-brasil\/\" title=\"Preven\u00e7\u00e3o contra coronav\u00edrus pode salvar 1 milh\u00e3o de vidas no Brasil\" class=\"\">Preven\u00e7\u00e3o contra coronav\u00edrus pode salvar 1 milh\u00e3o de vidas no Brasil<\/a>;<\/li>\n<li><a href=\"https:\/\/exame.abril.com.br\/seu-dinheiro\/ate-57-os-100-fundos-que-mais-perderam-com-a-crise-do-coronavirus\/\">At\u00e9 57%: os 100 fundos que mais perderam com a crise do coronav\u00edrus<\/a><\/li>\n<li><a href=\"https:\/\/exame.abril.com.br\/negocios\/coronavirus-cuidados-que-as-empresas-precisam-ter-com-funcionarios\/\">Os cuidados que as empresas precisam ter com funcion\u00e1rios<\/a>;<\/li>\n<li><a href=\"https:\/\/exame.abril.com.br\/carreira\/precisa-fazer-home-office-por-causa-do-coronavirus-confira-as-dicas\/\">Vai fazer home office por causa do coronav\u00edrus? Confira as dicas<\/a><\/li>\n<\/ul>\n<p>&nbsp;<\/p>\n<p><br \/>\n<br \/><a href=\"https:\/\/exame.abril.com.br\/brasil\/nao-ha-respirador-para-todos-que-precisam-diz-medico-do-rio\/\">Fonte do artigo <\/a><br \/>\nTags:<br \/>\n#politica #political #negocios #business #marketingdigital #empreendedorismo #marketing #emprendedores #empreender #sucesso #empresas #emprendimiento #emprendedor #empreendedor #emprender #dinheiro #dinero #empresario #vendas #liderazgo #motivacion #foco #motivacao #negocio #brasil<\/p>\n","protected":false},"excerpt":{"rendered":"<p>Um dos maiores temores para os profissionais que atuam na linha de frente do combate ao coronav\u00edrus chegou ao Rio. Com as unidades de tratamento intensivo na cidade no limite de sua capacidade, come\u00e7am a faltar respiradores para pacientes graves. Sem os ventiladores mec\u00e2nicos, alguns m\u00e9dicos j\u00e1 passam pela situa\u00e7\u00e3o de decidir quem poder\u00e1 usar [&hellip;]<\/p>\n","protected":false},"author":1,"featured_media":48604,"comment_status":"open","ping_status":"open","sticky":false,"template":"","format":"standard","meta":{"footnotes":""},"categories":[1],"tags":[],"class_list":["post-48603","post","type-post","status-publish","format-standard","has-post-thumbnail","hentry","category-curso-de-copy"],"_links":{"self":[{"href":"https:\/\/wiy.com.br\/noticias\/wp-json\/wp\/v2\/posts\/48603","targetHints":{"allow":["GET"]}}],"collection":[{"href":"https:\/\/wiy.com.br\/noticias\/wp-json\/wp\/v2\/posts"}],"about":[{"href":"https:\/\/wiy.com.br\/noticias\/wp-json\/wp\/v2\/types\/post"}],"author":[{"embeddable":true,"href":"https:\/\/wiy.com.br\/noticias\/wp-json\/wp\/v2\/users\/1"}],"replies":[{"embeddable":true,"href":"https:\/\/wiy.com.br\/noticias\/wp-json\/wp\/v2\/comments?post=48603"}],"version-history":[{"count":0,"href":"https:\/\/wiy.com.br\/noticias\/wp-json\/wp\/v2\/posts\/48603\/revisions"}],"wp:featuredmedia":[{"embeddable":true,"href":"https:\/\/wiy.com.br\/noticias\/wp-json\/wp\/v2\/media\/48604"}],"wp:attachment":[{"href":"https:\/\/wiy.com.br\/noticias\/wp-json\/wp\/v2\/media?parent=48603"}],"wp:term":[{"taxonomy":"category","embeddable":true,"href":"https:\/\/wiy.com.br\/noticias\/wp-json\/wp\/v2\/categories?post=48603"},{"taxonomy":"post_tag","embeddable":true,"href":"https:\/\/wiy.com.br\/noticias\/wp-json\/wp\/v2\/tags?post=48603"}],"curies":[{"name":"wp","href":"https:\/\/api.w.org\/{rel}","templated":true}]}}