{"id":48599,"date":"2023-02-26T15:38:26","date_gmt":"2023-02-26T18:38:26","guid":{"rendered":"https:\/\/wiy.com.br\/noticias\/doria-divulga-plano-para-reabrir-sao-paulo-a-partir-de-10-5\/"},"modified":"2020-04-22T08:03:07","modified_gmt":"2020-04-22T11:03:07","slug":"doria-divulga-plano-para-reabrir-sao-paulo-a-partir-de-10-5","status":"publish","type":"post","link":"https:\/\/wiy.com.br\/noticias\/doria-divulga-plano-para-reabrir-sao-paulo-a-partir-de-10-5\/","title":{"rendered":"Doria divulga plano para reabrir S\u00e3o Paulo a partir de 10\/5"},"content":{"rendered":"<p> <br \/>\n<\/p>\n<p>O governador <strong><a href=\"https:\/\/exame.abril.com.br\/noticias-sobre\/joao-doria-junior\/\">Jo\u00e3o Doria Junior<\/a><\/strong> detalha hoje o plano do estado de <strong><a href=\"https:\/\/exame.abril.com.br\/noticias-sobre\/sao-paulo\">S\u00e3o Paulo<\/a><\/strong> para a reabertura gradual da economia ao fim da atual fase da quarentena, que tem como objetivo desacelerar a dissemina\u00e7\u00e3o do novo <strong><a href=\"https:\/\/exame.abril.com.br\/noticias-sobre\/coronavirus\">coronav\u00edrus<\/a><\/strong>. Depois de duas prorroga\u00e7\u00f5es, o isolamento social, que teve in\u00edcio em 24 de mar\u00e7o, deve ser relaxado a partir de 10 de maio.<\/p>\n<p>Doria anunciou a inten\u00e7\u00e3o de permitir que os setores produtivos voltem a funcionar em suas redes sociais na segunda-feira, 20. Disse que a retomada das atividades depende do ritmo de cont\u00e1gio e da situa\u00e7\u00e3o do sistema de sa\u00fade, acrescentando que formou um comit\u00ea empresarial para avaliar os impactos da pandemia da infec\u00e7\u00e3o respirat\u00f3ria covid-19 na economia e tra\u00e7ar um caminho de recupera\u00e7\u00e3o.<\/p>\n<p>Um indicador importante da capacidade do governo em cumprir a promessa de diminuir o isolamento tamb\u00e9m vem nesta quarta-feira. Doria estimou que hoje a fila de amostras esperando para ser testadas para o coronav\u00edrus deve ser zerada pelo cons\u00f3rcio de 38 laborat\u00f3rios p\u00fablicos e privados formado para ampliar o diagn\u00f3stico. O estado chegou a ter mais de 16.000 amostras na fila, que h\u00e1 dois dias estava em 4.149.<\/p>\n<div class=\"widget-news widget-box no-margin no-border\"><span class=\"widget-news-title content-box-title\">Veja tamb\u00e9m<\/span><\/p>\n<ul class=\"widget-news-list\">\n<li class=\"widget-news-item without-thumb with-border\">\n<div class=\"widget-news-info\"><a href=\"http:\/\/exame.abril.com.br\/brasil\">BRASIL<\/a><span class=\"widget-news-item-title\"><a href=\"https:\/\/exame.abril.com.br\/brasil\/brasil-atinge-o-numero-de-43-mil-casos-confirmados-de-coronavirus\/\">Brasil tem mais 2.498 casos confirmados de coronav\u00edrus em 24 horas<\/a><\/span><span class=\"widget-news-item-date\">21 abr 2020 &#8211; 18h04<\/span><\/div>\n<\/li>\n<li class=\"widget-news-item without-thumb with-border\">\n<div class=\"widget-news-info\"><a href=\"http:\/\/exame.abril.com.br\/brasil\">BRASIL<\/a><span class=\"widget-news-item-title\"><a href=\"https:\/\/exame.abril.com.br\/brasil\/com-avanco-do-covid-19-manaus-comeca-a-enterrar-vitimas-em-vala-coletiva\/\">Com avan\u00e7o do covid-19, Manaus come\u00e7a a enterrar v\u00edtimas em vala coletiva<\/a><\/span><span class=\"widget-news-item-date\">22 abr 2020 &#8211; 06h04<\/span><\/div>\n<\/li>\n<\/ul>\n<\/div>\n<p>Se de fato o gargalo na testagem para a doen\u00e7a for eliminado, maiores as chances de a libera\u00e7\u00e3o das opera\u00e7\u00f5es das empresas acontecer logo. A ampla testagem da popula\u00e7\u00e3o \u00e9, segundo a Organiza\u00e7\u00e3o Mundial de Sa\u00fade, \u00e9 um dos requisitos para permitir que a vida comece a voltar ao normal em alguma localidade.<\/p>\n<p>A reabertura do estado deve come\u00e7ar pelas cidades mais distantes da capital, que registraram menos casos e mortes, com o uso obrigat\u00f3rio de m\u00e1scaras pela popula\u00e7\u00e3o. Shopping centers e espa\u00e7os de lazer continuariam fechados, enquanto as lojas de rua funcionariam em hor\u00e1rio reduzido e teriam que limitar o n\u00famero de clientes em seu interior. Na capital, a retomada das atividades est\u00e1 prevista para ter in\u00edcio em junho.<\/p>\n<p>Os especialistas em sa\u00fade p\u00fablica acham que \u00e9 cedo para falar em normaliza\u00e7\u00e3o das atividades, porque o n\u00famero de casos e mortes ainda tende a subir antes de recuar. Dos 43.079 pacientes infectados pela doen\u00e7a no Brasil, 15.385 est\u00e3o em S\u00e3o Paulo.<\/p>\n<p><br \/>\n<br \/><a href=\"https:\/\/exame.abril.com.br\/brasil\/doria-divulga-plano-para-reabrir-sao-paulo-a-partir-de-105\/\">Fonte do artigo <\/a><br \/>\nTags:<br \/>\n#politica #political #negocios #business #marketingdigital #empreendedorismo #marketing #emprendedores #empreender #sucesso #empresas #emprendimiento #emprendedor #empreendedor #emprender #dinheiro #dinero #empresario #vendas #liderazgo #motivacion #foco #motivacao #negocio #brasil<\/p>\n","protected":false},"excerpt":{"rendered":"<p>O governador Jo\u00e3o Doria Junior detalha hoje o plano do estado de S\u00e3o Paulo para a reabertura gradual da economia ao fim da atual fase da quarentena, que tem como objetivo desacelerar a dissemina\u00e7\u00e3o do novo coronav\u00edrus. Depois de duas prorroga\u00e7\u00f5es, o isolamento social, que teve in\u00edcio em 24 de mar\u00e7o, deve ser relaxado a [&hellip;]<\/p>\n","protected":false},"author":1,"featured_media":48600,"comment_status":"open","ping_status":"open","sticky":false,"template":"","format":"standard","meta":{"footnotes":""},"categories":[1],"tags":[],"class_list":["post-48599","post","type-post","status-publish","format-standard","has-post-thumbnail","hentry","category-curso-de-copy"],"_links":{"self":[{"href":"https:\/\/wiy.com.br\/noticias\/wp-json\/wp\/v2\/posts\/48599","targetHints":{"allow":["GET"]}}],"collection":[{"href":"https:\/\/wiy.com.br\/noticias\/wp-json\/wp\/v2\/posts"}],"about":[{"href":"https:\/\/wiy.com.br\/noticias\/wp-json\/wp\/v2\/types\/post"}],"author":[{"embeddable":true,"href":"https:\/\/wiy.com.br\/noticias\/wp-json\/wp\/v2\/users\/1"}],"replies":[{"embeddable":true,"href":"https:\/\/wiy.com.br\/noticias\/wp-json\/wp\/v2\/comments?post=48599"}],"version-history":[{"count":0,"href":"https:\/\/wiy.com.br\/noticias\/wp-json\/wp\/v2\/posts\/48599\/revisions"}],"wp:featuredmedia":[{"embeddable":true,"href":"https:\/\/wiy.com.br\/noticias\/wp-json\/wp\/v2\/media\/48600"}],"wp:attachment":[{"href":"https:\/\/wiy.com.br\/noticias\/wp-json\/wp\/v2\/media?parent=48599"}],"wp:term":[{"taxonomy":"category","embeddable":true,"href":"https:\/\/wiy.com.br\/noticias\/wp-json\/wp\/v2\/categories?post=48599"},{"taxonomy":"post_tag","embeddable":true,"href":"https:\/\/wiy.com.br\/noticias\/wp-json\/wp\/v2\/tags?post=48599"}],"curies":[{"name":"wp","href":"https:\/\/api.w.org\/{rel}","templated":true}]}}