{"id":48452,"date":"2023-02-26T15:18:17","date_gmt":"2023-02-26T18:18:17","guid":{"rendered":"https:\/\/wiy.com.br\/noticias\/fiesp-quer-retomada-em-45-dias-apos-covid-19-controlada-o-que-abre-antes\/"},"modified":"2020-04-19T12:39:07","modified_gmt":"2020-04-19T15:39:07","slug":"fiesp-quer-retomada-em-45-dias-apos-covid-19-controlada-o-que-abre-antes","status":"publish","type":"post","link":"https:\/\/wiy.com.br\/noticias\/fiesp-quer-retomada-em-45-dias-apos-covid-19-controlada-o-que-abre-antes\/","title":{"rendered":"Fiesp quer retomada em 45 dias ap\u00f3s covid-19 controlada. O que abre antes?"},"content":{"rendered":"<p> <br \/>\n<\/p>\n<p>A <a href=\"https:\/\/exame.abril.com.br\/noticias-sobre\/fiesp\/\"><strong>Federa\u00e7\u00e3o das Ind\u00fastrias do Estado de S\u00e3o Paulo (Fiesp)<\/strong><\/a> prop\u00f4s neste final de semana um plano para a retomada da atividade econ\u00f4mica em 45 dias quando as autoridades p\u00fablicas considerarem que a dissemina\u00e7\u00e3o do <a href=\"https:\/\/exame.abril.com.br\/noticias-sobre\/coronavirus\/\"><strong>novo coronav\u00edrus<\/strong><\/a>, que causa a infec\u00e7\u00e3o respirat\u00f3ria covid-19, estiver sob controle.<\/p>\n<p>Em documento enviado a seus associados, a Fiesp defende que a reabertura das empresas seja feita o mais breve poss\u00edvel, desde que respeitados os requisitos estabelecido pela <a href=\"https:\/\/exame.abril.com.br\/noticias-sobre\/oms\/\"><strong>Organiza\u00e7\u00e3o Mundial da Sa\u00fade (OMS)<\/strong><\/a>.<\/p>\n<p>No plano desenhado pela Fiesp, o primeiro passo \u00e9 come\u00e7ar um distanciamento social seletivo, ou seja, dos cidad\u00e3os que se enquadrem nos grupos de risco para a covid-19, notadamente os idosos e quem tem outras condi\u00e7\u00f5es de sa\u00fade como cardiopatias, diabetes e hipertens\u00e3o. Os infectados tamb\u00e9m devem continuar em quarentena domiciliar.<\/p>\n<p>Segundo o plano, o uso de m\u00e1scas deve ser amplamente disseminado. Os estabelecimentos comerciais precisam definir hor\u00e1rios alternados para a entrada e sa\u00edda de funcion\u00e1rios a fim de evitar a superlota\u00e7\u00e3o no transporte coletivo. Eventos que concentrem um grande n\u00famero de pessoas continuariam suspensos.<\/p>\n<p>O cronograma sugerido pela Fiesp estabelece que o retorno gradual \u00e0s atividades seja feito de acordo com o grau de essencialidade do setor.<\/p>\n<p>Os primeiros estabelecimentos a ser reabertos seriam creches e escolas, lojas de rua e restaurantes. Depois de 14 dias, os shopping centers e prestadores de servi\u00e7o como os sal\u00f5es de beleza poderiam retomar suas atividades. Mais 14 dias e os parques tamb\u00e9m voltariam a receber frequentadores, com controle de entrada. Por volta do dia 45, as academias de gin\u00e1stica, os teatros, os museus e as universidades seriam autorizados a reabrir. Ao longo de todo esse per\u00edodo, uma reavalia\u00e7\u00e3o seria feita a cada 7 dias para medir e estudar os efeitos da retomada.<\/p>\n<div class=\"widget-news widget-box no-margin no-border\"><span class=\"widget-news-title content-box-title\">Veja tamb\u00e9m<\/span><\/p>\n<ul class=\"widget-news-list\">\n<li class=\"widget-news-item without-thumb with-border\">\n<div class=\"widget-news-info\"><a href=\"http:\/\/exame.abril.com.br\/mundo\">MUNDO<\/a><span class=\"widget-news-item-title\"><a href=\"https:\/\/exame.abril.com.br\/mundo\/transicao-da-quarentena-exige-testes-na-populacao-alerta-oms\/\">Transi\u00e7\u00e3o da quarentena exige testes na popula\u00e7\u00e3o, alerta OMS<\/a><\/span><span class=\"widget-news-item-date\">6 abr 2020 &#8211; 14h04<\/span><\/div>\n<\/li>\n<li class=\"widget-news-item without-thumb with-border\">\n<div class=\"widget-news-info\"><a href=\"http:\/\/exame.abril.com.br\/economia\">ECONOMIA<\/a><span class=\"widget-news-item-title\"><a href=\"https:\/\/exame.abril.com.br\/economia\/salvar-vidas-e-pre-requisito-para-salvar-empregos-dizem-oms-e-fmi\/\">Salvar vidas \u00e9 &#8220;pr\u00e9-requisito&#8221; para salvar empregos, dizem OMS e FMI<\/a><\/span><span class=\"widget-news-item-date\">3 abr 2020 &#8211; 20h04<\/span><\/div>\n<\/li>\n<li class=\"widget-news-item without-thumb with-border\">\n<div class=\"widget-news-info\"><a href=\"http:\/\/exame.abril.com.br\/brasil\">BRASIL<\/a><span class=\"widget-news-item-title\"><a href=\"https:\/\/exame.abril.com.br\/brasil\/brasil-atrasou-epidemia-mas-deve-sofrer-colapso-como-italia-espanha-e-eua\/\">Brasil atrasou epidemia mas deve sofrer colapso como It\u00e1lia, Espanha e EUA<\/a><\/span><span class=\"widget-news-item-date\">18 abr 2020 &#8211; 08h04<\/span><\/div>\n<\/li>\n<\/ul>\n<\/div>\n<p>A Fiesp tamb\u00e9m sugere como os hor\u00e1rios de entrada e sa\u00edda dos funcion\u00e1rios devem ser escalonados, dividindo as empresas em grupos setoriais.<\/p>\n<p>No grupo 1, que inclui f\u00e1bricas, empresas agropecu\u00e1rias e de utilidade p\u00fablica como \u00e1gua, esgoto e energia, os empregados devem chegar \u00e0s 6h e sair \u00e0s 15h. No 2, de servi\u00e7os de constru\u00e7\u00e3o, alimenta\u00e7\u00e3o e com\u00e9rcio atacadista, a entrada seria \u00e0s 8h e a sa\u00edda, \u00e0s 17h. No 3, de servi\u00e7os de escrit\u00f3rio, financeiros, informa\u00e7\u00e3o e comunica\u00e7\u00e3o e reparos de ve\u00edculos, os funcion\u00e1rios poderiam chegar \u00e0s 10h e sair \u00e0s 19h. O grupo 4, de varejo, sele\u00e7\u00e3o e agenciamento de m\u00e3o de obra, artes e cultura, ag\u00eancias de turismo e demais servi\u00e7os, receberia os colaboradores \u00e0s 12h e liberaria \u00e0s 21h.<\/p>\n<p>Todas as empresas precisariam refor\u00e7ar a comunica\u00e7\u00e3o e o treinamento dos funcion\u00e1rios quanto \u00e0s medidas de preven\u00e7\u00e3o ao novo coronav\u00edrus, distanciamento no local de trabalho e limpeza e desinfec\u00e7\u00e3o dos ambientes, de acordo com o plano da Fiesp.<\/p>\n<p>Na sexta-feira, 17, o governador de S\u00e3o Paulo, Jo\u00e3o Doria Junior, <a href=\"https:\/\/exame.abril.com.br\/brasil\/doria-prorroga-quarentena-ate-10-de-maio-em-todo-o-estado-de-sp\/\">estendeu a quarentena<\/a> nos 645 munic\u00edpios do estado at\u00e9 10 de maio. Foi a segunda prorroga\u00e7\u00e3o da quarentena, que come\u00e7ou em 24 de mar\u00e7o. S\u00e3o Paulo \u00e9 o estado com o <a href=\"https:\/\/exame.abril.com.br\/brasil\/com-63-obitos-neste-sabado-sp-atinge-quase-mil-mortes-pelo-novo-coronavirus\/\">maior n\u00famero de casos da covid-19<\/a>: 13.894 infectados e 991 mortes at\u00e9 ontem.<\/p>\n<p>#noticias #economia #sustentabilidade #dinheiro #economia<br \/>\n<br \/><br \/>\n<br \/><a href=\"https:\/\/exame.abril.com.br\/negocios\/fiesp-propoe-retomada-45-dias-apos-covid-19-controlada-o-que-abre-antes\/\">Fonte do Artigo <\/a><br \/>\nTags:<\/p>\n<p><a href=\"https:\/\/wiy.com.br\/noticias\/categoria\/curso-de-copy\/\">#noticias<\/a> <a href=\"https:\/\/wiy.com.br\/noticias\/categoria\/curso-de-copy\/\">#economia<\/a> <a href=\"https:\/\/wiy.com.br\/noticias\/categoria\/curso-de-copy\/\">#sustentabilidade<\/a> <a href=\"https:\/\/wiy.com.br\/noticias\/categoria\/curso-de-copy\/\">#dinheiro<\/a> <a href=\"https:\/\/wiy.com.br\/noticias\/categoria\/curso-de-copy\/\">#economia<\/a> <a href=\"https:\/\/wiy.com.br\/noticias\/categoria\/curso-de-copy\/\">#energialimpa<\/a> <a href=\"https:\/\/wiy.com.br\/noticias\/categoria\/curso-de-copy\/\">#brasil<\/a> <a href=\"https:\/\/wiy.com.br\/noticias\/categoria\/curso-de-copy\/\">#cursodecopy<\/a> <a href=\"https:\/\/wiy.com.br\/noticias\/categoria\/curso-de-copy\/\">#meioambiente<\/a> <a href=\"https:\/\/wiy.com.br\/noticias\/categoria\/curso-de-copy\/\">#hotmart<\/a> <a href=\"https:\/\/wiy.com.br\/noticias\/categoria\/curso-de-copy\/\">#empreendedorismo<\/a> <a href=\"https:\/\/wiy.com.br\/noticias\/categoria\/curso-de-copy\/\">#marketingdigital<\/a> <a href=\"https:\/\/wiy.com.br\/noticias\/categoria\/curso-de-copy\/\">#marketing digital<\/a> <a href=\"https:\/\/wiy.com.br\/noticias\/categoria\/curso-de-copy\/\">#politica<\/a> <a href=\"https:\/\/wiy.com.br\/noticias\/categoria\/curso-de-copy\/\">#energiasolarfotovoltaica<\/a> <a href=\"https:\/\/wiy.com.br\/noticias\/categoria\/curso-de-copy\/\">#textos que vendem<\/a> <a href=\"https:\/\/wiy.com.br\/noticias\/categoria\/curso-de-copy\/\">#copy de vendas<\/a> <a href=\"https:\/\/wiy.com.br\/noticias\/categoria\/curso-de-copy\/\">#sucesso<\/a> <a href=\"https:\/\/wiy.com.br\/noticias\/categoria\/curso-de-copy\/\">#financas<\/a> <a href=\"https:\/\/wiy.com.br\/noticias\/categoria\/curso-de-copy\/\">#investimentos<\/a> <a href=\"https:\/\/wiy.com.br\/noticias\/categoria\/curso-de-copy\/\">#criptomoeda<\/a> <a href=\"https:\/\/wiy.com.br\/noticias\/categoria\/curso-de-copy\/\">#ead<\/a> <a href=\"https:\/\/wiy.com.br\/noticias\/categoria\/curso-de-copy\/\">#copy download<\/a> <a href=\"https:\/\/wiy.com.br\/noticias\/categoria\/curso-de-copy\/\">#cursodecopypdf<\/a> <a href=\"https:\/\/wiy.com.br\/noticias\/categoria\/curso-de-copy\/\">#primeiravenda<\/a> <a href=\"https:\/\/wiy.com.br\/noticias\/categoria\/curso-de-copy\/\">#noticias24<\/a> <a href=\"https:\/\/curso-de-copy.wordseo.com.br\/\">#curso de copy<\/a> <a href=\"https:\/\/curso-de-copy.wordseo.com.br\/\">#curso para afiliados<\/a> <a href=\"https:\/\/curso-de-copy.wordseo.com.br\/\">#curso de copy online<\/a><\/p>\n","protected":false},"excerpt":{"rendered":"<p>A Federa\u00e7\u00e3o das Ind\u00fastrias do Estado de S\u00e3o Paulo (Fiesp) prop\u00f4s neste final de semana um plano para a retomada da atividade econ\u00f4mica em 45 dias quando as autoridades p\u00fablicas considerarem que a dissemina\u00e7\u00e3o do novo coronav\u00edrus, que causa a infec\u00e7\u00e3o respirat\u00f3ria covid-19, estiver sob controle. Em documento enviado a seus associados, a Fiesp defende [&hellip;]<\/p>\n","protected":false},"author":1,"featured_media":48453,"comment_status":"open","ping_status":"open","sticky":false,"template":"","format":"standard","meta":{"footnotes":""},"categories":[1,339],"tags":[],"class_list":["post-48452","post","type-post","status-publish","format-standard","has-post-thumbnail","hentry","category-curso-de-copy","category-negocios"],"_links":{"self":[{"href":"https:\/\/wiy.com.br\/noticias\/wp-json\/wp\/v2\/posts\/48452","targetHints":{"allow":["GET"]}}],"collection":[{"href":"https:\/\/wiy.com.br\/noticias\/wp-json\/wp\/v2\/posts"}],"about":[{"href":"https:\/\/wiy.com.br\/noticias\/wp-json\/wp\/v2\/types\/post"}],"author":[{"embeddable":true,"href":"https:\/\/wiy.com.br\/noticias\/wp-json\/wp\/v2\/users\/1"}],"replies":[{"embeddable":true,"href":"https:\/\/wiy.com.br\/noticias\/wp-json\/wp\/v2\/comments?post=48452"}],"version-history":[{"count":0,"href":"https:\/\/wiy.com.br\/noticias\/wp-json\/wp\/v2\/posts\/48452\/revisions"}],"wp:featuredmedia":[{"embeddable":true,"href":"https:\/\/wiy.com.br\/noticias\/wp-json\/wp\/v2\/media\/48453"}],"wp:attachment":[{"href":"https:\/\/wiy.com.br\/noticias\/wp-json\/wp\/v2\/media?parent=48452"}],"wp:term":[{"taxonomy":"category","embeddable":true,"href":"https:\/\/wiy.com.br\/noticias\/wp-json\/wp\/v2\/categories?post=48452"},{"taxonomy":"post_tag","embeddable":true,"href":"https:\/\/wiy.com.br\/noticias\/wp-json\/wp\/v2\/tags?post=48452"}],"curies":[{"name":"wp","href":"https:\/\/api.w.org\/{rel}","templated":true}]}}