{"id":48316,"date":"2023-02-26T15:37:17","date_gmt":"2023-02-26T18:37:17","guid":{"rendered":"https:\/\/wiy.com.br\/noticias\/paulistanos-ilustres-vivem-momentos-inspiradores-durante-a-quarentena\/"},"modified":"2020-04-17T06:58:36","modified_gmt":"2020-04-17T09:58:36","slug":"paulistanos-ilustres-vivem-momentos-inspiradores-durante-a-quarentena","status":"publish","type":"post","link":"https:\/\/wiy.com.br\/noticias\/paulistanos-ilustres-vivem-momentos-inspiradores-durante-a-quarentena\/","title":{"rendered":"Paulistanos ilustres vivem momentos inspiradores durante a quarentena"},"content":{"rendered":"<p> <br \/>\n<\/p>\n<figure><img title = \"[Tags]\"alt = \"montagem-para-o-site-8 Paulistanos ilustres vivem momentos inspiradores durante a quarentena\"decoding=\"async\" src=\"https:\/\/abrilvejasp.files.wordpress.com\/2020\/04\/montagem-para-o-site-8.png\" \/><figcaption>Cortella: home office em Higien\u00f3polis e cotidiano sem p\u00e3o na chapa<span class=\"copyright\">Foto: arquivo pessoal\/Reprodu\u00e7\u00e3o<\/span><\/figcaption><\/figure>\n<p>Desde 16 de mar\u00e7o, Mario Sergio Cortella s\u00f3 pisou tr\u00eas vezes fora do apartamento onde mora com a mulher, Claudia Hamra, em Higien\u00f3polis. As escapadas eram para que ficassem ainda mais isolados. \u201cTemos uma casa de campo perto de S\u00e3o Paulo, vamos l\u00e1 para tomar um pouco de sol. Sem contato com ningu\u00e9m, \u00e9 claro\u201d, ele explica. Na divis\u00e3o dom\u00e9stica da quarentena, o fil\u00f3sofo cozinha e lava a lou\u00e7a, enquanto Claudia faz a faxina. Ele se ressente de n\u00e3o poder encontrar a m\u00e3e, de 91 anos, moradora da regi\u00e3o. \u201cLigo todos os dias e digo: \u2018Eu te amo. E por isso n\u00e3o vou te visitar\u2019.\u201d As caminhadas pelo bairro tamb\u00e9m fazem falta. \u201cSinto uma saudade danada de um pingado com p\u00e3o na chapa, no s\u00e1bado de manh\u00e3, na padoca da Rua Aracaju.\u201d<\/p>\n<figure><img title = \"[Tags]\"alt = \"montagem-para-o-site-8 Paulistanos ilustres vivem momentos inspiradores durante a quarentena\"decoding=\"async\" src=\"https:\/\/abrilvejasp.files.wordpress.com\/2020\/04\/montagem-para-o-site-9.png\" \/><figcaption>Pascolato: caminhadas no estacionamento e v\u00eddeos para divertir os netos<span class=\"copyright\">Foto: arquivo pessoal\/Veja SP<\/span><\/figcaption><\/figure>\n<p>Nos desfiles e nos eventos sociais, Costanza Pascolato quase sempre veste roupas brancas ou pretas. A empres\u00e1ria e consultora de moda quebrou a regra durante a quarentena, vivida em seu apartamento de Higien\u00f3polis. \u201cUso sempre uma cor nova. Ajuda a deixar o dia um pouco diferente do anterior\u201d, ela explica.<\/p>\n<p>Costanza acorda \u00e0s 7 horas. Abre a janela, respira profundamente por alguns minutos, medita e faz alongamentos. S\u00f3 ent\u00e3o responde a mensagens e escreve textos. Tem evitado as not\u00edcias. \u201cA gente acaba sabendo de qualquer maneira\u201d, diz. Os exerc\u00edcios foram adaptados. A aula de pilates \u00e9 on-line. As caminhadas ganharam um cen\u00e1rio improv\u00e1vel. Todo dia, Costanza desce ao estacionamento do pr\u00e9dio (que vive vazio, porque o edif\u00edcio s\u00f3 tem oito moradores) e, de m\u00e1scara e fones de ouvido, anda por duas horas. \u201cSair na rua, nem pensar.\u201d<\/p>\n<p>Atualmente, a \u00fanica companhia \u00e9 Mariza, sua funcion\u00e1ria h\u00e1 tr\u00eas d\u00e9cadas, que passou a morar no apartamento. Para matar a saudade da fam\u00edlia, Costanza tem gravado e mandado v\u00eddeos divertidos aos netos, que vivem no exterior. \u201cLavo o cabelo em casa, porque n\u00e3o posso ir ao cabeleireiro. Fa\u00e7o filminhos de bobes e len\u00e7os coloridos, dan\u00e7ando com m\u00fasicas latino-americanas ao fundo. Eles adoram\u201d, conta.<\/p>\n<figure><img title = \"[Tags]\"alt = \"montagem-para-o-site-8 Paulistanos ilustres vivem momentos inspiradores durante a quarentena\"decoding=\"async\" src=\"https:\/\/abrilvejasp.files.wordpress.com\/2020\/04\/montagem-para-o-site-10.png\" \/><figcaption>A atriz, na casa de Itu, onde passa a quarentena: sossego, fam\u00edlia e leitura<span class=\"copyright\">Fotos: arquivo pessoal\/Veja SP<\/span><\/figcaption><\/figure>\n<p>Desde a primeira semana de mar\u00e7o, a paulistana Laura Cardoso tem se protegido da covid-19 na casa de campo da fam\u00edlia, em itu (a 100 quil\u00f4metros da capital). \u201cestou passando muito bem aqui, est\u00e1 tudo tranquilo. Mas ando triste com toda esta situa\u00e7\u00e3o que est\u00e1 acontecendo no mundo\u201d, conta a atriz. Boa parte da fam\u00edlia optou pela quarentena no interior. Junto de laura est\u00e3o duas filhas, duas netas e um bisneto. \u201caqui estamos mais protegidos das aglomera\u00e7\u00f5es. Queremos seguir as recomenda\u00e7\u00f5es dos m\u00e9dicos, dos jornais, das pessoas que entendem do assunto.\u201d<\/p>\n<p>Para preencher o tempo, Laura tem recorrido a velhos costumes que a acompanham por toda a vida. o principal \u00e9 a leitura de livros e jornais. na foto \u00e0 direita, acima, enviada \u00e0 Vejinha por seus familiares, ela devora <a href=\"https:\/\/amzn.to\/2RKutUo\"><em>Sobre a Capacidade de Amar e Outros Assuntos Po\u00e9ticos<\/em><\/a>, lan\u00e7ado no ano passado pelo autor de novelas Walcyr Carrasco. As palavras cruzadas t\u00eam sido outra distra\u00e7\u00e3o insepar\u00e1vel da artista.<\/p>\n<p>\t\t( function() {<br \/>\n\t\t\tvar func = function() {<br \/>\n\t\t\t\tvar iframe_form = document.getElementById(&#8216;wpcom-iframe-form-b22e1717e960cdf501d0cef7862c7141-5e997dc86f930&#8217;);<br \/>\n\t\t\t\tvar iframe = document.getElementById(&#8216;wpcom-iframe-b22e1717e960cdf501d0cef7862c7141-5e997dc86f930&#8217;);<br \/>\n\t\t\t\tif ( iframe_form &amp;&amp; iframe ) {<br \/>\n\t\t\t\t\tiframe_form.submit();<br \/>\n\t\t\t\t\tiframe.onload = function() {<br \/>\n\t\t\t\t\t\tiframe.contentWindow.postMessage( {<br \/>\n\t\t\t\t\t\t\t&#8216;msg_type&#8217;: &#8216;poll_size&#8217;,<br \/>\n\t\t\t\t\t\t\t&#8216;frame_id&#8217;: &#8216;wpcom-iframe-b22e1717e960cdf501d0cef7862c7141-5e997dc86f930&#8217;<br \/>\n\t\t\t\t\t\t}, window.location.protocol + &#8216;\/\/wpcomwidgets.com&#8217; );<br \/>\n\t\t\t\t\t}<br \/>\n\t\t\t\t}<\/p>\n<p>\t\t\t\t\/\/ Autosize iframe<br \/>\n\t\t\t\tvar funcSizeResponse = function( e ) {<br \/>\n\t\t\t\t\tvar origin = document.createElement( &#8216;a&#8217; );<br \/>\n\t\t\t\t\torigin.href = e.origin;<\/p>\n<p>\t\t\t\t\t\/\/ Verify message origin<br \/>\n\t\t\t\t\tif ( &#8216;wpcomwidgets.com&#8217; !== origin.host )<br \/>\n\t\t\t\t\t\treturn;<\/p>\n<p>\t\t\t\t\t\/\/ Verify message is in a format we expect<br \/>\n\t\t\t\t\tif ( &#8216;object&#8217; !== typeof e.data || undefined === e.data.msg_type )<br \/>\n\t\t\t\t\t\treturn;<\/p>\n<p>\t\t\t\t\tswitch ( e.data.msg_type ) {<br \/>\n\t\t\t\t\t\tcase &#8216;poll_size:response&#8217;:<br \/>\n\t\t\t\t\t\t\tvar iframe = document.getElementById( e.data._request.frame_id );<\/p>\n<p>\t\t\t\t\t\t\tif ( iframe &amp;&amp; &#8221; === iframe.width )<br \/>\n\t\t\t\t\t\t\t\tiframe.width = &#8216;100%&#8217;;<br \/>\n\t\t\t\t\t\t\tif ( iframe &amp;&amp; &#8221; === iframe.height )<br \/>\n\t\t\t\t\t\t\t\tiframe.height = parseInt( e.data.height );<\/p>\n<p>\t\t\t\t\t\t\treturn;<br \/>\n\t\t\t\t\t\tdefault:<br \/>\n\t\t\t\t\t\t\treturn;<br \/>\n\t\t\t\t\t}<br \/>\n\t\t\t\t}<\/p>\n<p>\t\t\t\tif ( &#8216;function&#8217; === typeof window.addEventListener ) {<br \/>\n\t\t\t\t\twindow.addEventListener( &#8216;message&#8217;, funcSizeResponse, false );<br \/>\n\t\t\t\t} else if ( &#8216;function&#8217; === typeof window.attachEvent ) {<br \/>\n\t\t\t\t\twindow.attachEvent( &#8216;onmessage&#8217;, funcSizeResponse );<br \/>\n\t\t\t\t}<br \/>\n\t\t\t}<br \/>\n\t\t\tif (document.readyState === &#8216;complete&#8217;) { func.apply(); \/* compat for infinite scroll *\/ }<br \/>\n\t\t\telse if ( document.addEventListener ) { document.addEventListener( &#8216;readystatechange&#8217;, function(){<br \/>\nif (document.readyState === &#8216;complete&#8217;) {<br \/>\nfunc.apply();<br \/>\n}<br \/>\n},  false ); }<br \/>\n\t\t\telse if ( document.attachEvent ) { document.attachEvent( &#8216;onreadystatechange&#8217;, func ); }<br \/>\n\t\t} )();<\/p>\n<p>Al\u00e9m disso, Laura aproveita a companhia do bisneto Fernando, 19. Eles cozinham juntos \u2014 Laura gosta de ensinar-lhe os truques das receitas \u2014 e saem para passear no pomar vizinho \u00e0 casa. \u201cEle \u00e9 a paix\u00e3o dela. Se algu\u00e9m quiser saber por onde anda a Laura, basta procurar o Fernando\u201d, diz Adriana Balleroni, neta da artista e m\u00e3e de Fernando.<\/p>\n<p>A presen\u00e7a da fam\u00edlia \u00e9 um al\u00edvio, mas n\u00e3o anula a esquisita sensa\u00e7\u00e3o de isolamento da quarentena. \u201csinto muita falta de ver as pessoas, de conversar na rua, de ir a uma livraria. eu gosto muito da rua\u201d, revela Laura.<\/p>\n<p>\u201cVamos seguir por aqui at\u00e9 passar esta epidemia\u201d, afirma Adriana \u2014 que ficou isolada por catorze dias antes de viajar para o s\u00edtio, ap\u00f3s casos da Covid-19 serem confirmados no banco onde ela trabalha.<\/p>\n<p>Laura, com a sabedoria de quem tanto j\u00e1 viu, n\u00e3o se queixa das restri\u00e7\u00f5es \u2014 e mant\u00e9m a esperan\u00e7a. \u201cTemos de seguir o que est\u00e3o dizendo as pessoas da (\u00e1rea da) sa\u00fade e ficar em casa. Daqui a pouco, tudo volta. Sempre volta\u201d, ela ensina.<\/p>\n<figure><img title = \"[Tags]\"alt = \"montagem-para-o-site-8 Paulistanos ilustres vivem momentos inspiradores durante a quarentena\"decoding=\"async\" src=\"https:\/\/abrilvejasp.files.wordpress.com\/2020\/04\/montagem-para-o-site-14.png\" \/><figcaption>&lt;span class=&quot;hidden&quot;&gt;&#8211;&lt;\/span&gt;<span class=\"copyright\">Foto: arquivo pessoal\/Veja SP<\/span><\/figcaption><\/figure>\n<p>\u201cEstou de roupa de ficar em casa, de pijama\u201d, diz tom Z\u00e9 ao telefone. o m\u00fasico encara a quarentena em Perdizes, no apartamento onde mora com a esposa, Neusa Martins, 79. Ele anda atarefado. Corre para terminar composi\u00e7\u00f5es da pe\u00e7a L\u00edngua Brasileira, de Felipe Hirsch \u2014 que estrearia em mar- \u00e7o, n\u00e3o fosse o coronav\u00edrus. O espet\u00e1culo tinha duas can\u00e7\u00f5es de tom Z\u00e9, mas o adiamento fez Hirsch espichar a parceria. \u201cEle me pediu cinco temas. Trabalho manh\u00e3, tarde e noite.\u201d<\/p>\n<p>Sem a companhia de outros m\u00fasicos, tom Z\u00e9 recorre aos meios digitais para criar os arranjos. \u201cO Daniel Maia, com quem sempre toco, acaba de me mandar dez playbacks pelo celular. A\u00ed a Neusa liga para a T\u00e2nia, nossa secret\u00e1ria, que \u00e9 quem entende de tecnologia, e ela ensina como tirar do computador&#8221;, ele conta.<\/p>\n<p>O compositor tamb\u00e9m precisou retomar um velho costume: pegar o viol\u00e3o. \u201cFazia tempo que eu n\u00e3o tocava. Agora, tenho feito eu mesmo o acompanhamento de algumas composi\u00e7\u00f5es. Dia desses, eu me vi em um programa da TV Cultura e pensei: meu deus, como eu tocava!\u201d, diverte-se.<\/p>\n<p>Mesmo ocupado, Tom Z\u00e9 sente falta da vida social do per\u00edodo a.C. (ou antes do corona- v\u00edrus). \u201cEu sa\u00eda, virava, mexia, encontrava os amigos, ia ao teatro, ao cinema\u201d, relembra.<\/p>\n<p>Talvez sintoma do isolamento, a entrevista se transforma em uma demorada conversa ao telefone. Tom Z\u00e9 percorre a inf\u00e2ncia em Irar\u00e1 (Ba), a ditadura militar, os livros que mudaram sua vida. ao final, uma despedida t\u00edpica dos tempos da quarentena: \u201cPode colocar na reportagem: uma das distra\u00e7\u00f5es do per\u00edodo foi voc\u00ea ter ligado&#8221;<\/p>\n<figure><img title = \"[Tags]\"alt = \"montagem-para-o-site-8 Paulistanos ilustres vivem momentos inspiradores durante a quarentena\"decoding=\"async\" src=\"https:\/\/abrilvejasp.files.wordpress.com\/2020\/04\/montagem-para-o-site-11.png\" \/><figcaption>Trabalho e liga\u00e7\u00f5es para amigos: Delfim em quarentena<span class=\"copyright\">Foto: arquivo pessoal\/Veja SP<\/span><\/figcaption><\/figure>\n<p>Delfim Netto parece preocupado. \u201cTenho tomado muito cuidado, extremo cuidado\u201d, ele diz, a voz s\u00e9ria e circunspecta. Depois, frasista incorrig\u00edvel, deixa escapar uma risada e completa: \u201cEu me escondo do bichinho at\u00e9 no banheiro!\u201d.<\/p>\n<p>O ex-ministro conta (agora a s\u00e9rio) que tem se mantido totalmente isolado no apartamento em frente ao Clube Pinheiros, onde vive com a fam\u00edlia. \u201cTrabalho o tempo todo. Leio, escrevo, publico artigos\u201d, afirma.<\/p>\n<p>Delfim n\u00e3o \u00e9 afeito a reuni\u00f5es virtuais. \u201cSou um troglodita em tecnologia. Tenho dificuldade. Falo com os amigos s\u00f3 pelo telefone\u201d, explica. \u201cMas converso bastante com eles. N\u00e3o me sinto sozinho. A conversa fica mais pobre, \u00e9 claro. No restaurante \u00e9 muito mais agrad\u00e1vel falar da vida alheia e reclamar do governo\u201d, brinca.<\/p>\n<p>Entre as leituras da quarentena, o economista recomenda <a href=\"https:\/\/amzn.to\/2VxElC4\"><em>The Rules of Contagion<\/em><\/a> (As regras do cont\u00e1gio), de Adam Kucharski. \u201cEle \u00e9 matem\u00e1tico e epidemiologista. Mostra como as epidemias surgem, produzem seus efeitos e por fim v\u00e3o embora\u201d, Delfim indica. \u201cAo final, voc\u00ea se convence de que (as epidemias) s\u00e3o parte da din\u00e2mica do homem\u201d, conclui.<\/p>\n<p>\t\t( function() {<br \/>\n\t\t\tvar func = function() {<br \/>\n\t\t\t\tvar iframe_form = document.getElementById(&#8216;wpcom-iframe-form-e12d058162b184eb04701fa879f08e63-5e997dc870059&#8217;);<br \/>\n\t\t\t\tvar iframe = document.getElementById(&#8216;wpcom-iframe-e12d058162b184eb04701fa879f08e63-5e997dc870059&#8217;);<br \/>\n\t\t\t\tif ( iframe_form &amp;&amp; iframe ) {<br \/>\n\t\t\t\t\tiframe_form.submit();<br \/>\n\t\t\t\t\tiframe.onload = function() {<br \/>\n\t\t\t\t\t\tiframe.contentWindow.postMessage( {<br \/>\n\t\t\t\t\t\t\t&#8216;msg_type&#8217;: &#8216;poll_size&#8217;,<br \/>\n\t\t\t\t\t\t\t&#8216;frame_id&#8217;: &#8216;wpcom-iframe-e12d058162b184eb04701fa879f08e63-5e997dc870059&#8217;<br \/>\n\t\t\t\t\t\t}, window.location.protocol + &#8216;\/\/wpcomwidgets.com&#8217; );<br \/>\n\t\t\t\t\t}<br \/>\n\t\t\t\t}<\/p>\n<p>\t\t\t\t\/\/ Autosize iframe<br \/>\n\t\t\t\tvar funcSizeResponse = function( e ) {<br \/>\n\t\t\t\t\tvar origin = document.createElement( &#8216;a&#8217; );<br \/>\n\t\t\t\t\torigin.href = e.origin;<\/p>\n<p>\t\t\t\t\t\/\/ Verify message origin<br \/>\n\t\t\t\t\tif ( &#8216;wpcomwidgets.com&#8217; !== origin.host )<br \/>\n\t\t\t\t\t\treturn;<\/p>\n<p>\t\t\t\t\t\/\/ Verify message is in a format we expect<br \/>\n\t\t\t\t\tif ( &#8216;object&#8217; !== typeof e.data || undefined === e.data.msg_type )<br \/>\n\t\t\t\t\t\treturn;<\/p>\n<p>\t\t\t\t\tswitch ( e.data.msg_type ) {<br \/>\n\t\t\t\t\t\tcase &#8216;poll_size:response&#8217;:<br \/>\n\t\t\t\t\t\t\tvar iframe = document.getElementById( e.data._request.frame_id );<\/p>\n<p>\t\t\t\t\t\t\tif ( iframe &amp;&amp; &#8221; === iframe.width )<br \/>\n\t\t\t\t\t\t\t\tiframe.width = &#8216;100%&#8217;;<br \/>\n\t\t\t\t\t\t\tif ( iframe &amp;&amp; &#8221; === iframe.height )<br \/>\n\t\t\t\t\t\t\t\tiframe.height = parseInt( e.data.height );<\/p>\n<p>\t\t\t\t\t\t\treturn;<br \/>\n\t\t\t\t\t\tdefault:<br \/>\n\t\t\t\t\t\t\treturn;<br \/>\n\t\t\t\t\t}<br \/>\n\t\t\t\t}<\/p>\n<p>\t\t\t\tif ( &#8216;function&#8217; === typeof window.addEventListener ) {<br \/>\n\t\t\t\t\twindow.addEventListener( &#8216;message&#8217;, funcSizeResponse, false );<br \/>\n\t\t\t\t} else if ( &#8216;function&#8217; === typeof window.attachEvent ) {<br \/>\n\t\t\t\t\twindow.attachEvent( &#8216;onmessage&#8217;, funcSizeResponse );<br \/>\n\t\t\t\t}<br \/>\n\t\t\t}<br \/>\n\t\t\tif (document.readyState === &#8216;complete&#8217;) { func.apply(); \/* compat for infinite scroll *\/ }<br \/>\n\t\t\telse if ( document.addEventListener ) { document.addEventListener( &#8216;readystatechange&#8217;, function(){<br \/>\nif (document.readyState === &#8216;complete&#8217;) {<br \/>\nfunc.apply();<br \/>\n}<br \/>\n},  false ); }<br \/>\n\t\t\telse if ( document.attachEvent ) { document.attachEvent( &#8216;onreadystatechange&#8217;, func ); }<br \/>\n\t\t} )();<\/p>\n<figure><img title = \"[Tags]\"alt = \"montagem-para-o-site-8 Paulistanos ilustres vivem momentos inspiradores durante a quarentena\"decoding=\"async\" src=\"https:\/\/abrilvejasp.files.wordpress.com\/2020\/04\/montagem-para-o-site-12.png\" \/><figcaption>O economista (ao centro): live na P\u00e1scoa com a fam\u00edlia<span class=\"copyright\">Foto: arquivo pessoal\/Veja SP<\/span><\/figcaption><\/figure>\n<p>A quarentena deu a Roberto Teixeira da Costa a oportunidade de usufruir uma fazenda \u201cesquecida\u201d nas \u00faltimas d\u00e9cadas. Pioneiro do mercado financeiro brasileiro e fundador da Comiss\u00e3o de Valores Mobili\u00e1rios (\u00f3rg\u00e3o que regula o setor), ele se encontra isolado, junto da esposa, em um s\u00edtio em Reden\u00e7\u00e3o da Serra, cidade pr\u00f3xima a Taubat\u00e9. \u201cEra uma fazenda da \u00e9poca do caf\u00e9, que comprei trinta anos atr\u00e1s e restaurei. Sempre tive paix\u00e3o por fazendas antigas. Mas, nessas tr\u00eas d\u00e9cadas, o per\u00edodo m\u00e1ximo que passei aqui tinha sido de uma semana. Agora, estou h\u00e1 mais de um m\u00eas\u201d, conta.<\/p>\n<p>Outra oportunidade que resultou da quarentena: salvar um livro que por pouco n\u00e3o \u201cnasceu velho\u201d. Roberto, tamb\u00e9m especialista em rela\u00e7\u00f5es in- ternacionais, estava prestes a lan\u00e7ar <em>Por que o Brasil Tem Medo do Mundo?<\/em>. \u201cEu tinha passado um ano escrevendo, a obra estava em revis\u00e3o final. Mas as rela\u00e7\u00f5es entre os pa\u00edses agora precisam ser repensadas de acordo com a realidade p\u00f3s-pandemia\u201d, ele explica. \u201cFelizmente, estou tendo a chance de atualizar o texto.\u201d<\/p>\n<p>Nos \u00faltimos anos, o economista trabalhava em um escrit\u00f3rio alugado na esquina da Rua Fern\u00e3o Cardim com a Alameda Joaquim Eug\u00eanio de Lima, nos Jardins. Agora, apesar do cen\u00e1rio mais buc\u00f3lico, tenta seguir uma rotina parecida. \u201cTenho mantido os hor\u00e1rios e trabalhado bastante, por causa do livro\u201d, diz. \u201cO chato \u00e9 n\u00e3o ver os filhos e netos, que est\u00e3o em S\u00e3o Paulo.\u201d<\/p>\n<figure><img title = \"[Tags]\"alt = \"montagem-para-o-site-8 Paulistanos ilustres vivem momentos inspiradores durante a quarentena\"decoding=\"async\" src=\"https:\/\/abrilvejasp.files.wordpress.com\/2020\/04\/montagem-para-o-site-13.png\" \/><figcaption>Rivellino e o filho Rodrigo: \u201cNa ch\u00e1cara, sempre tem alguma coisa para fazer\u201d<span class=\"copyright\">Foto: arquivo pessoal\/Veja SP<\/span><\/figcaption><\/figure>\n<p>Em 1975, com duas Copas e um t\u00edtulo mundial na bagagem, Roberto Rivellino comprou uma ch\u00e1cara em Vinhedo, a 75 quil\u00f4metros da capital paulista. Dois anos atr\u00e1s, o ex-jogador realizou um sonho: deixou de vez o bairro do Campo Belo e se mudou para a propriedade. De l\u00e1 para c\u00e1, s\u00f3 viaja a S\u00e3o Paulo \u00e0s segundas e ter\u00e7as, para gravar programas de TV e resolver compromissos. \u00c9 na ch\u00e1cara que Rivellino tem passado a quarentena, na companhia dos filhos Rodrigo (foto) e M\u00e1rcio. \u201cN\u00e3o saio daqui, meus filhos n\u00e3o deixam. Mas est\u00e1 tudo tranquilo, sem problema nenhum\u201d, diz o craque.<\/p>\n<p>Pelas manh\u00e3s, Rivellino faz de vinte a trinta minutos de esteira. Precisa pegar leve, porque se recupera de uma cirurgia na coluna, realizada em maio do ano passado. Consegue alongar-se e erguer alguns pesos. Depois, cuida dos passarinhos da ch\u00e1cara, um antigo hobby do ex-jogador. \u201cAgora n\u00e3o \u00e9 uma \u00e9poca boa, eles mudam as penas e ficam sem cantar\u201d, explica. Tamb\u00e9m tem se dedicado \u00e0 horta org\u00e2nica montada pelo filho. \u201cEu apanho lim\u00e3o para fazer suco de manh\u00e3, pego ovos das galinhas caipiras. Sempre tem alguma coisa para fazer, n\u00e9?\u201d, conta.<\/p>\n<p>Nas tardes, churrasco e cerveja s\u00e3o as distra\u00e7\u00f5es preferidas. \u00c0s vezes, ele tamb\u00e9m assiste aos jogos antigos que as TVs t\u00eam reprisado na quarentena. \u201cGosto de ver, mas s\u00f3 os jogos dos outros. Nunca gostei de me ver em campo.\u201d<\/p>\n<p><a href=\"http:\/\/abr.ai\/2VDiWrp.\"><strong>Assine a Vejinha a partir de 6,90<\/strong><\/a><\/p>\n<p>&nbsp;<\/p>\n<p>&nbsp;<\/p>\n<p>&nbsp;<\/p>\n<p>&nbsp;<\/p>\n<p><br \/>\n<br \/><a href=\"https:\/\/vejasp.abril.com.br\/cidades\/paulistanos-ilustres-vivem-momentos-inspiradores-durante-a-quarentena\/\">Fonte do Artigo <\/a><br \/>\nTags:<br \/>\n#loterias #loteriascaixa #megasena #resultadoapostas#noticias #noticiario  #noticia #brasil #noticiascolombia #mundo #esporte #colombia #noticiadeld #ltimasnoticias  #noticiario #noticiasregionales #noticiasdepartamentales #noticiashoy #esportes #noticiaahora #elinformantenoticias #noticiasdeboyac  #esporteinterativo #esportivo #diariodosesportes  #noticiero  #jogodefutebol #jogos #loto #apostas<\/p>\n","protected":false},"excerpt":{"rendered":"<p>Cortella: home office em Higien\u00f3polis e cotidiano sem p\u00e3o na chapaFoto: arquivo pessoal\/Reprodu\u00e7\u00e3o Desde 16 de mar\u00e7o, Mario Sergio Cortella s\u00f3 pisou tr\u00eas vezes fora do apartamento onde mora com a mulher, Claudia Hamra, em Higien\u00f3polis. As escapadas eram para que ficassem ainda mais isolados. \u201cTemos uma casa de campo perto de S\u00e3o Paulo, vamos [&hellip;]<\/p>\n","protected":false},"author":1,"featured_media":48317,"comment_status":"open","ping_status":"open","sticky":false,"template":"","format":"standard","meta":{"footnotes":""},"categories":[1],"tags":[],"class_list":["post-48316","post","type-post","status-publish","format-standard","has-post-thumbnail","hentry","category-curso-de-copy"],"_links":{"self":[{"href":"https:\/\/wiy.com.br\/noticias\/wp-json\/wp\/v2\/posts\/48316","targetHints":{"allow":["GET"]}}],"collection":[{"href":"https:\/\/wiy.com.br\/noticias\/wp-json\/wp\/v2\/posts"}],"about":[{"href":"https:\/\/wiy.com.br\/noticias\/wp-json\/wp\/v2\/types\/post"}],"author":[{"embeddable":true,"href":"https:\/\/wiy.com.br\/noticias\/wp-json\/wp\/v2\/users\/1"}],"replies":[{"embeddable":true,"href":"https:\/\/wiy.com.br\/noticias\/wp-json\/wp\/v2\/comments?post=48316"}],"version-history":[{"count":0,"href":"https:\/\/wiy.com.br\/noticias\/wp-json\/wp\/v2\/posts\/48316\/revisions"}],"wp:featuredmedia":[{"embeddable":true,"href":"https:\/\/wiy.com.br\/noticias\/wp-json\/wp\/v2\/media\/48317"}],"wp:attachment":[{"href":"https:\/\/wiy.com.br\/noticias\/wp-json\/wp\/v2\/media?parent=48316"}],"wp:term":[{"taxonomy":"category","embeddable":true,"href":"https:\/\/wiy.com.br\/noticias\/wp-json\/wp\/v2\/categories?post=48316"},{"taxonomy":"post_tag","embeddable":true,"href":"https:\/\/wiy.com.br\/noticias\/wp-json\/wp\/v2\/tags?post=48316"}],"curies":[{"name":"wp","href":"https:\/\/api.w.org\/{rel}","templated":true}]}}