{"id":48253,"date":"2023-02-26T15:29:56","date_gmt":"2023-02-26T18:29:56","guid":{"rendered":"https:\/\/wiy.com.br\/noticias\/justica-federal-impede-que-bancos-aumentem-taxa-de-juros-durante-pandemia\/"},"modified":"2020-04-16T00:08:26","modified_gmt":"2020-04-16T03:08:26","slug":"justica-federal-impede-que-bancos-aumentem-taxa-de-juros-durante-pandemia","status":"publish","type":"post","link":"https:\/\/wiy.com.br\/noticias\/justica-federal-impede-que-bancos-aumentem-taxa-de-juros-durante-pandemia\/","title":{"rendered":"Justi\u00e7a Federal impede que bancos aumentem taxa de juros durante pandemia"},"content":{"rendered":"<p> <br \/>\n<\/p>\n<div id=\"post-3449119\">\n<figure class=\"featured-media media-open\"><img title = \"[Tags]\"data-src=\"https:\/\/abrilveja.files.wordpress.com\/2020\/04\/logos-itac3ba-bradesco-e-santander-gustavo-luizon-veja.com-e-sergio-moraes-reuters.jpg\" class=\"abril-image optimized lazyload\" abril-data-id=\"3449119\"  data- data-pin-nopin=\"false\"alt = \"logos-itac3ba-bradesco-e-santander-gustavo-luizon-veja.com-e-sergio-moraes-reuters Justi\u00e7a Federal impede que bancos aumentem taxa de juros durante pandemia\"\/><figcaption class=\"caption\">As tr\u00eas grandes estrelas do setor banc\u00e1rio no Brasil: dinheiro bem guardado\u00a0Gustavo Luizon\/Veja.com e Sergio Moraes\/Reuters\/VEJA.com<\/figcaption><\/figure>\n<section class=\"content\">\n<p>A Justi\u00e7a Federal no Distrito Federal deu uma decis\u00e3o nesta quarta-feira que impede que todas institui\u00e7\u00f5es do Sistema Financeiro Nacional aumentem a taxa de juros ou intensifiquem exig\u00eancias para a concess\u00e3o de cr\u00e9dito no momento da pandemia do coronav\u00edrus.<\/p>\n<p>A decis\u00e3o, do juiz Renato Borelli, foi dada em uma a\u00e7\u00e3o popular apresentada pelo presidente do PDT, Carlos Lupi.\u00a0 No pedido, o pol\u00edtico argumenta que o Banco Central adotou medidas como a libera\u00e7\u00e3o do fluxo de caixa dos bancos, mas que a institui\u00e7\u00f5es n\u00e3o utilizaram essa libera\u00e7\u00e3o de ativos para dar mais cr\u00e9dito para o mercado nacional, causando um \u201cempo\u00e7amento no sistema financeiro\u201d.<\/p>\n<p>\u201cEntendo que a inexist\u00eancia de vincula\u00e7\u00e3o entre a diminui\u00e7\u00e3o do percentual da al\u00edquota do recolhimento compuls\u00f3rio imposto \u00e0s institui\u00e7\u00f5es do SFN, sem o repasse de cr\u00e9dito para a comunidade, imp\u00f5e a interven\u00e7\u00e3o do Poder Judici\u00e1rio, no intuito de garantir que o ato administrativo atinja seu objetivo, permitindo a amplia\u00e7\u00e3o dos recursos dispon\u00edveis para empr\u00e9stimos nos bancos\u201d, afirmou o magistrado na decis\u00e3o.<\/p>\n<p>O juiz determinou, tamb\u00e9m, que o Banco Central adote medidas para condicionar a concess\u00e3o dos benef\u00edcios de liquidez, provenientes da redu\u00e7\u00e3o do percentual dos recolhimentos compuls\u00f3rios,\u201d\u00e0 efetiva apresenta\u00e7\u00e3o de novas linhas e carteiras de cr\u00e9ditos a favor do mercado produtivo interno por parte dos bancos a serem beneficiados\u201d.<\/p>\n<div class=\"ads post-ads\"><span class=\"title\" style=\"display:block\">Continua ap\u00f3s a publicidade<\/span><\/div>\n<p>\u00a0<\/p>\n<\/section><\/div>\n<p><br \/>\n<br \/><a href=\"https:\/\/veja.abril.com.br\/blog\/radar\/justica-federal-impede-que-bancos-aumentem-taxa-de-juros-durante-pandemia\/\">Fonte do Artigo<\/a><br \/>\nTags: <\/p>\n<p><a title=\"IBJE\" href=\"https:\/\/ibge.gov.br\/\">#IBJE<\/a> <a title=\"FGV\" href=\"https:\/\/portal.fgv.br\/\">#FGV<\/a> <a title=\"LOTOFACIL\" href=\"http:\/\/loterias.caixa.gov.br\/wps\/portal\/loterias\/landing\/lotofacil\/\">#LOTOFACIL<\/a> <a title=\"TINDER\" href=\"https:\/\/tinder.com\/?lang=pt-BR\">#TINDER<\/a> <a title=\"GMAILGOOGLE\" href=\"https:\/\/mail.google.com\">#GMAILGOOGLE<\/a> <a title=\"TIKTOK\" href=\"https:\/\/www.tiktok.com\/pt_BR\/\">#TIKTOK<\/a><\/p>\n","protected":false},"excerpt":{"rendered":"<p>As tr\u00eas grandes estrelas do setor banc\u00e1rio no Brasil: dinheiro bem guardado\u00a0Gustavo Luizon\/Veja.com e Sergio Moraes\/Reuters\/VEJA.com A Justi\u00e7a Federal no Distrito Federal deu uma decis\u00e3o nesta quarta-feira que impede que todas institui\u00e7\u00f5es do Sistema Financeiro Nacional aumentem a taxa de juros ou intensifiquem exig\u00eancias para a concess\u00e3o de cr\u00e9dito no momento da pandemia do coronav\u00edrus. [&hellip;]<\/p>\n","protected":false},"author":1,"featured_media":48254,"comment_status":"open","ping_status":"open","sticky":false,"template":"","format":"standard","meta":{"footnotes":""},"categories":[7],"tags":[],"class_list":["post-48253","post","type-post","status-publish","format-standard","has-post-thumbnail","hentry","category-economia"],"_links":{"self":[{"href":"https:\/\/wiy.com.br\/noticias\/wp-json\/wp\/v2\/posts\/48253","targetHints":{"allow":["GET"]}}],"collection":[{"href":"https:\/\/wiy.com.br\/noticias\/wp-json\/wp\/v2\/posts"}],"about":[{"href":"https:\/\/wiy.com.br\/noticias\/wp-json\/wp\/v2\/types\/post"}],"author":[{"embeddable":true,"href":"https:\/\/wiy.com.br\/noticias\/wp-json\/wp\/v2\/users\/1"}],"replies":[{"embeddable":true,"href":"https:\/\/wiy.com.br\/noticias\/wp-json\/wp\/v2\/comments?post=48253"}],"version-history":[{"count":0,"href":"https:\/\/wiy.com.br\/noticias\/wp-json\/wp\/v2\/posts\/48253\/revisions"}],"wp:featuredmedia":[{"embeddable":true,"href":"https:\/\/wiy.com.br\/noticias\/wp-json\/wp\/v2\/media\/48254"}],"wp:attachment":[{"href":"https:\/\/wiy.com.br\/noticias\/wp-json\/wp\/v2\/media?parent=48253"}],"wp:term":[{"taxonomy":"category","embeddable":true,"href":"https:\/\/wiy.com.br\/noticias\/wp-json\/wp\/v2\/categories?post=48253"},{"taxonomy":"post_tag","embeddable":true,"href":"https:\/\/wiy.com.br\/noticias\/wp-json\/wp\/v2\/tags?post=48253"}],"curies":[{"name":"wp","href":"https:\/\/api.w.org\/{rel}","templated":true}]}}