{"id":48112,"date":"2023-02-26T15:01:55","date_gmt":"2023-02-26T18:01:55","guid":{"rendered":"https:\/\/wiy.com.br\/noticias\/trabalho-do-inss-para-zerar-filas-de-aposentadorias-segue-lento\/"},"modified":"2020-04-14T00:44:39","modified_gmt":"2020-04-14T03:44:39","slug":"trabalho-do-inss-para-zerar-filas-de-aposentadorias-segue-lento","status":"publish","type":"post","link":"https:\/\/wiy.com.br\/noticias\/trabalho-do-inss-para-zerar-filas-de-aposentadorias-segue-lento\/","title":{"rendered":"Trabalho do INSS para zerar filas de aposentadorias segue lento"},"content":{"rendered":"<p> <br \/>\n<\/p>\n<div id=\"post-3444417\">\n<figure class=\"featured-media media-open\"><img title = \"[Tags]\"data-src=\"https:\/\/abrilveja.files.wordpress.com\/2019\/02\/inss-fila_9577-ok.jpg.jpg\" class=\"abril-image optimized lazyload\" abril-data-id=\"3444417\"  data- data-pin-nopin=\"false\"alt = \"inss-fila_9577-ok.jpg Trabalho do INSS para zerar filas de aposentadorias segue lento\"\/><figcaption class=\"caption\">ROTINA -\u2002Fila em ag\u00eancia do INSS: nada muda para quem j\u00e1 se aposentou\u00a0Claudio Gatti\/.<\/figcaption><\/figure>\n<section class=\"content\">\n<p>Sabe aqueles milh\u00f5es de brasileiros que estavam entulhados em filas gigantescas do INSS para conseguir obter o direito de se aposentar? Continuam esquecidos na crise. Quem acompanha a rotina no \u00f3rg\u00e3o diz que o trabalho segue lento quase parando.<\/p>\n<p>Na semana passada, Leonardo Rolim, o novo presidente do \u00f3rg\u00e3o, admitiu que 1,8 milh\u00e3o de brasileiros ainda esperam resposta do \u00f3rg\u00e3o. Sabe quando tempo ele estima que levar\u00e1 para atender esse pessoal? De quatro a seis meses.<\/p>\n<p>\u00a0<\/p>\n<\/section><\/div>\n<p><br \/>\n<br \/><a href=\"https:\/\/veja.abril.com.br\/blog\/radar\/trabalho-do-inss-para-zerar-filas-de-aposentadorias-segue-lento\/\">Fonte do Artigo<\/a><br \/>\nTags: <\/p>\n<p><a title=\"IBJE\" href=\"https:\/\/ibge.gov.br\/\">#IBJE<\/a> <a title=\"FGV\" href=\"https:\/\/portal.fgv.br\/\">#FGV<\/a> <a title=\"LOTOFACIL\" href=\"http:\/\/loterias.caixa.gov.br\/wps\/portal\/loterias\/landing\/lotofacil\/\">#LOTOFACIL<\/a> <a title=\"TINDER\" href=\"https:\/\/tinder.com\/?lang=pt-BR\">#TINDER<\/a> <a title=\"GMAILGOOGLE\" href=\"https:\/\/mail.google.com\">#GMAILGOOGLE<\/a> <a title=\"TIKTOK\" href=\"https:\/\/www.tiktok.com\/pt_BR\/\">#TIKTOK<\/a><\/p>\n","protected":false},"excerpt":{"rendered":"<p>ROTINA -\u2002Fila em ag\u00eancia do INSS: nada muda para quem j\u00e1 se aposentou\u00a0Claudio Gatti\/. Sabe aqueles milh\u00f5es de brasileiros que estavam entulhados em filas gigantescas do INSS para conseguir obter o direito de se aposentar? Continuam esquecidos na crise. Quem acompanha a rotina no \u00f3rg\u00e3o diz que o trabalho segue lento quase parando. Na semana [&hellip;]<\/p>\n","protected":false},"author":1,"featured_media":43541,"comment_status":"open","ping_status":"open","sticky":false,"template":"","format":"standard","meta":{"footnotes":""},"categories":[7],"tags":[],"class_list":["post-48112","post","type-post","status-publish","format-standard","has-post-thumbnail","hentry","category-economia"],"_links":{"self":[{"href":"https:\/\/wiy.com.br\/noticias\/wp-json\/wp\/v2\/posts\/48112","targetHints":{"allow":["GET"]}}],"collection":[{"href":"https:\/\/wiy.com.br\/noticias\/wp-json\/wp\/v2\/posts"}],"about":[{"href":"https:\/\/wiy.com.br\/noticias\/wp-json\/wp\/v2\/types\/post"}],"author":[{"embeddable":true,"href":"https:\/\/wiy.com.br\/noticias\/wp-json\/wp\/v2\/users\/1"}],"replies":[{"embeddable":true,"href":"https:\/\/wiy.com.br\/noticias\/wp-json\/wp\/v2\/comments?post=48112"}],"version-history":[{"count":0,"href":"https:\/\/wiy.com.br\/noticias\/wp-json\/wp\/v2\/posts\/48112\/revisions"}],"wp:featuredmedia":[{"embeddable":true,"href":"https:\/\/wiy.com.br\/noticias\/wp-json\/wp\/v2\/media\/43541"}],"wp:attachment":[{"href":"https:\/\/wiy.com.br\/noticias\/wp-json\/wp\/v2\/media?parent=48112"}],"wp:term":[{"taxonomy":"category","embeddable":true,"href":"https:\/\/wiy.com.br\/noticias\/wp-json\/wp\/v2\/categories?post=48112"},{"taxonomy":"post_tag","embeddable":true,"href":"https:\/\/wiy.com.br\/noticias\/wp-json\/wp\/v2\/tags?post=48112"}],"curies":[{"name":"wp","href":"https:\/\/api.w.org\/{rel}","templated":true}]}}