{"id":48065,"date":"2023-02-26T14:54:33","date_gmt":"2023-02-26T17:54:33","guid":{"rendered":"https:\/\/wiy.com.br\/noticias\/itau-primeira-responsabilidade-das-empresas-e-cuidar-do-pais\/"},"modified":"2020-04-13T13:47:05","modified_gmt":"2020-04-13T16:47:05","slug":"itau-primeira-responsabilidade-das-empresas-e-cuidar-do-pais","status":"publish","type":"post","link":"https:\/\/wiy.com.br\/noticias\/itau-primeira-responsabilidade-das-empresas-e-cuidar-do-pais\/","title":{"rendered":"Ita\u00fa: primeira responsabilidade das empresas \u00e9 cuidar do Pa\u00eds"},"content":{"rendered":"<p> <br \/>\n<\/p>\n<p><span>Para Candido Bracher, presidente do Ita\u00fa Unibanco, maior banco privado brasileiro, nenhuma institui\u00e7\u00e3o pode ser melhor do que o pa\u00eds em que ela se encontra. Por isso, toda empresa deve se preocupar com as condi\u00e7\u00f5es sociais das pessoas. \u201cPrecisamos cuidar da nossa casa\u201d, afirma Bracher. &#8220;N\u00e3o descansaremos enquanto a pandemia n\u00e3o for superada&#8221;.\u00a0<\/span><\/p>\n<p><span>O banco anunciou uma doa\u00e7\u00e3o de 1 bilh\u00e3o de reais para o combate ao novo <\/span><a href=\"https:\/\/exame.abril.com.br\/noticias-sobre\/coronavirus\/\"><b>coronav\u00edrus<\/b><\/a><span>. O valor ser\u00e1 transferido para a Funda\u00e7\u00e3o Ita\u00fa Social e ser\u00e1 administrado por um grupo de profissionais da \u00e1rea de sa\u00fade liderado pelo m\u00e9dico Paulo Chapchap, diretor-geral do Hospital S\u00edrio-Liban\u00eas.<\/span><\/p>\n<p><span>Segundo Bracher, esse dinheiro, que representa pouco mais de 3% do lucro l\u00edquido do Ita\u00fa,\u00a0 sair\u00e1 do balan\u00e7o da institui\u00e7\u00e3o e n\u00e3o \u00e9 eleg\u00edvel a incentivos tribut\u00e1rios. A equipe liderada por Chapchap, que conta com Sidney Klajner, presidente da do Hospital Albert Einstein, e o m\u00e9dico Drauzio Varella, trabalhar\u00e1 voluntariamente.\u00a0<\/span><\/p>\n<p><span>O presidente do Ita\u00fa prev\u00ea grandes mudan\u00e7as no setor empresarial ap\u00f3s a crise. \u201cQuanto mais tempo durar o isolamento, mais fragilizada estar\u00e1 a economia na sa\u00edda\u201d, diz Bracher. \u201cEssa fragilidade vai for\u00e7ar todos os agentes a reverem a forma como apoiam a economia\u201d.<\/span><\/p>\n<p><span>As estimativas iniciais do Ita\u00fa previam um intervalo de queda do PIB brasileiro, em 2020, entre 0,5% e 6,5%, a depender da dura\u00e7\u00e3o do isolamento social e da velocidade da retomada. &#8220;Hoje, minha estimativa \u00e9 que esse intervalo esteja entre 3,5% e 6,5%&#8221;, afirmou o executivo. <\/span><\/p>\n<h3>Recorde de doa\u00e7\u00f5es<\/h3>\n<p>Antes do an\u00fancio do Ita\u00fa, <span>as doa\u00e7\u00f5es de empresas e indiv\u00edduos para iniciativas de combate ao novo coronav\u00edrus j\u00e1 ultrapassavam a marca de 1 bilh\u00e3o de reais, de acordo com levantamento \u00e9 da Associa\u00e7\u00e3o Brasileira de Captadores de Recursos (ABCR), que vem monitorando o\u00a0<a href=\"https:\/\/exame.abril.com.br\/noticias-sobre\/filantropia\/\">movimento filantr\u00f3pico<\/a>\u00a0relacionado \u00e0 pandemia.\u00a0<\/span><\/p>\n<p><span>Segundo Jo\u00e3o Paulo Vergueiro, diretor executivo da ABCR, esse movimento \u00e9 in\u00e9dito e o maior da hist\u00f3ria recente do Pa\u00eds. \u201c \u201cEstamos falando desde\u00a0<a href=\"https:\/\/exame.abril.com.br\/brasil\/veja-quanto-cada-empresa-dou-para-o-combate-ao-coronavirus\/\">grandes doadores<\/a>, como empresas e ONGs, com milh\u00f5es de reais, a fam\u00edlias, grupos e indiv\u00edduos que doam 30, 40 reais\u201d, diz Vergueiro.\u00a0<\/span><\/p>\n<p><span>O total doado \u00e9 ainda maior, no entanto, pois o monitoramento da ABCR considera apenas as doa\u00e7\u00f5es p\u00fablicas e com o valor em reais divulgado. Iniciativas que envolvem a compra de produtos m\u00e9dicos, como \u00e1lcool gel, m\u00e1scaras etc, n\u00e3o entram no c\u00e1lculo.\u00a0<\/span><\/p>\n<p><span>Para M\u00e1rcia Woods, presidente do conselho da ABCR, esse movimento mostra a import\u00e2ncia do terceiro setor para a economia. \u201cO terceiro setor n\u00e3o deve ser valorizado s\u00f3 em momentos de crise como agora, em que houve uma mobiliza\u00e7\u00e3o \u00e1gil de recursos. Ele \u00e9 fundamental por apoiar \u00e0s diversas causas sociais que atuam junto aos menos favorecidos e em temas cr\u00edticos para nossa sociedade\u201d, diz M\u00e1rcia.<\/span><\/p>\n<p>#noticias #economia #sustentabilidade #dinheiro #economia<br \/>\n<br \/><br \/>\n<br \/><a href=\"https:\/\/exame.abril.com.br\/negocios\/itau-primeira-responsabilidade-das-empresas-e-cuidar-do-pais\/\">Fonte do Artigo <\/a><br \/>\nTags:<\/p>\n<p><a href=\"https:\/\/wiy.com.br\/noticias\/categoria\/curso-de-copy\/\">#noticias<\/a> <a href=\"https:\/\/wiy.com.br\/noticias\/categoria\/curso-de-copy\/\">#economia<\/a> <a href=\"https:\/\/wiy.com.br\/noticias\/categoria\/curso-de-copy\/\">#sustentabilidade<\/a> <a href=\"https:\/\/wiy.com.br\/noticias\/categoria\/curso-de-copy\/\">#dinheiro<\/a> <a href=\"https:\/\/wiy.com.br\/noticias\/categoria\/curso-de-copy\/\">#economia<\/a> <a href=\"https:\/\/wiy.com.br\/noticias\/categoria\/curso-de-copy\/\">#energialimpa<\/a> <a href=\"https:\/\/wiy.com.br\/noticias\/categoria\/curso-de-copy\/\">#brasil<\/a> <a href=\"https:\/\/wiy.com.br\/noticias\/categoria\/curso-de-copy\/\">#cursodecopy<\/a> <a href=\"https:\/\/wiy.com.br\/noticias\/categoria\/curso-de-copy\/\">#meioambiente<\/a> <a href=\"https:\/\/wiy.com.br\/noticias\/categoria\/curso-de-copy\/\">#hotmart<\/a> <a href=\"https:\/\/wiy.com.br\/noticias\/categoria\/curso-de-copy\/\">#empreendedorismo<\/a> <a href=\"https:\/\/wiy.com.br\/noticias\/categoria\/curso-de-copy\/\">#marketingdigital<\/a> <a href=\"https:\/\/wiy.com.br\/noticias\/categoria\/curso-de-copy\/\">#marketing digital<\/a> <a href=\"https:\/\/wiy.com.br\/noticias\/categoria\/curso-de-copy\/\">#politica<\/a> <a href=\"https:\/\/wiy.com.br\/noticias\/categoria\/curso-de-copy\/\">#energiasolarfotovoltaica<\/a> <a href=\"https:\/\/wiy.com.br\/noticias\/categoria\/curso-de-copy\/\">#textos que vendem<\/a> <a href=\"https:\/\/wiy.com.br\/noticias\/categoria\/curso-de-copy\/\">#copy de vendas<\/a> <a href=\"https:\/\/wiy.com.br\/noticias\/categoria\/curso-de-copy\/\">#sucesso<\/a> <a href=\"https:\/\/wiy.com.br\/noticias\/categoria\/curso-de-copy\/\">#financas<\/a> <a href=\"https:\/\/wiy.com.br\/noticias\/categoria\/curso-de-copy\/\">#investimentos<\/a> <a href=\"https:\/\/wiy.com.br\/noticias\/categoria\/curso-de-copy\/\">#criptomoeda<\/a> <a href=\"https:\/\/wiy.com.br\/noticias\/categoria\/curso-de-copy\/\">#ead<\/a> <a href=\"https:\/\/wiy.com.br\/noticias\/categoria\/curso-de-copy\/\">#copy download<\/a> <a href=\"https:\/\/wiy.com.br\/noticias\/categoria\/curso-de-copy\/\">#cursodecopypdf<\/a> <a href=\"https:\/\/wiy.com.br\/noticias\/categoria\/curso-de-copy\/\">#primeiravenda<\/a> <a href=\"https:\/\/wiy.com.br\/noticias\/categoria\/curso-de-copy\/\">#noticias24<\/a> <a href=\"https:\/\/curso-de-copy.wordseo.com.br\/\">#curso de copy<\/a> <a href=\"https:\/\/curso-de-copy.wordseo.com.br\/\">#curso para afiliados<\/a> <a href=\"https:\/\/curso-de-copy.wordseo.com.br\/\">#curso de copy online<\/a><\/p>\n","protected":false},"excerpt":{"rendered":"<p>Para Candido Bracher, presidente do Ita\u00fa Unibanco, maior banco privado brasileiro, nenhuma institui\u00e7\u00e3o pode ser melhor do que o pa\u00eds em que ela se encontra. Por isso, toda empresa deve se preocupar com as condi\u00e7\u00f5es sociais das pessoas. \u201cPrecisamos cuidar da nossa casa\u201d, afirma Bracher. &#8220;N\u00e3o descansaremos enquanto a pandemia n\u00e3o for superada&#8221;.\u00a0 O banco [&hellip;]<\/p>\n","protected":false},"author":1,"featured_media":47462,"comment_status":"open","ping_status":"open","sticky":false,"template":"","format":"standard","meta":{"footnotes":""},"categories":[1,339],"tags":[],"class_list":["post-48065","post","type-post","status-publish","format-standard","has-post-thumbnail","hentry","category-curso-de-copy","category-negocios"],"_links":{"self":[{"href":"https:\/\/wiy.com.br\/noticias\/wp-json\/wp\/v2\/posts\/48065","targetHints":{"allow":["GET"]}}],"collection":[{"href":"https:\/\/wiy.com.br\/noticias\/wp-json\/wp\/v2\/posts"}],"about":[{"href":"https:\/\/wiy.com.br\/noticias\/wp-json\/wp\/v2\/types\/post"}],"author":[{"embeddable":true,"href":"https:\/\/wiy.com.br\/noticias\/wp-json\/wp\/v2\/users\/1"}],"replies":[{"embeddable":true,"href":"https:\/\/wiy.com.br\/noticias\/wp-json\/wp\/v2\/comments?post=48065"}],"version-history":[{"count":0,"href":"https:\/\/wiy.com.br\/noticias\/wp-json\/wp\/v2\/posts\/48065\/revisions"}],"wp:featuredmedia":[{"embeddable":true,"href":"https:\/\/wiy.com.br\/noticias\/wp-json\/wp\/v2\/media\/47462"}],"wp:attachment":[{"href":"https:\/\/wiy.com.br\/noticias\/wp-json\/wp\/v2\/media?parent=48065"}],"wp:term":[{"taxonomy":"category","embeddable":true,"href":"https:\/\/wiy.com.br\/noticias\/wp-json\/wp\/v2\/categories?post=48065"},{"taxonomy":"post_tag","embeddable":true,"href":"https:\/\/wiy.com.br\/noticias\/wp-json\/wp\/v2\/tags?post=48065"}],"curies":[{"name":"wp","href":"https:\/\/api.w.org\/{rel}","templated":true}]}}