{"id":47613,"date":"2023-02-26T14:58:49","date_gmt":"2023-02-26T17:58:49","guid":{"rendered":"https:\/\/wiy.com.br\/noticias\/esperem-o-melhor-se-preparem-para-o-pior-diz-fundador-da-wise-up\/"},"modified":"2020-04-06T17:17:08","modified_gmt":"2020-04-06T20:17:08","slug":"esperem-o-melhor-se-preparem-para-o-pior-diz-fundador-da-wise-up","status":"publish","type":"post","link":"https:\/\/wiy.com.br\/noticias\/esperem-o-melhor-se-preparem-para-o-pior-diz-fundador-da-wise-up\/","title":{"rendered":"\u201cEsperem o melhor, se preparem para o pior\u201d, diz fundador da Wise Up"},"content":{"rendered":"<p> <br \/>\n<\/p>\n<p>Para o <strong><a href=\"https:\/\/exame.abril.com.br\/noticias-sobre\/empresarios\/\">empres\u00e1rio<\/a> <\/strong>Fl\u00e1vio Augusto da Silva, o momento nas empresas \u00e9 de pensar na pr\u00f3pria sobreviv\u00eancia. De acordo com ele, as empresas precisam ter um plano de conting\u00eancia para passar pelos pr\u00f3ximos meses da melhor maneira poss\u00edvel.<\/p>\n<p>O <strong><a href=\"https:\/\/exame.abril.com.br\/noticias-sobre\/presidentes-de-empresa\/\">empres\u00e1rio<\/a><\/strong> falou sobre os impactos nos neg\u00f3cios e as solu\u00e7\u00f5es para atravessar a crise em entrevista ao vivo no canal do YouTube da <strong>EXAME<\/strong>, em s\u00e9rie #exametalks. A entrevista foi dada aos jornalistas Gabriela Ruic e Jo\u00e3o Pedro Caleiro.<\/p>\n<p>Silva tem um time de futebol na liga americana, o Orlando City, e uma rede de franquias de escolas de idiomas focada no p\u00fablico adulto Wise Up.\u00a0Os dois neg\u00f3cios dependem muito da presen\u00e7a de pessoas, seja em salas de aula, seja em est\u00e1dios lotados. No momento, nenhum desses neg\u00f3cios pode funcionar normalmente por causa da pandemia do coronav\u00edrus.<\/p>\n<p><span>\u201cA Wise Up \u00e9 uma empresa grande, bem estruturada e capitalizada. Mas na ponta tem um franqueado, um pequeno empreendedor, que nem sempre tem caixa ou est\u00e1 estruturado. \u00c9 um desafio\u201d, diz Silva.<\/span><\/p>\n<p>Para as empresas, ele aconselha: esperem o melhor, se preparem para o pior. &#8220;Empres\u00e1rio tem mania de achar que pensamento positivo resolve as coisas. Mas faz parte se preparar para o pior&#8221;, afirma. &#8220;Agora, as empresas t\u00eam que sobreviver.&#8221;<\/p>\n<p>Ele diz que \u00e9 necess\u00e1rio fazer um plano de conting\u00eancia e renegociar custos como pagamento de alugu\u00e9is.\u00a0 As negocia\u00e7\u00f5es podem ser feitas com os fornecedores e at\u00e9 com a franqueadora &#8211; a Wise Up suspendeu a cobran\u00e7a de royalties por tr\u00eas meses para franqueados, por exemplo. &#8220;Sua abordagem de negocia\u00e7\u00e3o precisa carregar o peso do momento. O peso \u00e9 esse, a sobreviv\u00eancia&#8221;, diz o empres\u00e1rio.<\/p>\n<p>Em segundo lugar, \u00e9 preciso se aproximar do cliente. A plataforma online da <strong><a href=\"https:\/\/exame.abril.com.br\/noticias-sobre\/wise-up\/\">Wise Up<\/a><\/strong>, por exemplo, viu um aumento de 400% nas vendas nesse per\u00edodo. Para o time de futebol Orlando City, todos os jogos foram cancelados e as receitas, de cerca de 7 milh\u00f5es de reais por jogo, perdidas. Para manter o engajamento com os torcedores, a empresa est\u00e1 transmitindo reprises de jogos antigos, que est\u00e3o dando at\u00e9 mais audi\u00eancia que normalmente, diz Silva.<\/p>\n<p><span>O empres\u00e1rio diz que busca a sobreviv\u00eancia das empresas sem fazer nenhuma demiss\u00e3o. \u201cTemos um bom plano, no qual acreditamos. Vamos manter as pessoas nesse momento\u201d, diz. Segundo ele, quem tem condi\u00e7\u00f5es ir\u00e1 evitar demiss\u00f5es. \u201cNenhum empres\u00e1rio gosta de dispensar pessoas\u201d, afirma. \u201cQuando voc\u00ea tem gente boa, mandar algu\u00e9m embora porque n\u00e3o tem condi\u00e7\u00f5es de pagar \u00e9 uma derrota, um sofrimento muito grande para qualquer empres\u00e1rio.\u201d<\/span><\/p>\n<div class=\"widget-news widget-box no-margin no-border\"><span class=\"widget-news-title content-box-title\">Veja tamb\u00e9m<\/span><\/p>\n<ul class=\"widget-news-list\">\n<li class=\"widget-news-item without-thumb with-border\">\n<div class=\"widget-news-info\"><a href=\"http:\/\/exame.abril.com.br\/negocios\">NEG\u00d3CIOS<\/a><span class=\"widget-news-item-title\"><a href=\"https:\/\/exame.abril.com.br\/negocios\/papel-do-empresario-e-assumir-o-onus-diz-dono-do-giraffas-apos-polemica\/\">Papel do empres\u00e1rio \u00e9 assumir o \u00f4nus, diz dono do Giraffas ap\u00f3s pol\u00eamica<\/a><\/span><span class=\"widget-news-item-date\">26 mar 2020 &#8211; 19h03<\/span><\/div>\n<\/li>\n<\/ul>\n<\/div>\n<p>&nbsp;<\/p>\n<p>&nbsp;<\/p>\n<h3>O novo normal<\/h3>\n<p>Para o empres\u00e1rio, esse momento de quarentena tamb\u00e9m pode ser usado para entender melhor as tend\u00eancias dos neg\u00f3cios e fazer as adapta\u00e7\u00f5es necess\u00e1rias nas empresas. &#8220;A palavra \u00e9 adapta\u00e7\u00e3o. Como todo processo evolutivo que exigiu adapta\u00e7\u00e3o da humanidade, essa crise n\u00e3o ser\u00e1 diferente. A din\u00e2mica de mercado vai se transformando&#8221;, afirmou ele.<\/p>\n<p>Ele afirma que, embora muitas empresas passem por dificuldades nesse per\u00edodo de fechamento do com\u00e9rcio e de restri\u00e7\u00f5es a aglomera\u00e7\u00f5es de pessoas, a pandemia exige que as empresas se adaptem. &#8220;\u00c9 um momento de observa\u00e7\u00e3o das din\u00e2micas do mercado e de autoconhecimento, que exige de todos, pobres e ricos, adapta\u00e7\u00e3o. O novo se imp\u00f5e sem pedir licen\u00e7a&#8221;, diz.<\/p>\n<div class=\"widget-news widget-box no-margin no-border\"><span class=\"widget-news-title content-box-title\">Veja tamb\u00e9m<\/span><\/p>\n<ul class=\"widget-news-list\">\n<li class=\"widget-news-item without-thumb with-border\">\n<div class=\"widget-news-info\"><a href=\"http:\/\/exame.abril.com.br\/negocios\">NEG\u00d3CIOS<\/a><span class=\"widget-news-item-title\"><a href=\"https:\/\/exame.abril.com.br\/negocios\/fui-a-ceo-das-crises-mas-nao-vivi-nada-parecido-diz-luiza-trajano\/\">Fui a CEO das crises, mas n\u00e3o vivi nada parecido, diz Luiza Trajano<\/a><\/span><span class=\"widget-news-item-date\">3 abr 2020 &#8211; 13h04<\/span><\/div>\n<\/li>\n<li class=\"widget-news-item without-thumb with-border\">\n<div class=\"widget-news-info\"><a href=\"http:\/\/exame.abril.com.br\/negocios\">NEG\u00d3CIOS<\/a><span class=\"widget-news-item-title\"><a href=\"https:\/\/exame.abril.com.br\/negocios\/manifesto-naodemita-tem-adesao-de-mais-de-mil-empresas-em-24-horas\/\">Manifesto #n\u00e3odemita tem ades\u00e3o de mais de mil empresas em 24 horas<\/a><\/span><span class=\"widget-news-item-date\">4 abr 2020 &#8211; 16h04<\/span><\/div>\n<\/li>\n<\/ul>\n<\/div>\n<h3>Digitaliza\u00e7\u00e3o<\/h3>\n<p>Uma das mudan\u00e7as ser\u00e1 o maior uso das tecnologias digitais. O empres\u00e1rio lembra que a companhia de teleconfer\u00eancias Zoom est\u00e1 crescendo a n\u00edveis recordes. Apenas no dia 23 de mar\u00e7o o aplicativo da Zoom foi baixado 2,3 milh\u00f5es de vezes e o pre\u00e7o das a\u00e7\u00f5es mais do que dobrou desde o come\u00e7o do ano. A empresa atualmente tem um valor de mercado de 42 bilh\u00f5es de d\u00f3lares, oito vezes o valor da International Consolidated Airlines Group, que controla a British Airways.<\/p>\n<p>Por isso, ele afirma que empresas com um p\u00e9 no mundo digital podem navegar melhor nesse per\u00edodo. Novos clientes tamb\u00e9m devem surgir, na medida em que os consumidores testam produtos digitais pela primeira vez, como delivery de supermercados, por exemplo. &#8220;Esse processo \u00e9 degusta\u00e7\u00e3o para uma vida mais digital para muitas pessoas, que ainda n\u00e3o tinham se digitalizado&#8221;, afirma.<\/p>\n<p>As plataformas de educa\u00e7\u00e3o \u00e0 dist\u00e2ncia do grupo Wise Up j\u00e1 crescem cerca de 150% ao ano. At\u00e9 o pr\u00f3prio empres\u00e1rio tem uma forte experi\u00eancia na comunica\u00e7\u00e3o digital \u00e0 dist\u00e2ncia. &#8220;J\u00e1 fa\u00e7o home office h\u00e1 10 anos. Gerencio uma empresa com 10 mil funcion\u00e1rios \u00e0 dist\u00e2ncia. Estou muito antenado que as coisas podem ser feitas dessa maneira&#8221;, afirmou.<\/p>\n<h3>Empreender e estudar na crise<\/h3>\n<p>Para quem busca empreender no meio da pandemia do coronav\u00edrus, o conselho do empres\u00e1rio \u00e9 esperar. &#8220;Se sua ideia \u00e9 empreender, sugiro que espere um pouco. Esse \u00e9 um per\u00edodo bom para estudar, se preparar para o que vem por a\u00ed. A partir de junho, voc\u00ea ter\u00e1 uma vis\u00e3o muito melhor do cen\u00e1rio para poder se posicionar&#8221;, afirmou ele.<\/p>\n<p>O estudo tamb\u00e9m vale para pessoas que querem usar o momento de isolamento social para se tornarem melhores profissionais. &#8220;Se voc\u00ea puder se qualificar, fazer algum curso, voc\u00ea vai ocupar sua cabe\u00e7a com algo produtivo. Ler livro \u00e9 fant\u00e1stico, exige concentra\u00e7\u00e3o&#8221;, afirmou ele.<\/p>\n<p>Mais do que se tornar um profissional ou empreendedor melhor, o estudo e a leitura podem ajudar a acalmar a ansiedade nesse per\u00edodo. &#8220;Nesse momento a sa\u00fade mental \u00e9 afetada, voc\u00ea fica com o pensamento acelerado, n\u00e3o consegue desligar, n\u00e3o consegue dormir, isso faz mal para voc\u00ea&#8221;, afirma Silva.<\/p>\n<p><span>\u201cVamos passar por isso. Todos somos fortes e capazes de passar por isso. Essa situa\u00e7\u00e3o vai melhorar\u201d, diz o empres\u00e1rio.<\/span><\/p>\n<\/p>\n<p><span><b><u><a href=\"https:\/\/exame.abril.com.br\/noticias-sobre\/coronavirus\" target=\"_blank\" title=\"https:\/\/exame.abril.com.br\/noticias-sobre\/coronavirus\" rel=\"noopener noreferrer\">As \u00faltimas not\u00edcias da pandemia do novo coronav\u00edrus<\/a><\/u>:<\/b><\/span><\/p>\n<ul>\n<li><a href=\"https:\/\/exame.abril.com.br\/mundo\/mapa-mostra-como-o-brasil-e-o-mundo-respondem-ao-coronavirus\/\" target=\"_blank\" title=\"https:\/\/exame.abril.com.br\/mundo\/mapa-mostra-como-o-brasil-e-o-mundo-respondem-ao-coronavirus\/\" rel=\"noopener noreferrer\"><span><u>Mapa mostra como o Brasil e o mundo est\u00e3o lidando com o novo coronav\u00edrus<\/u><\/span><\/a><\/li>\n<li><a href=\"https:\/\/exame.abril.com.br\/mundo\/5-fake-news-sobre-coronavirus-que-estao-circulando-pelo-mundo\/\" target=\"_blank\" title=\"https:\/\/exame.abril.com.br\/mundo\/5-fake-news-sobre-coronavirus-que-estao-circulando-pelo-mundo\/\" rel=\"noopener noreferrer\"><span><u>As fake news sobre a epidemia que est\u00e3o circulando pelo mundo<\/u><\/span><\/a><\/li>\n<li><span><u><a href=\"https:\/\/exame.abril.com.br\/seu-dinheiro\/ate-57-os-100-fundos-que-mais-perderam-com-a-crise-do-coronavirus\/\" target=\"_blank\" title=\"https:\/\/exame.abril.com.br\/seu-dinheiro\/ate-57-os-100-fundos-que-mais-perderam-com-a-crise-do-coronavirus\/\" rel=\"noopener noreferrer\">At\u00e9 57%: os 100 fundos que mais perderam com a crise do coronav\u00edrus<\/a><\/u><\/span><span><u><a href=\"https:\/\/exame.abril.com.br\/negocios\/coronavirus-cuidados-que-as-empresas-precisam-ter-com-funcionarios\/\" target=\"_blank\" title=\"https:\/\/exame.abril.com.br\/negocios\/coronavirus-cuidados-que-as-empresas-precisam-ter-com-funcionarios\/\" rel=\"noopener noreferrer\"><\/a><\/u><\/span><\/li>\n<li><span><u><a href=\"https:\/\/exame.abril.com.br\/carreira\/precisa-fazer-home-office-por-causa-do-coronavirus-confira-as-dicas\/\" target=\"_blank\" title=\"https:\/\/exame.abril.com.br\/carreira\/precisa-fazer-home-office-por-causa-do-coronavirus-confira-as-dicas\/\" rel=\"noopener noreferrer\">Vai fazer home office por causa do coronav\u00edrus? Confira as dicas<\/a><\/u><\/span><\/li>\n<li><u><a href=\"https:\/\/exame.abril.com.br\/pme\/iniciativas-para-ajudar-o-empreendedorismo-crescem-na-crise-do-coronavirus\/\" target=\"_blank\" title=\"https:\/\/exame.abril.com.br\/pme\/iniciativas-para-ajudar-o-empreendedorismo-crescem-na-crise-do-coronavirus\/\" rel=\"noopener noreferrer\">Veja iniciativas que ajudam\u00a0o empreendedorismo na crise do coronav\u00edrus<\/a><\/u><\/li>\n<\/ul>\n<p>#noticias #economia #sustentabilidade #dinheiro #economia<br \/>\n<br \/><br \/>\n<br \/><a href=\"https:\/\/exame.abril.com.br\/negocios\/agora-as-empresas-tem-que-sobreviver-diz-flavio-augusto-da-wise-up\/\">Fonte do Artigo <\/a><br \/>\nTags:<\/p>\n<p><a href=\"https:\/\/wiy.com.br\/noticias\/categoria\/curso-de-copy\/\">#noticias<\/a> <a href=\"https:\/\/wiy.com.br\/noticias\/categoria\/curso-de-copy\/\">#economia<\/a> <a href=\"https:\/\/wiy.com.br\/noticias\/categoria\/curso-de-copy\/\">#sustentabilidade<\/a> <a href=\"https:\/\/wiy.com.br\/noticias\/categoria\/curso-de-copy\/\">#dinheiro<\/a> <a href=\"https:\/\/wiy.com.br\/noticias\/categoria\/curso-de-copy\/\">#economia<\/a> <a href=\"https:\/\/wiy.com.br\/noticias\/categoria\/curso-de-copy\/\">#energialimpa<\/a> <a href=\"https:\/\/wiy.com.br\/noticias\/categoria\/curso-de-copy\/\">#brasil<\/a> <a href=\"https:\/\/wiy.com.br\/noticias\/categoria\/curso-de-copy\/\">#cursodecopy<\/a> <a href=\"https:\/\/wiy.com.br\/noticias\/categoria\/curso-de-copy\/\">#meioambiente<\/a> <a href=\"https:\/\/wiy.com.br\/noticias\/categoria\/curso-de-copy\/\">#hotmart<\/a> <a href=\"https:\/\/wiy.com.br\/noticias\/categoria\/curso-de-copy\/\">#empreendedorismo<\/a> <a href=\"https:\/\/wiy.com.br\/noticias\/categoria\/curso-de-copy\/\">#marketingdigital<\/a> <a href=\"https:\/\/wiy.com.br\/noticias\/categoria\/curso-de-copy\/\">#marketing digital<\/a> <a href=\"https:\/\/wiy.com.br\/noticias\/categoria\/curso-de-copy\/\">#politica<\/a> <a href=\"https:\/\/wiy.com.br\/noticias\/categoria\/curso-de-copy\/\">#energiasolarfotovoltaica<\/a> <a href=\"https:\/\/wiy.com.br\/noticias\/categoria\/curso-de-copy\/\">#textos que vendem<\/a> <a href=\"https:\/\/wiy.com.br\/noticias\/categoria\/curso-de-copy\/\">#copy de vendas<\/a> <a href=\"https:\/\/wiy.com.br\/noticias\/categoria\/curso-de-copy\/\">#sucesso<\/a> <a href=\"https:\/\/wiy.com.br\/noticias\/categoria\/curso-de-copy\/\">#financas<\/a> <a href=\"https:\/\/wiy.com.br\/noticias\/categoria\/curso-de-copy\/\">#investimentos<\/a> <a href=\"https:\/\/wiy.com.br\/noticias\/categoria\/curso-de-copy\/\">#criptomoeda<\/a> <a href=\"https:\/\/wiy.com.br\/noticias\/categoria\/curso-de-copy\/\">#ead<\/a> <a href=\"https:\/\/wiy.com.br\/noticias\/categoria\/curso-de-copy\/\">#copy download<\/a> <a href=\"https:\/\/wiy.com.br\/noticias\/categoria\/curso-de-copy\/\">#cursodecopypdf<\/a> <a href=\"https:\/\/wiy.com.br\/noticias\/categoria\/curso-de-copy\/\">#primeiravenda<\/a> <a href=\"https:\/\/wiy.com.br\/noticias\/categoria\/curso-de-copy\/\">#noticias24<\/a> <a href=\"https:\/\/curso-de-copy.wordseo.com.br\/\">#curso de copy<\/a> <a href=\"https:\/\/curso-de-copy.wordseo.com.br\/\">#curso para afiliados<\/a> <a href=\"https:\/\/curso-de-copy.wordseo.com.br\/\">#curso de copy online<\/a><\/p>\n","protected":false},"excerpt":{"rendered":"<p>Para o empres\u00e1rio Fl\u00e1vio Augusto da Silva, o momento nas empresas \u00e9 de pensar na pr\u00f3pria sobreviv\u00eancia. De acordo com ele, as empresas precisam ter um plano de conting\u00eancia para passar pelos pr\u00f3ximos meses da melhor maneira poss\u00edvel. O empres\u00e1rio falou sobre os impactos nos neg\u00f3cios e as solu\u00e7\u00f5es para atravessar a crise em entrevista [&hellip;]<\/p>\n","protected":false},"author":1,"featured_media":47614,"comment_status":"open","ping_status":"open","sticky":false,"template":"","format":"standard","meta":{"footnotes":""},"categories":[1,339],"tags":[],"class_list":["post-47613","post","type-post","status-publish","format-standard","has-post-thumbnail","hentry","category-curso-de-copy","category-negocios"],"_links":{"self":[{"href":"https:\/\/wiy.com.br\/noticias\/wp-json\/wp\/v2\/posts\/47613","targetHints":{"allow":["GET"]}}],"collection":[{"href":"https:\/\/wiy.com.br\/noticias\/wp-json\/wp\/v2\/posts"}],"about":[{"href":"https:\/\/wiy.com.br\/noticias\/wp-json\/wp\/v2\/types\/post"}],"author":[{"embeddable":true,"href":"https:\/\/wiy.com.br\/noticias\/wp-json\/wp\/v2\/users\/1"}],"replies":[{"embeddable":true,"href":"https:\/\/wiy.com.br\/noticias\/wp-json\/wp\/v2\/comments?post=47613"}],"version-history":[{"count":0,"href":"https:\/\/wiy.com.br\/noticias\/wp-json\/wp\/v2\/posts\/47613\/revisions"}],"wp:featuredmedia":[{"embeddable":true,"href":"https:\/\/wiy.com.br\/noticias\/wp-json\/wp\/v2\/media\/47614"}],"wp:attachment":[{"href":"https:\/\/wiy.com.br\/noticias\/wp-json\/wp\/v2\/media?parent=47613"}],"wp:term":[{"taxonomy":"category","embeddable":true,"href":"https:\/\/wiy.com.br\/noticias\/wp-json\/wp\/v2\/categories?post=47613"},{"taxonomy":"post_tag","embeddable":true,"href":"https:\/\/wiy.com.br\/noticias\/wp-json\/wp\/v2\/tags?post=47613"}],"curies":[{"name":"wp","href":"https:\/\/api.w.org\/{rel}","templated":true}]}}