{"id":47588,"date":"2023-02-26T15:42:42","date_gmt":"2023-02-26T18:42:42","guid":{"rendered":"https:\/\/wiy.com.br\/noticias\/assustados-lojistas-em-sp-burlam-decreto-e-mantem-portas-abertas\/"},"modified":"2020-04-06T12:00:16","modified_gmt":"2020-04-06T15:00:16","slug":"assustados-lojistas-em-sp-burlam-decreto-e-mantem-portas-abertas","status":"publish","type":"post","link":"https:\/\/wiy.com.br\/noticias\/assustados-lojistas-em-sp-burlam-decreto-e-mantem-portas-abertas\/","title":{"rendered":"Assustados, lojistas em SP burlam decreto e mant\u00eam portas abertas"},"content":{"rendered":"<p> <br \/>\n<\/p>\n<div id=\"\">\n<p>O medo de ficar sem dinheiro e a desconfian\u00e7a de que os programas de aux\u00edlio emergencial chegar\u00e3o \u00e0s suas m\u00e3os t\u00eam levado comerciantes de todo o Brasil a buscarem alternativas para sobreviver. Muitos restaurantes est\u00e3o apostando no sistema de delivery, por exemplo. Contudo, outros servi\u00e7os n\u00e3o possuem essa op\u00e7\u00e3o. E, em meio \u00e0 pandemia do novo <a href=\"https:\/\/veja.abril.com.br\/noticias-sobre\/coronavirus\/\"><strong>coronav\u00edrus<\/strong><\/a> e \u00e0s determina\u00e7\u00f5es de manter o <a href=\"https:\/\/veja.abril.com.br\/noticias-sobre\/comercio\/\"><strong>com\u00e9rcio<\/strong><\/a> fechado, alguns lojistas t\u00eam se insurgido contra as orienta\u00e7\u00f5es. Devido \u00e0 falta de fiscaliza\u00e7\u00e3o, a cena de comerciantes que continuam trabalhando \u00e9 comum em <a href=\"https:\/\/veja.abril.com.br\/noticias-sobre\/diadema\/\"><strong>Diadema<\/strong><\/a>, na regi\u00e3o do <a href=\"https:\/\/veja.abril.com.br\/noticias-sobre\/abc\/\"><strong>ABC Paulista<\/strong><\/a>.<\/p>\n<p>\u00c0 primeira vista, o movimento \u00e9 menor, o n\u00famero de pessoas circulando \u00e9 abaixo do normal e os servi\u00e7os essenciais, como farm\u00e1cias e supermercados, funcionam normalmente. O com\u00e9rcio n\u00e3o essencial de Diadema, no entanto, n\u00e3o est\u00e1 totalmente parado. No centro da cidade, n\u00e3o \u00e9 dif\u00edcil encontrar um estabelecimento, que deveria permanecer completamente fechado, com as portas entreabertas, \u00e0 espera de consumidores e atento \u00e0 circula\u00e7\u00e3o de vans e viaturas de fiscaliza\u00e7\u00e3o. N\u00e3o deveria ser assim. Desde de 23 de mar\u00e7o, um decreto assinado pelo governador do estado de S\u00e3o Paulo, Jo\u00e3o Doria (PSDB), determina que escolas, lojas, shoppings, academias e parques fiquem fechados. A quarentena deve ser prorrogada por mais quinze dias, <a href=\"https:\/\/veja.abril.com.br\/politica\/doria-deve-anunciar-quarentena-por-mais-15-dias-em-sao-paulo\/\"><strong>conforme antecipou VEJA<\/strong><\/a>.<\/p>\n<p>Em meio aos tecidos e agulhas necess\u00e1rios para entregar um pedido que havia acabado de chegar, uma costureira atendeu a reportagem de VEJA. \u201cL\u00e1 em casa \u00e9 tudo contado. Se eu paro de trabalhar aqui, n\u00e3o vou ter do que viver.\u201d Ela pretende continuar funcionando normalmente e,no que depender dela, todo servi\u00e7o ser\u00e1 tratado com enorme import\u00e2ncia. \u201cEnquanto tiver encomenda, eu vou trabalhar sim, preciso tirar meu sustento e ningu\u00e9m vai pagar minhas contas.\u201d<\/p>\n<section class=\"block newsletter  single-newsletter  light \">\n<div class=\"container\">\n<div class=\"row\">\n<p>\n        <span class=\"description\">Saiba logo no in\u00edcio da manh\u00e3 as not\u00edcias mais importantes sobre a pandemia do coronavirus e seus desdobramentos. <strong> <span class=\"btn-newsletter-assine\"> Inscreva-se aqui <\/span><\/strong> para receber a nossa newsletter<\/span>\n      <\/p>\n<\/p><\/div>\n<\/p><\/div>\n<\/section>\n<p>A necessidade de manter as portas abertas, ou ao menos entreabertas, est\u00e1 na desconfian\u00e7a das ajudas federais. O governo, por exemplo, aprovou a Renda B\u00e1sica Emergencial, que ficou conhecida como \u2018coronavoucher\u2019. Contudo, os 600 reais s\u00e3o insuficientes para manter a renda desses profissionais e as dificuldades de operacionaliza\u00e7\u00e3o \u2014 que pode deixar at\u00e9 20 milh\u00f5es de informais fora do programa \u2014 tiram dessas pessoas a perspectiva de estabilidade. Elas acreditam que precisam fazer a renda por si pr\u00f3prias, caso contr\u00e1rio, poder\u00e3o passar fome. \u201cEsse dinheiro dificilmente chega nas m\u00e3os de quem precisa\u201d, afirmou o dono de uma loja de eletr\u00f4nicos, que tamb\u00e9m funcionava com as portas entreabertas. Com o olhar desconfiado e sem muitas palavras, o lojista tentou explicar a situa\u00e7\u00e3o. \u201cN\u00e3o me complica, n\u00e3o. Estou aqui porque n\u00e3o posso ficar sem trabalhar.\u201d<\/p>\n<div class=\"ads post-ads\"><span class=\"title\" style=\"display:block\">Continua ap\u00f3s a publicidade<\/span><\/div>\n<p>Ruas e pra\u00e7as vazias, brinquedos e academias ao ar livre sem as crian\u00e7as e os frequentes usu\u00e1rios. Sem op\u00e7\u00f5es de lazer, a popula\u00e7\u00e3o permanece reclusa e fechada dentro de casa. A quarentena que todo o estado de S\u00e3o Paulo est\u00e1 enfrentando \u00e9 essencial para evitar a propaga\u00e7\u00e3o do novo coronav\u00edrus. Por outro lado, a tristeza dos com\u00e9rcios despovoados e a ang\u00fastia dos lojistas com as m\u00e3os abanando s\u00e3o aspectos cruciais para a tomada de novas medidas por parte dos governos.<\/p>\n<div class=\"block_assine_posts\">\n<h2 class=\"title-assine\">ASSINE VEJA<\/h2>\n<figure id=\"attachment_3438860\" class=\"wp-caption alignnone  media-assine\"><img loading=\"lazy\" decoding=\"async\" data-attachment-id=\"3438860\" data-permalink=\"https:\/\/veja.abril.com.br\/blog\/marcos-emilio-gomes\/mandetta-x-prevent-senior-o-que-ha-por-tras-dessa-historia\/attachment\/capa-de-veja-2681-v-4\/\" data-orig-file=\"https:\/\/abrilveja.files.wordpress.com\/2020\/04\/capa-de-veja-2681-v-3.jpg?quality=70&amp;strip=info\" data-orig-size=\"170,224\" data-comments-opened=\"1\" data-image-meta=\"{&quot;aperture&quot;:&quot;0&quot;,&quot;credit&quot;:&quot;&quot;,&quot;camera&quot;:&quot;&quot;,&quot;caption&quot;:&quot;&quot;,&quot;created_timestamp&quot;:&quot;0&quot;,&quot;copyright&quot;:&quot;&quot;,&quot;focal_length&quot;:&quot;0&quot;,&quot;iso&quot;:&quot;0&quot;,&quot;shutter_speed&quot;:&quot;0&quot;,&quot;title&quot;:&quot;&quot;,&quot;orientation&quot;:&quot;1&quot;}\" data-image-title=\"At\u00e9 quando? As previs\u00f5es dos cientistas para o fim do isolamento\" data-image-description=\"\" data-medium-file=\"https:\/\/abrilveja.files.wordpress.com\/2020\/04\/capa-de-veja-2681-v-3.jpg?quality=70&amp;strip=info&amp;w=170\" data-large-file=\"https:\/\/abrilveja.files.wordpress.com\/2020\/04\/capa-de-veja-2681-v-3.jpg?quality=70&amp;strip=info&amp;w=170\" class=\"size-full wp-image-3438860\" src=\"https:\/\/abrilveja.files.wordpress.com\/2020\/04\/capa-de-veja-2681-v-3.jpg?quality=70&amp;strip=info&amp;w=170&amp;h=224\" border=\"0\"alt = \"capa-de-veja-2681-v-3 Assustados, lojistas em SP burlam decreto e mant\u00eam portas abertas\"title = \"[Tags]\" width=\"170\" height=\"224\" data-restrict=\"false\" data-portal-copyright=\"Reprodu\u00e7\u00e3o\" data-image-caption=\"A imensa ansiedade para a volta \u00e0 normalidade poss\u00edvel, os dramas das v\u00edtimas brasileiras e a postura equivocada de Bolsonaro diante da crise do coronav\u00edrus\"\/><figcaption class=\"wp-caption-text\"><span class=\"title\">At\u00e9 quando? As previs\u00f5es dos cientistas para o fim do isolamento<\/span> A imensa ansiedade para a volta \u00e0 normalidade poss\u00edvel, os dramas das v\u00edtimas brasileiras e a postura equivocada de Bolsonaro diante da crise do coronav\u00edrus<\/figcaption><\/figure>\n<p><a href=\"https:\/\/www.assine.abril.com.br\/portal\/paginasEstaticas!showPromocao.action?&amp;codPromocao=sr_ve_land&amp;origem=sr_ve_materia_land&amp;utm_source=sites&amp;utm_medium=sr&amp;utm_campaign=sr_ve_materia_land\" target=\"_blank\" rel=\"noopener noreferrer\">Clique e Assine<\/a><\/div>\n<\/p><\/div>\n<p><br \/>\n<br \/><a href=\"https:\/\/veja.abril.com.br\/economia\/assustados-lojistas-em-sp-burlam-decreto-e-mantem-portas-abertas\/\">Fonte do Artigo<\/a><br \/>\nTags: <\/p>\n<p><a title=\"IBJE\" href=\"https:\/\/ibge.gov.br\/\">#IBJE<\/a> <a title=\"FGV\" href=\"https:\/\/portal.fgv.br\/\">#FGV<\/a> <a title=\"LOTOFACIL\" href=\"http:\/\/loterias.caixa.gov.br\/wps\/portal\/loterias\/landing\/lotofacil\/\">#LOTOFACIL<\/a> <a title=\"TINDER\" href=\"https:\/\/tinder.com\/?lang=pt-BR\">#TINDER<\/a> <a title=\"GMAILGOOGLE\" href=\"https:\/\/mail.google.com\">#GMAILGOOGLE<\/a> <a title=\"TIKTOK\" href=\"https:\/\/www.tiktok.com\/pt_BR\/\">#TIKTOK<\/a><\/p>\n","protected":false},"excerpt":{"rendered":"<p>O medo de ficar sem dinheiro e a desconfian\u00e7a de que os programas de aux\u00edlio emergencial chegar\u00e3o \u00e0s suas m\u00e3os t\u00eam levado comerciantes de todo o Brasil a buscarem alternativas para sobreviver. Muitos restaurantes est\u00e3o apostando no sistema de delivery, por exemplo. Contudo, outros servi\u00e7os n\u00e3o possuem essa op\u00e7\u00e3o. E, em meio \u00e0 pandemia do [&hellip;]<\/p>\n","protected":false},"author":1,"featured_media":47589,"comment_status":"open","ping_status":"open","sticky":false,"template":"","format":"standard","meta":{"footnotes":""},"categories":[7],"tags":[],"class_list":["post-47588","post","type-post","status-publish","format-standard","has-post-thumbnail","hentry","category-economia"],"_links":{"self":[{"href":"https:\/\/wiy.com.br\/noticias\/wp-json\/wp\/v2\/posts\/47588","targetHints":{"allow":["GET"]}}],"collection":[{"href":"https:\/\/wiy.com.br\/noticias\/wp-json\/wp\/v2\/posts"}],"about":[{"href":"https:\/\/wiy.com.br\/noticias\/wp-json\/wp\/v2\/types\/post"}],"author":[{"embeddable":true,"href":"https:\/\/wiy.com.br\/noticias\/wp-json\/wp\/v2\/users\/1"}],"replies":[{"embeddable":true,"href":"https:\/\/wiy.com.br\/noticias\/wp-json\/wp\/v2\/comments?post=47588"}],"version-history":[{"count":0,"href":"https:\/\/wiy.com.br\/noticias\/wp-json\/wp\/v2\/posts\/47588\/revisions"}],"wp:featuredmedia":[{"embeddable":true,"href":"https:\/\/wiy.com.br\/noticias\/wp-json\/wp\/v2\/media\/47589"}],"wp:attachment":[{"href":"https:\/\/wiy.com.br\/noticias\/wp-json\/wp\/v2\/media?parent=47588"}],"wp:term":[{"taxonomy":"category","embeddable":true,"href":"https:\/\/wiy.com.br\/noticias\/wp-json\/wp\/v2\/categories?post=47588"},{"taxonomy":"post_tag","embeddable":true,"href":"https:\/\/wiy.com.br\/noticias\/wp-json\/wp\/v2\/tags?post=47588"}],"curies":[{"name":"wp","href":"https:\/\/api.w.org\/{rel}","templated":true}]}}