{"id":47192,"date":"2023-02-26T15:25:22","date_gmt":"2023-02-26T18:25:22","guid":{"rendered":"https:\/\/wiy.com.br\/noticias\/prefeitura-de-sao-paulo-pede-intervencao-do-hospital-sancta-maggiore\/"},"modified":"2020-03-31T19:24:16","modified_gmt":"2020-03-31T22:24:16","slug":"prefeitura-de-sao-paulo-pede-intervencao-do-hospital-sancta-maggiore","status":"publish","type":"post","link":"https:\/\/wiy.com.br\/noticias\/prefeitura-de-sao-paulo-pede-intervencao-do-hospital-sancta-maggiore\/","title":{"rendered":"Prefeitura de S\u00e3o Paulo pede interven\u00e7\u00e3o do Hospital Sancta Maggiore"},"content":{"rendered":"<p> <br \/>\n<\/p>\n<p>A <strong>Secretaria Municipal da Sa\u00fade<\/strong> de S\u00e3o Paulo solicitou a interven\u00e7\u00e3o no <strong>Hospital Sancta Maggiore<\/strong> por meio de of\u00edcio enviado \u00e0 Secretaria de Estado da Sa\u00fade no \u00faltimo dia 27. A solicita\u00e7\u00e3o ocorreu devido ao elevado n\u00famero de mortes (65) em decorr\u00eancia do novo coronav\u00edrus registrado nas unidades do hospital e pelos resultados de laudos das inspe\u00e7\u00f5es da Vigil\u00e2ncia em Sa\u00fade do Munic\u00edpio, realizados na institui\u00e7\u00e3o.<\/p>\n<p>Segundo informa\u00e7\u00f5es da Secretaria Estadual de Sa\u00fade do Estado de S\u00e3o Paulo, o Centro de Vigil\u00e2ncia Sanit\u00e1ria (CVS) est\u00e1 em contato com a Prefeitura de S\u00e3o Paulo para obter o relat\u00f3rio referente \u00e0 situa\u00e7\u00e3o epidemiol\u00f3gica do Hospital Sancta Maggiore, j\u00e1 que essa an\u00e1lise \u00e9 de compet\u00eancia do munic\u00edpio. \u201cUma equipe do CVS vistoriou o servi\u00e7o neste m\u00eas e constatou que a unidade estava em conformidade com legisla\u00e7\u00e3o sanit\u00e1ria\u201d, disse a secretaria por meio de nota.<\/p>\n<h2>Minist\u00e9rio P\u00fablico<\/h2>\n<p>O Minist\u00e9rio P\u00fablico de S\u00e3o Paulo instaurou procedimento de investiga\u00e7\u00e3o criminal para apura\u00e7\u00e3o de eventual pr\u00e1tica de delito de n\u00e3o notifica\u00e7\u00e3o compuls\u00f3ria por Covid-19 no Hospital Santa Maggiore.<\/p>\n<h1><span>+\u00a0<a href=\"http:\/\/assineabril.com.br\/assinevesp\" target=\"_blank\" rel=\"noopener noreferrer\">Assine a Vejinha<\/a><span>\u00a0<\/span>por 19,90 mensais.<\/span><\/h1>\n<p>&nbsp;<\/p>\n<p>\u201cDe acordo com a Secretaria Municipal de Sa\u00fade de S\u00e3o Paulo, a inspe\u00e7\u00e3o epidemiol\u00f3gica no referido hospital constatou a exist\u00eancia de casos suspeitos de coronav\u00edrus n\u00e3o notificados na unidade, fato que teria impedido a vigil\u00e2ncia sanit\u00e1ria de adotar as medidas necess\u00e1rias\u201d, relata a promotora de Justi\u00e7a Criminal Celeste Leite dos Santos, gestora do projeto Acolhimento de V\u00edtimas, An\u00e1lise e Resolu\u00e7\u00e3o de Conflitos do MPSP.<\/p>\n<p>A investiga\u00e7\u00e3o envolve a Vigil\u00e2ncia Sanit\u00e1ria Estadual e Municipal, as secretarias de Sa\u00fade do Estado e da Cidade de S\u00e3o Paulo, Pol\u00edcia Civil e o Hospital Santa Maggiore. Os familiares das v\u00edtimas do covid-19 no Santa Maggiore ser\u00e3o intimados a prestarem depoimentos e auxiliarem na investiga\u00e7\u00e3o.<\/p>\n<h2>Outro lado<\/h2>\n<p>O advogado que representa a Prevent Senior, respons\u00e1vel pelo Hospital Sancta Maggiore, Nelson Wilians, disse que a institui\u00e7\u00e3o repudia a ret\u00f3rica do secret\u00e1rio municipal de Sa\u00fade, Edson Aparecido, e acusa a prefeitura de uso de expedientes desonestos, abusivos e inver\u00eddicos para ganhar notoriedade e causar p\u00e2nico.<\/p>\n<p>\u201cAtacar uma institui\u00e7\u00e3o que tem cumprido rigorosamente as normas de atendimento prescritas pelo Minist\u00e9rio da Sa\u00fade e OMS [Organiza\u00e7\u00e3o Mundial de Sa\u00fade] \u00e9 um golpe baixo que n\u00e3o iremos admitir. S\u00e3o mentirosas as alega\u00e7\u00f5es de que h\u00e1 subnotifica\u00e7\u00f5es, falta de funcion\u00e1rios e problemas na estrutura\u00e7\u00e3o do hospital da operadora\u201d, disse.<\/p>\n<p>Segundo o advogado, a Prevent Senior acionar\u00e1 a prefeitura judicialmente pelo descumprimento dos princ\u00edpios constitucionais e administrativos.<\/p>\n<div class=\"widget-news widget-box no-margin no-border\"><span class=\"widget-news-title content-box-title\">Veja tamb\u00e9m<\/span><\/p>\n<ul class=\"widget-news-list\">\n<li class=\"widget-news-item without-thumb with-border\">\n<div class=\"widget-news-info\"><a href=\"http:\/\/vejasp.abril.com.br\/saude\">Sa\u00fade<\/a><span class=\"widget-news-item-title\"><a href=\"https:\/\/vejasp.abril.com.br\/saude\/sp-recorde-mortes-coronavirus-marco\/\">SP registra recorde de mortes por coronav\u00edrus em um \u00fanico dia<\/a><\/span><span class=\"widget-news-item-date\">31 mar 2020 &#8211; 18h03<\/span><\/div>\n<\/li>\n<li class=\"widget-news-item without-thumb with-border\">\n<div class=\"widget-news-info\"><a href=\"http:\/\/vejasp.abril.com.br\/cidades\">Cidades<\/a><span class=\"widget-news-item-title\"><a href=\"https:\/\/vejasp.abril.com.br\/cidades\/pm-primeira-morte-coronavirus-covid-19\/\">Sargento da PM \u00e9 primeira morte da corpora\u00e7\u00e3o por Covid-19<\/a><\/span><span class=\"widget-news-item-date\">31 mar 2020 &#8211; 15h03<\/span><\/div>\n<\/li>\n<\/ul>\n<\/div>\n<p><br \/>\n<br \/><a href=\"https:\/\/vejasp.abril.com.br\/cidades\/prefeitura-intervencao-hospital-sancta-maggiori\/\">Fonte do Artigo <\/a><br \/>\nTags:<br \/>\n#loterias #loteriascaixa #megasena #resultadoapostas#noticias #noticiario  #noticia #brasil #noticiascolombia #mundo #esporte #colombia #noticiadeld #ltimasnoticias  #noticiario #noticiasregionales #noticiasdepartamentales #noticiashoy #esportes #noticiaahora #elinformantenoticias #noticiasdeboyac  #esporteinterativo #esportivo #diariodosesportes  #noticiero  #jogodefutebol #jogos #loto #apostas<\/p>\n","protected":false},"excerpt":{"rendered":"<p>A Secretaria Municipal da Sa\u00fade de S\u00e3o Paulo solicitou a interven\u00e7\u00e3o no Hospital Sancta Maggiore por meio de of\u00edcio enviado \u00e0 Secretaria de Estado da Sa\u00fade no \u00faltimo dia 27. A solicita\u00e7\u00e3o ocorreu devido ao elevado n\u00famero de mortes (65) em decorr\u00eancia do novo coronav\u00edrus registrado nas unidades do hospital e pelos resultados de laudos [&hellip;]<\/p>\n","protected":false},"author":1,"featured_media":47193,"comment_status":"open","ping_status":"open","sticky":false,"template":"","format":"standard","meta":{"footnotes":""},"categories":[1],"tags":[],"class_list":["post-47192","post","type-post","status-publish","format-standard","has-post-thumbnail","hentry","category-curso-de-copy"],"_links":{"self":[{"href":"https:\/\/wiy.com.br\/noticias\/wp-json\/wp\/v2\/posts\/47192","targetHints":{"allow":["GET"]}}],"collection":[{"href":"https:\/\/wiy.com.br\/noticias\/wp-json\/wp\/v2\/posts"}],"about":[{"href":"https:\/\/wiy.com.br\/noticias\/wp-json\/wp\/v2\/types\/post"}],"author":[{"embeddable":true,"href":"https:\/\/wiy.com.br\/noticias\/wp-json\/wp\/v2\/users\/1"}],"replies":[{"embeddable":true,"href":"https:\/\/wiy.com.br\/noticias\/wp-json\/wp\/v2\/comments?post=47192"}],"version-history":[{"count":0,"href":"https:\/\/wiy.com.br\/noticias\/wp-json\/wp\/v2\/posts\/47192\/revisions"}],"wp:featuredmedia":[{"embeddable":true,"href":"https:\/\/wiy.com.br\/noticias\/wp-json\/wp\/v2\/media\/47193"}],"wp:attachment":[{"href":"https:\/\/wiy.com.br\/noticias\/wp-json\/wp\/v2\/media?parent=47192"}],"wp:term":[{"taxonomy":"category","embeddable":true,"href":"https:\/\/wiy.com.br\/noticias\/wp-json\/wp\/v2\/categories?post=47192"},{"taxonomy":"post_tag","embeddable":true,"href":"https:\/\/wiy.com.br\/noticias\/wp-json\/wp\/v2\/tags?post=47192"}],"curies":[{"name":"wp","href":"https:\/\/api.w.org\/{rel}","templated":true}]}}