{"id":47099,"date":"2023-02-26T15:15:10","date_gmt":"2023-02-26T18:15:10","guid":{"rendered":"https:\/\/wiy.com.br\/noticias\/videos-de-osmar-terra-sao-compartilhados-como-se-fossem-de-adib-jatene\/"},"modified":"2020-03-30T19:42:20","modified_gmt":"2020-03-30T22:42:20","slug":"videos-de-osmar-terra-sao-compartilhados-como-se-fossem-de-adib-jatene","status":"publish","type":"post","link":"https:\/\/wiy.com.br\/noticias\/videos-de-osmar-terra-sao-compartilhados-como-se-fossem-de-adib-jatene\/","title":{"rendered":"V\u00eddeos de Osmar Terra s\u00e3o compartilhados como se fossem de Adib Jatene"},"content":{"rendered":"<p> <br \/>\n<\/p>\n<p>S\u00e3o falsos os v\u00eddeos que atribuem ao falecido m\u00e9dico e ex-ministro da Sa\u00fade <strong>Adib Jatene<\/strong> a defesa do chamado <strong>isolamento vertical<\/strong>, estrat\u00e9gia assumida pelo presidente Jair Bolsonaro (sem partido) como pol\u00edtica oficial para enfrentar o novo <strong><a href=\"https:\/\/exame.abril.com.br\/noticias-sobre\/coronavirus\/\">coronav\u00edrus<\/a><\/strong>. Quem aparece nas imagens, na verdade, \u00e9 o deputado federal <strong>Osmar Terra<\/strong> (MDB-RS).<\/p>\n<p>Essa verifica\u00e7\u00e3o foi realizada com base em buscas reversas de dois v\u00eddeos encontrados pelo Comprova<b><span>\u00a0<\/span><\/b>atribu\u00eddos ao ex-ministro.<\/p>\n<p>Depois de um<span>\u00a0<\/span><a href=\"https:\/\/www.youtube.com\/watch?v=Vl_DYb-XaAE\">pronunciamento em rede nacional realizado na ter\u00e7a-feira, 24<\/a>, o presidente da Rep\u00fablica passou a defender o isolamento vertical, em que apenas idosos e pessoas do grupo de risco sejam mantidos isolados durante a pandemia de covid-19, a doen\u00e7a provocada pelo novo coronav\u00edrus.<\/p>\n<p>Os demais cidad\u00e3os, segundo Bolsonaro, deveriam voltar \u00e0s \u201catividades normais\u201d para reduzir os impactos econ\u00f4micos do isolamento social.<\/p>\n<p>Desde o pronunciamento do presidente, circulam nas redes sociais dois v\u00eddeos diferentes, ambos creditados ao famoso<span> <\/span>m\u00e9dico cardiologista.<a href=\"https:\/\/www.estadao.com.br\/noticias\/geral,morre-aos-85-anos-o-medico-e-ex-ministro-adib-jatene,1593293\"> Adib Jatene, contudo, morto em 14 de novembro de 2014<\/a>.<\/p>\n<p>Jatene foi secret\u00e1rio estadual da Sa\u00fade de S\u00e3o Paulo e<span>\u00a0<\/span><a href=\"https:\/\/www.saude.gov.br\/galeria-de-ministros\">ministro da Sa\u00fade nas gest\u00f5es Fernando Collor e Fernando Henrique Cardoso<\/a>. Tamb\u00e9m foi diretor-geral do Hospital do Cora\u00e7\u00e3o, em S\u00e3o Paulo, e um dos pioneiros da cirurgia card\u00edaca no Brasil.<\/p>\n<p>Em alguns dos textos que acompanham os v\u00eddeos, Adib \u00e9 creditado como infectologista, o que tamb\u00e9m \u00e9 falso. Ele foi um m\u00e9dico conhecido pela sua especializa\u00e7\u00e3o em cardiologia e respeitado pelos servi\u00e7os p\u00fablico e acad\u00eamico prestados. Apesar de ter assumido cargos p\u00fablicos, nunca foi filiado a nenhum partido pol\u00edtico.<\/p>\n<p>Quem aparece nos v\u00eddeos \u00e9, na realidade, um aliado de Bolsonaro. Trata-se de Osmar Terra, ex-ministro da Cidadania do governo Bolsonaro.<\/p>\n<p>No \u00faltimo dia 21, Terra publicou em seu canal no YouTube um<span>\u00a0<\/span><a href=\"https:\/\/www.youtube.com\/watch?v=sEdKiRUJrSI\">v\u00eddeo<\/a><span>\u00a0<\/span>em que defende algumas medidas alinhadas ao posicionamento do presidente da Rep\u00fablica, como o fim da quarentena e do isolamento vertical para que a economia n\u00e3o seja prejudicada. Este v\u00eddeo, por sua vez, foi relacionado v\u00e1rias vezes na internet a Adib Jatene, falecido em 2014.<\/p>\n<p>Al\u00e9m de ex-ministro, Terra \u00e9 m\u00e9dico e<span>\u00a0<\/span><a href=\"https:\/\/www.camara.leg.br\/deputados\/73692\/biografia\"><b>est\u00e1 no sexto mandato como deputado federal<\/b><\/a>. Alinhado ao discurso do presidente da Rep\u00fablica, vem defendendo diariamente em postagens e entrevistas as medidas propagadas por Bolsonaro, que contrariam as diretrizes da Organiza\u00e7\u00e3o Mundial da Sa\u00fade (OMS) e tamb\u00e9m do Minist\u00e9rio da Sa\u00fade.<\/p>\n<p>Outro v\u00eddeo de Osmar Terra com circula\u00e7\u00e3o alta e creditado a Jatene \u00e9 um discurso que o deputado fez na C\u00e2mara,<span>\u00a0<\/span><a href=\"https:\/\/youtu.be\/MA5QD-Ch61Q?t=567\">no \u00faltimo dia 18<\/a>, com o mesmo tom e argumentos parecidos a favor do isolamento vertical.<\/p>\n<div class=\"widget-news widget-box no-margin no-border\"><span class=\"widget-news-title content-box-title\">Veja tamb\u00e9m<\/span><\/p>\n<ul class=\"widget-news-list\">\n<li class=\"widget-news-item without-thumb with-border\">\n<div class=\"widget-news-info\"><a href=\"http:\/\/exame.abril.com.br\/brasil\">BRASIL<\/a><span class=\"widget-news-item-title\"><a href=\"https:\/\/exame.abril.com.br\/brasil\/formulario-que-pede-dados-para-receber-beneficio-do-coronavirus-e-falso\/\">Formul\u00e1rio que pede dados para receber benef\u00edcio do coronav\u00edrus \u00e9 falso<\/a><\/span><span class=\"widget-news-item-date\">30 mar 2020 &#8211; 14h03<\/span><\/div>\n<\/li>\n<\/ul>\n<\/div>\n<h3>Como verificamos<\/h3>\n<p>Osmar Terra \u00e9 uma figura p\u00fablica reconhecida, \u00e9 deputado federal pelo estado do Rio Grande do Sul e aliado do presidente Jair Bolsonaro. A partir da identifica\u00e7\u00e3o, buscamos nas redes sociais do deputado pronunciamentos a respeito do novo coronav\u00edrus.<\/p>\n<p>As entrevistas e declara\u00e7\u00f5es sobre o tema tamb\u00e9m est\u00e3o dispon\u00edveis no perfil dele no<span>\u00a0<\/span><a href=\"https:\/\/twitter.com\/OsmarTerra\">Twitter<\/a>, possibilitando o cruzamento com os v\u00eddeos que circulam. Em consulta na internet \u00e9 poss\u00edvel localizar as imagens do pol\u00edtico.<\/p>\n<p>Sobre Adib Jatene foi poss\u00edvel identificar sua hist\u00f3ria e biografia com buscas na internet. Apenas usando o nome dele em buscadores \u00e9 simples encontrar reportagens sobre o cardiologista e sobre as institui\u00e7\u00f5es das quais ele participava.<\/p>\n<p>Est\u00e3o na internet, por exemplo, diversas reportagens sobre a morte dele, publicadas por jornais como<span>\u00a0<\/span><a href=\"https:\/\/www.estadao.com.br\/noticias\/geral,morre-aos-85-anos-o-medico-e-ex-ministro-adib-jatene,1593293\"><em>O Estado de S. Paulo<\/em>,<\/a><span>\u00a0<\/span><a href=\"https:\/\/www1.folha.uol.com.br\/cotidiano\/2014\/11\/1548668-morre-ex-ministro-adib-jatene-em-sao-paulo.shtml\"><em>Folha de S. Paulo<\/em><\/a><span>\u00a0<\/span>e portal<span>\u00a0<\/span><a href=\"http:\/\/g1.globo.com\/sao-paulo\/noticia\/2014\/11\/morre-ex-ministro-adib-jatene-em-sp.html\">G1<\/a>.<\/p>\n<h3>Diferen\u00e7a entre os isolamentos<\/h3>\n<p>A orienta\u00e7\u00e3o majorit\u00e1ria dos epidemiologistas e infectologistas tem sido pelo distanciamento social m\u00e1ximo poss\u00edvel, em que apenas os servi\u00e7os considerados essenciais sejam mantidos.<\/p>\n<p>As medidas s\u00e3o de precau\u00e7\u00e3o para minimizar o per\u00edodo e a intensidade do colapso do sistema de sa\u00fade. Essa pol\u00edtica \u00e9 chamada de \u201cisolamento horizontal\u201d.<\/p>\n<p>O que m\u00e9dicos como Osmar Terra argumentam, apesar de escassos dados dispon\u00edveis, \u00e9 que seria poss\u00edvel conter a doen\u00e7a reduzindo as massivas perdas econ\u00f4micas que o modelo de conten\u00e7\u00e3o pode causar.<\/p>\n<h3>Viraliza\u00e7\u00e3o<\/h3>\n<p>O Comprova<b><span>\u00a0<\/span><\/b>recebeu o v\u00eddeo pelo seu canal no WhatsApp e no Twitter, onde h\u00e1 o registro de dezenas de publica\u00e7\u00f5es do suposto v\u00eddeo relacionado ao<span>\u00a0<\/span><a href=\"https:\/\/www.paho.org\/bra\/index.php?option=com_content&amp;view=article&amp;id=4732:nota-de-pesar-falecimento-do-dr-adib-jatene&amp;Itemid=875\">famoso m\u00e9dico cardiologista morto em 2014<\/a>.<\/p>\n<p><strong>*Coaliza\u00e7\u00e3o de 24 ve\u00edculos de comunica\u00e7\u00e3o, incluindo a EXAME, para verificar informa\u00e7\u00f5es falsas que circulam pelas redes sociais sobre o novo coronav\u00edrus.<span>\u00a0<\/span><a href=\"https:\/\/projetocomprova.com.br\/publica%C3%A7%C3%B5es\/videos-de-osmar-terra-sao-compartilhados-como-se-fossem-do-ex-ministro-adib-jatene\/\">Esta checagem<\/a><span>\u00a0<\/span>foi realizada pela equipe do<span>\u00a0<\/span><em>SBT <\/em>e <em>BandNewsFM<\/em>.<\/strong><\/p>\n<p><script async src=\"http:\/\/platform.twitter.com\/widgets.js\" charset=\"utf-8\"><\/script><br \/>\n<br \/><br \/>\n<br \/><a href=\"https:\/\/exame.abril.com.br\/brasil\/videos-de-osmar-terra-sao-compartilhados-como-se-fossem-de-adib-jatene\/\">Fonte do artigo <\/a><br \/>\nTags:<br \/>\n#politica #political #negocios #business #marketingdigital #empreendedorismo #marketing #emprendedores #empreender #sucesso #empresas #emprendimiento #emprendedor #empreendedor #emprender #dinheiro #dinero #empresario #vendas #liderazgo #motivacion #foco #motivacao #negocio #brasil<\/p>\n","protected":false},"excerpt":{"rendered":"<p>S\u00e3o falsos os v\u00eddeos que atribuem ao falecido m\u00e9dico e ex-ministro da Sa\u00fade Adib Jatene a defesa do chamado isolamento vertical, estrat\u00e9gia assumida pelo presidente Jair Bolsonaro (sem partido) como pol\u00edtica oficial para enfrentar o novo coronav\u00edrus. Quem aparece nas imagens, na verdade, \u00e9 o deputado federal Osmar Terra (MDB-RS). Essa verifica\u00e7\u00e3o foi realizada com [&hellip;]<\/p>\n","protected":false},"author":1,"featured_media":19236,"comment_status":"open","ping_status":"open","sticky":false,"template":"","format":"standard","meta":{"footnotes":""},"categories":[1],"tags":[],"class_list":["post-47099","post","type-post","status-publish","format-standard","has-post-thumbnail","hentry","category-curso-de-copy"],"_links":{"self":[{"href":"https:\/\/wiy.com.br\/noticias\/wp-json\/wp\/v2\/posts\/47099","targetHints":{"allow":["GET"]}}],"collection":[{"href":"https:\/\/wiy.com.br\/noticias\/wp-json\/wp\/v2\/posts"}],"about":[{"href":"https:\/\/wiy.com.br\/noticias\/wp-json\/wp\/v2\/types\/post"}],"author":[{"embeddable":true,"href":"https:\/\/wiy.com.br\/noticias\/wp-json\/wp\/v2\/users\/1"}],"replies":[{"embeddable":true,"href":"https:\/\/wiy.com.br\/noticias\/wp-json\/wp\/v2\/comments?post=47099"}],"version-history":[{"count":0,"href":"https:\/\/wiy.com.br\/noticias\/wp-json\/wp\/v2\/posts\/47099\/revisions"}],"wp:featuredmedia":[{"embeddable":true,"href":"https:\/\/wiy.com.br\/noticias\/wp-json\/wp\/v2\/media\/19236"}],"wp:attachment":[{"href":"https:\/\/wiy.com.br\/noticias\/wp-json\/wp\/v2\/media?parent=47099"}],"wp:term":[{"taxonomy":"category","embeddable":true,"href":"https:\/\/wiy.com.br\/noticias\/wp-json\/wp\/v2\/categories?post=47099"},{"taxonomy":"post_tag","embeddable":true,"href":"https:\/\/wiy.com.br\/noticias\/wp-json\/wp\/v2\/tags?post=47099"}],"curies":[{"name":"wp","href":"https:\/\/api.w.org\/{rel}","templated":true}]}}