{"id":46972,"date":"2023-02-26T15:41:46","date_gmt":"2023-02-26T18:41:46","guid":{"rendered":"https:\/\/wiy.com.br\/noticias\/microsoft-volta-atras-e-nao-vai-mais-aumentar-preco-do-pacote-office\/"},"modified":"2020-03-28T18:16:07","modified_gmt":"2020-03-28T21:16:07","slug":"microsoft-volta-atras-e-nao-vai-mais-aumentar-preco-do-pacote-office","status":"publish","type":"post","link":"https:\/\/wiy.com.br\/noticias\/microsoft-volta-atras-e-nao-vai-mais-aumentar-preco-do-pacote-office\/","title":{"rendered":"Microsoft volta atr\u00e1s e n\u00e3o vai mais aumentar pre\u00e7o do pacote Office"},"content":{"rendered":"<p> <br \/>\n<br \/><img title = \"[Tags]\"alt = \"20190530062703_860_645_-_office_365_microsoft Microsoft volta atr\u00e1s e n\u00e3o vai mais aumentar pre\u00e7o do pacote Office\"decoding=\"async\" align=\"left\" hspace=\"8\" src=\"https:\/\/img.olhardigital.com.br\/uploads\/acervo_imagens\/2019\/05\/r4x3\/20190530062703_860_645_-_office_365_microsoft.jpg\"><\/p>\n<p>[Atualiza&ccedil;&atilde;o] Ap&oacute;s questionamento do <strong>Olhar Digital<\/strong>, a Microsoft voltou atr&aacute;s e decidiu manter os valores j&aacute; praticados do pacote Office. Em nota, a empresa informou:<\/p>\n<p><em>&#8220;Avaliamos periodicamente o valor e o pre&ccedil;o de nossos servi&ccedil;os com o objetivo de garantir alinhamento com as taxas de c&acirc;mbio atuais. Recentemente, implementamos em pa&iacute;ses selecionados, um reajuste de pre&ccedil;o para o Office 365 Home e o Office 365 Personal, esta medida foi adotada antes do cen&aacute;rio atual de mercado. Para apoiar nossos clientes que lidam com o impacto do COVID-19, decidimos voltar a praticar imediatamente o nosso pre&ccedil;o anterior. Continuamos comprometidos em apoiar nossos clientes com os servi&ccedil;os de que precisam para trabalhar e aprender remotamente durante esse momento desafiador&rdquo;.<\/em><\/p>\n<p>Na &uacute;ltima quinta-feira (25), em e-mail enviado aos assinantes, a Microsoft informava o reajuste e o atribu&iacute;a a &#8220;mudan&ccedil;as nas condi&ccedil;&otilde;es do mercado&#8221;. O comunicado ainda alertava que o usu&aacute;rio deveria arcar com os novos valores j&aacute; na pr&oacute;xima fatura &#8220;a n&atilde;o ser que queira cancelar sua assinatura antes do pr&oacute;ximo pagamento agendado ap&oacute;s 26 de mar&ccedil;o de 2020&#8221;<\/p>\n<p><figure><img title = \"[Tags]\"alt = \"20190530062703_860_645_-_office_365_microsoft Microsoft volta atr\u00e1s e n\u00e3o vai mais aumentar pre\u00e7o do pacote Office\"loading=\"lazy\" decoding=\"async\" src=\"https:\/\/cache.olhardigital.com.br\/uploads\/acervo_imagens\/2020\/03\/20200327135417.jpg\" width=\"660\" height=\"420\"><figcaption><span class=\"copyright\">Reprodu\u00e7\u00e3o<\/span><\/figcaption><\/figure>\n<\/p>\n<div>Segundo a comunica&ccedil;&atilde;o oficial, o reajuste da assinatura do <a href=\"https:\/\/olhardigital.com.br\/coronavirus\/noticia\/microsoft-confirma-que-dois-funcionarios-tem-o-coronavirus\/97695\" target=\"_blank\" rel=\"noopener noreferrer\">Microsoft<\/a> <strong>Office 365 Home<\/strong> para clientes que j&aacute; utilizavam o servi&ccedil;o seria de R$ 299 para R$ 369 anuais, um acr&eacute;scimo de quase 25%.<\/div>\n<p>Os valores foram anunciados pela Microsoft em fevereiro, no entanto, at&eacute; agora estavam restritos somente a compras no site da companhia.<\/p>\n<p>A vers&atilde;o inclui o acesso de at&eacute; seis dispositivos aos programas Word, Excel, PowerPoint, Outlook e Access, bem como a 6 terabytes de armazenamento em nuvem no OneDrive e 60 minutos mensais de chamadas no Skype.<\/p>\n<p><span style=\"font-size: 1.5em\">Contradi&ccedil;&atilde;o<\/p>\n<p>Embora tenha sido anunciada antes da confirma&ccedil;&atilde;o de casos do novo&nbsp;<a href=\"https:\/\/olhardigital.com.br\/coronavirus\/noticia\/casos-de-coronavirus-no-brasil-passam-de-3-mil\/98089\" target=\"_blank\" rel=\"noopener noreferrer\">coronav&iacute;rus no Brasil<\/a>, a medida vai na contram&atilde;o de iniciativas adotadas por empresas de tecnologia para facilitar o acesso de trabalhadores isolados em quarentenas a ferramentas de trabalho remoto.<\/p>\n<p>A pr&oacute;pria Microsoft decidiu liberar a plataforma de comunica&ccedil;&atilde;o corporativa Microsoft&nbsp;<a href=\"https:\/\/olhardigital.com.br\/coronavirus\/noticia\/microsoft-teams-tem-instabilidade-com-aumento-de-usuarios-em-home-office\/98077\" target=\"_blank\" rel=\"noopener noreferrer\">Teams<\/a> gratuitamente para empresas pelo per&iacute;odo de seis meses. J&aacute; a concorrente Apple, estendeu o prazo de testes gratuitos no aplicativo de edi&ccedil;&atilde;o <a href=\"https:\/\/olhardigital.com.br\/coronavirus\/noticia\/apple-estende-periodo-de-teste-gratuito-do-final-cut-pro-para-90-dias\/98646\" target=\"_blank\" rel=\"noopener noreferrer\">Final Cut Pro X<\/a> de 30 dias para tr&ecirc;s meses e ainda estuda oferecer o mesmo para a ferramente de edi&ccedil;&atilde;o de &aacute;udio Logic Pro.<\/p>\n<p>Outro exemplo &eacute; o aplicativo de teleconfer&ecirc;ncia <a href=\"https:\/\/olhardigital.com.br\/coronavirus\/noticia\/acoes-da-zoom-disparam-e-empresa-ja-vale-us-38-bilhoes\/98538\" target=\"_blank\" rel=\"noopener noreferrer\">Zoom<\/a> que suspendeu o limite de 40 minutos por sess&otilde;es e liberou os servi&ccedil;os gratuitamente para alunos de escolas interditadas devido &agrave; pandemia.<\/p>\n<p>&nbsp;<\/p>\n<p><br \/>\n<br \/><a href=\"https:\/\/olhardigital.com.br\/coronavirus\/noticia\/microsoft-volta-atras-e-nao-vai-mais-aumentar-preco-do-pacote-office\/98652\">Fonte do Artigo <\/a><br \/>\nTags:<\/p>\n<p><a href=\"https:\/\/wiy.com.br\/noticias\/categoria\/tecnologia\/\">#tecnologia<\/a> <a href=\"https:\/\/wiy.com.br\/noticias\/categoria\/tecnologia\/\">#tecnologias<\/a> <a href=\"https:\/\/wiy.com.br\/noticias\/categoria\/tecnologia\/\">#technology<\/a> <a href=\"https:\/\/wiy.com.br\/noticias\/categoria\/tecnologia\/\">#tecnolog<\/a> <a href=\"https:\/\/wiy.com.br\/noticias\/categoria\/tecnologia\/\">#iphone<\/a> <a href=\"https:\/\/wiy.com.br\/noticias\/categoria\/tecnologia\/\">#informatica<\/a> <a href=\"https:\/\/wiy.com.br\/noticias\/categoria\/tecnologia\/\">#tech<\/a> <a href=\"https:\/\/wiy.com.br\/noticias\/categoria\/tecnologia\/\">#design<\/a> <a href=\"https:\/\/wiy.com.br\/noticias\/categoria\/tecnologia\/\">#samsung<\/a> <a href=\"https:\/\/wiy.com.br\/noticias\/categoria\/tecnologia\/\">#internet<\/a> <a href=\"https:\/\/wiy.com.br\/noticias\/categoria\/tecnologia\/\">#apple<\/a> <a href=\"https:\/\/wiy.com.br\/noticias\/categoria\/tecnologia\/\">#smartphone<\/a> <a href=\"https:\/\/wiy.com.br\/noticias\/categoria\/tecnologia\/\">#seguranca<\/a> <a href=\"https:\/\/wiy.com.br\/noticias\/categoria\/tecnologia\/\">#venezuela<\/a> <a href=\"https:\/\/wiy.com.br\/noticias\/categoria\/tecnologia\/\">#celular<\/a> <a href=\"https:\/\/wiy.com.br\/noticias\/categoria\/tecnologia\/\">#celulares<\/a> <a href=\"https:\/\/wiy.com.br\/noticias\/categoria\/tecnologia\/\">#inovar<\/a> <a href=\"https:\/\/wiy.com.br\/noticias\/categoria\/tecnologia\/\">#qualidade<\/a> <a href=\"https:\/\/wiy.com.br\/noticias\/categoria\/tecnologia\/\">#software<\/a> <a href=\"https:\/\/wiy.com.br\/noticias\/categoria\/tecnologia\/\">#empresas<\/a> <a href=\"https:\/\/wiy.com.br\/noticias\/categoria\/tecnologia\/\">#cursos<\/a> <a href=\"https:\/\/wiy.com.br\/noticias\/categoria\/tecnologia\/\">#engenharia<\/a> <a href=\"https:\/\/wiy.com.br\/noticias\/categoria\/tecnologia\/\">#industria<\/a> <a href=\"https:\/\/wiy.com.br\/noticias\/categoria\/tecnologia\/\">#marketing<\/a> <a href=\"https:\/\/wiy.com.br\/noticias\/categoria\/tecnologia\/\">#ti<\/a> <a href=\"https:\/\/wiy.com.br\/noticias\/categoria\/tecnologia\/\">#tecnoblog<\/a> <a href=\"https:\/\/wiy.com.br\/noticias\/categoria\/tecnologia\/\">#veja<\/a> <a href=\"https:\/\/wiy.com.br\/noticias\/categoria\/tecnologia\/\">#olhardigital<\/a> <a href=\"https:\/\/wiy.com.br\/noticias\/categoria\/tecnologia\/\">#mundodigital<\/a> <a href=\"https:\/\/wiy.com.br\/noticias\/categoria\/tecnologia\/\">#inteligenciaartificial<\/a> <a href=\"https:\/\/wiy.com.br\/criacao-de-sites\/\">#criar site<\/a> <a href=\"https:\/\/wiy.com.br\/criacao-de-sites\/\">#criar site curitiba<\/a> <a href=\"https:\/\/wiy.com.br\/criacao-de-sites\/\">#wiysolutions<\/a><\/p>\n","protected":false},"excerpt":{"rendered":"<p>[Atualiza&ccedil;&atilde;o] Ap&oacute;s questionamento do Olhar Digital, a Microsoft voltou atr&aacute;s e decidiu manter os valores j&aacute; praticados do pacote Office. Em nota, a empresa informou: &#8220;Avaliamos periodicamente o valor e o pre&ccedil;o de nossos servi&ccedil;os com o objetivo de garantir alinhamento com as taxas de c&acirc;mbio atuais. Recentemente, implementamos em pa&iacute;ses selecionados, um reajuste de [&hellip;]<\/p>\n","protected":false},"author":1,"featured_media":46952,"comment_status":"open","ping_status":"open","sticky":false,"template":"","format":"standard","meta":{"footnotes":""},"categories":[5],"tags":[],"class_list":["post-46972","post","type-post","status-publish","format-standard","has-post-thumbnail","hentry","category-tecnologia"],"_links":{"self":[{"href":"https:\/\/wiy.com.br\/noticias\/wp-json\/wp\/v2\/posts\/46972","targetHints":{"allow":["GET"]}}],"collection":[{"href":"https:\/\/wiy.com.br\/noticias\/wp-json\/wp\/v2\/posts"}],"about":[{"href":"https:\/\/wiy.com.br\/noticias\/wp-json\/wp\/v2\/types\/post"}],"author":[{"embeddable":true,"href":"https:\/\/wiy.com.br\/noticias\/wp-json\/wp\/v2\/users\/1"}],"replies":[{"embeddable":true,"href":"https:\/\/wiy.com.br\/noticias\/wp-json\/wp\/v2\/comments?post=46972"}],"version-history":[{"count":0,"href":"https:\/\/wiy.com.br\/noticias\/wp-json\/wp\/v2\/posts\/46972\/revisions"}],"wp:featuredmedia":[{"embeddable":true,"href":"https:\/\/wiy.com.br\/noticias\/wp-json\/wp\/v2\/media\/46952"}],"wp:attachment":[{"href":"https:\/\/wiy.com.br\/noticias\/wp-json\/wp\/v2\/media?parent=46972"}],"wp:term":[{"taxonomy":"category","embeddable":true,"href":"https:\/\/wiy.com.br\/noticias\/wp-json\/wp\/v2\/categories?post=46972"},{"taxonomy":"post_tag","embeddable":true,"href":"https:\/\/wiy.com.br\/noticias\/wp-json\/wp\/v2\/tags?post=46972"}],"curies":[{"name":"wp","href":"https:\/\/api.w.org\/{rel}","templated":true}]}}