{"id":46812,"date":"2023-02-26T15:20:17","date_gmt":"2023-02-26T18:20:17","guid":{"rendered":"https:\/\/wiy.com.br\/noticias\/o-presidente-sou-eu-diz-bolsonaro-sobre-defesa-de-mourao-por-isolamento\/"},"modified":"2020-03-26T21:08:09","modified_gmt":"2020-03-27T00:08:09","slug":"o-presidente-sou-eu-diz-bolsonaro-sobre-defesa-de-mourao-por-isolamento","status":"publish","type":"post","link":"https:\/\/wiy.com.br\/noticias\/o-presidente-sou-eu-diz-bolsonaro-sobre-defesa-de-mourao-por-isolamento\/","title":{"rendered":"\u201cO presidente sou eu\u201d, diz Bolsonaro sobre defesa de Mour\u00e3o por isolamento"},"content":{"rendered":"<p> <br \/>\n<\/p>\n<p>&#8220;O presidente sou eu&#8221;, reagiu<strong><a href=\"https:\/\/exame.abril.com.br\/noticias-sobre\/jair-bolsonaro\/\"> Jair Bolsonaro<\/a><\/strong> sobre a declara\u00e7\u00e3o de seu vice, <strong><a href=\"https:\/\/exame.abril.com.br\/noticias-sobre\/general-hamilton-mourao\">Hamilton Mour\u00e3o<\/a><\/strong>, sobre isolamento social durante a pandemia do novo <strong><a href=\"https:\/\/exame.abril.com.br\/noticias-sobre\/coronavirus\">coronav\u00edrus<\/a><\/strong>.<\/p>\n<p>Ontem, ap\u00f3s Bolsonaro se posicionar em rede nacional contra medidas de quarentena, Mour\u00e3o afirmou que a posi\u00e7\u00e3o do governo para combater a pandemia da covid-19 &#8220;\u00e9 uma s\u00f3&#8221; e continua sendo isolamento e distanciamento entre as pessoas.<\/p>\n<p>Apesar de desautorizar Mour\u00e3o, Bolsonaro elogiou o vice durante conversa com jornalistas. &#8220;O presidente sou eu, p\u00f4. O presidente sou eu. Os ministros seguem as minhas determina\u00e7\u00f5es. E o Mour\u00e3o tem ajudado bastante, colaborado, dado opini\u00f5es, \u00e9 uma pessoa que est\u00e1 do meu lado ali. \u00c9 o reserva de voc\u00eas se eu empacotar a\u00ed, voc\u00eas v\u00e3o ter de engolir o Mour\u00e3o. \u00c9 uma boa pessoa, podem ter certeza&#8221;, declarou.<\/p>\n<p>Bolsonaro afirmou que o ministro da Sa\u00fade, Luiz Henrique Mandetta, j\u00e1 concordou com a mudan\u00e7a no formato do isolamento horizontal para vertical, mas ainda estuda como implementar a medida.<\/p>\n<div class=\"widget-news widget-box no-margin no-border\"><span class=\"widget-news-title content-box-title\">Veja tamb\u00e9m<\/span><\/p>\n<ul class=\"widget-news-list\">\n<li class=\"widget-news-item without-thumb with-border\">\n<div class=\"widget-news-info\"><a href=\"http:\/\/exame.abril.com.br\/geral\">GERAL<\/a><span class=\"widget-news-item-title\"><a href=\"https:\/\/exame.abril.com.br\/geral\/militar-que-atua-na-seguranca-de-bolsonaro-esta-internado-com-coronavirus\/\">Militar que atua na seguran\u00e7a de Bolsonaro est\u00e1 internado com coronav\u00edrus<\/a><\/span><span class=\"widget-news-item-date\">26 mar 2020 &#8211; 15h03<\/span><\/div>\n<\/li>\n<li class=\"widget-news-item without-thumb with-border\">\n<div class=\"widget-news-info\"><a href=\"http:\/\/exame.abril.com.br\/brasil\">BRASIL<\/a><span class=\"widget-news-item-title\"><a href=\"https:\/\/exame.abril.com.br\/brasil\/stf-suspende-trecho-de-mp-de-bolsonaro-que-dificultava-acesso-a-informacao\/\">STF suspende trecho de MP de Bolsonaro que dificultava acesso \u00e0 informa\u00e7\u00e3o<\/a><\/span><span class=\"widget-news-item-date\">26 mar 2020 &#8211; 14h03<\/span><\/div>\n<\/li>\n<\/ul>\n<\/div>\n<p>No Minist\u00e9rio da Sa\u00fade, a implementa\u00e7\u00e3o da medida \u00e9 vista como algo que depende da realiza\u00e7\u00e3o de testes r\u00e1pidos em larga escala no pa\u00eds. Assim, ser\u00e1 poss\u00edvel verificar quem est\u00e1 com a doen\u00e7a e quem est\u00e1 liberado para fazer outras atividades.<\/p>\n<p>O modelo vertical defendido pelo presidente considera apenas isolamento para pessoas do grupo de risco, idosos e aqueles com doen\u00e7as cr\u00f4nicas. Bolsonaro disse que n\u00e3o h\u00e1 prazo para que a transi\u00e7\u00e3o ocorra, e que poderia at\u00e9 come\u00e7ar amanh\u00e3.<\/p>\n<p>Bolsonaro voltou a dizer, nesta quinta, que &#8220;alguns governadores e prefeitos erraram na dose&#8221; das medidas de conten\u00e7\u00e3o, que incluiu fechamento de com\u00e9rcio e escolas, e que &#8220;o povo quer trabalhar&#8221;. De acordo com Bolsonaro, alguns governadores j\u00e1 reavaliam as medidas restritivas.<\/p>\n<p>&#8220;A gente consegue aguentar dois, tr\u00eas meses com o plano que est\u00e1 a\u00ed? N\u00e3o sei quanto vai chegar nossa despesa, centenas de bilh\u00f5es de reais. Tem de voltar quase tudo (setores da economia). E fazer uma campanha fique em casa. N\u00e3o deixa o vov\u00f4 sair de casa, deixa em um cantinho. Quando voltar, toma banho, lava as m\u00e3os, passa \u00e1lcool na orelha. \u00c9 isso da\u00ed&#8221;, declarou.<\/p>\n<p>Sobre a situa\u00e7\u00e3o cr\u00edtica em pa\u00edses como Estados Unidos e It\u00e1lia, Bolsonaro considera que o Brasil n\u00e3o chegar\u00e1 na mesma magnitude de contamina\u00e7\u00f5es e mortes porque os brasileiros possuem algum tipo de diferencia\u00e7\u00e3o, mas sem apresentar embasamentos.<\/p>\n<p>&#8220;Acho que n\u00e3o vai chegar a esse ponto, at\u00e9 porque o brasileiro tem de ser estudado, n\u00e3o pega nada. V\u00ea o cara pulando em esgoto, sai, mergulha e n\u00e3o acontece nada.&#8221;<\/p>\n<p>Bolsonaro disse que muitas pessoas no Brasil j\u00e1 devem ter se contaminado pela covid-19 nas \u00faltimas semanas, mas n\u00e3o apresentaram sintomas e agora possuem imunidade, inclusive ele.<\/p>\n<p>Ainda assim, o presidente afirmou que n\u00e3o vai mostrar os exames que fez para testar a doen\u00e7a, que afirma terem dado negativo. &#8220;Minha palavra vale mais do que um peda\u00e7o de papel&#8221;, reagiu.<\/p>\n<p>At\u00e9 o momento, mais de 20 pessoas que viajaram com Bolsonaro aos Estados Unidos testaram positivo. Nesta semana, um funcion\u00e1rio do Pal\u00e1cio do Planalto que atua na seguran\u00e7a do presidente foi internado em Bras\u00edlia. Para o presidente, no entanto, a interna\u00e7\u00e3o ocorreu por outras pr\u00e9-condi\u00e7\u00f5es de sa\u00fade.<\/p>\n<p>Apesar dos milhares de mortes em pa\u00edses como It\u00e1lia (mais de 8.000), Estados Unidos (mais de 1.000), Espanha (mais de 4.000) e China (mais de 3.000), Bolsonaro afirmou que &#8220;o povo foi enganado&#8221; sobre a gravidade da infec\u00e7\u00e3o e que a previs\u00e3o de milhares de mortes n\u00e3o se confirmou.<\/p>\n<p>Bolsonaro tamb\u00e9m aposta no uso da hidroxicloroquina como sa\u00edda para curar infec\u00e7\u00f5es, embora ainda n\u00e3o haja comprova\u00e7\u00e3o cient\u00edfica de sua efic\u00e1cia. &#8220;At\u00e9 agora, do pessoal que estou falando \u00e9 100% a efetividade que est\u00e1 se notando, 100%&#8221;, disse. Mais cedo, ele mostrou o medicamento durante reuni\u00e3o com l\u00edderes do G20.<\/p>\n<h3>Isolamento vertical<\/h3>\n<p>O presidente afirmou que o ministro da Sa\u00fade, Luiz Henrique Mandetta, j\u00e1 concordou com a mudan\u00e7a no formato do isolamento horizontal para vertical, mas ainda estuda como implementar a medida.<\/p>\n<p>O modelo defendido pelo presidente considera apenas isolamento para pessoas do grupo de risco, idosos e aqueles com doen\u00e7as cr\u00f4nicas. Bolsonaro disse que n\u00e3o h\u00e1 prazo para que a transi\u00e7\u00e3o ocorra, e que poderia at\u00e9 come\u00e7ar amanh\u00e3.<\/p>\n<h3><a href=\"https:\/\/exame.abril.com.br\/noticias-sobre\/coronavirus\">As \u00faltimas not\u00edcias da pandemia do novo coronav\u00edrus<\/a>:<\/h3>\n<ul>\n<li><a href=\"https:\/\/exame.abril.com.br\/mundo\/mapa-mostra-como-o-brasil-e-o-mundo-respondem-ao-coronavirus\/\">Mapa mostra como o Brasil e o mundo est\u00e3o lidando com o novo coronav\u00edrus;<\/a><\/li>\n<li><a href=\"https:\/\/exame.abril.com.br\/mundo\/5-fake-news-sobre-coronavirus-que-estao-circulando-pelo-mundo\/\">As fake news sobre a epidemia que est\u00e3o circulando pelo mundo;<\/a><\/li>\n<li><a href=\"https:\/\/exame.abril.com.br\/ciencia\/saiba-quais-remedios-tem-ibuprofeno-nao-recomendado-contra-o-coronavirus\/\">Saiba quais rem\u00e9dios t\u00eam ibuprofeno, n\u00e3o recomendado contra o coronav\u00edrus<\/a>;<\/li>\n<li><a href=\"https:\/\/exame.abril.com.br\/seu-dinheiro\/ate-57-os-100-fundos-que-mais-perderam-com-a-crise-do-coronavirus\/\">At\u00e9 57%: os 100 fundos que mais perderam com a crise do coronav\u00edrus<\/a><\/li>\n<li><a href=\"https:\/\/exame.abril.com.br\/negocios\/coronavirus-cuidados-que-as-empresas-precisam-ter-com-funcionarios\/\">Os cuidados que as empresas precisam ter com funcion\u00e1rios<\/a>;<\/li>\n<li><a href=\"https:\/\/exame.abril.com.br\/carreira\/precisa-fazer-home-office-por-causa-do-coronavirus-confira-as-dicas\/\">Vai fazer home office por causa do coronav\u00edrus? Confira as dicas<\/a><\/li>\n<\/ul>\n<p><br \/>\n<br \/><a href=\"https:\/\/exame.abril.com.br\/brasil\/o-presidente-sou-eu-diz-bolsonaro-sobre-defesa-de-mourao-por-isolamento\/\">Fonte do artigo <\/a><br \/>\nTags:<br \/>\n#politica #political #negocios #business #marketingdigital #empreendedorismo #marketing #emprendedores #empreender #sucesso #empresas #emprendimiento #emprendedor #empreendedor #emprender #dinheiro #dinero #empresario #vendas #liderazgo #motivacion #foco #motivacao #negocio #brasil<\/p>\n","protected":false},"excerpt":{"rendered":"<p>&#8220;O presidente sou eu&#8221;, reagiu Jair Bolsonaro sobre a declara\u00e7\u00e3o de seu vice, Hamilton Mour\u00e3o, sobre isolamento social durante a pandemia do novo coronav\u00edrus. Ontem, ap\u00f3s Bolsonaro se posicionar em rede nacional contra medidas de quarentena, Mour\u00e3o afirmou que a posi\u00e7\u00e3o do governo para combater a pandemia da covid-19 &#8220;\u00e9 uma s\u00f3&#8221; e continua sendo [&hellip;]<\/p>\n","protected":false},"author":1,"featured_media":46638,"comment_status":"open","ping_status":"open","sticky":false,"template":"","format":"standard","meta":{"footnotes":""},"categories":[1],"tags":[],"class_list":["post-46812","post","type-post","status-publish","format-standard","has-post-thumbnail","hentry","category-curso-de-copy"],"_links":{"self":[{"href":"https:\/\/wiy.com.br\/noticias\/wp-json\/wp\/v2\/posts\/46812","targetHints":{"allow":["GET"]}}],"collection":[{"href":"https:\/\/wiy.com.br\/noticias\/wp-json\/wp\/v2\/posts"}],"about":[{"href":"https:\/\/wiy.com.br\/noticias\/wp-json\/wp\/v2\/types\/post"}],"author":[{"embeddable":true,"href":"https:\/\/wiy.com.br\/noticias\/wp-json\/wp\/v2\/users\/1"}],"replies":[{"embeddable":true,"href":"https:\/\/wiy.com.br\/noticias\/wp-json\/wp\/v2\/comments?post=46812"}],"version-history":[{"count":0,"href":"https:\/\/wiy.com.br\/noticias\/wp-json\/wp\/v2\/posts\/46812\/revisions"}],"wp:featuredmedia":[{"embeddable":true,"href":"https:\/\/wiy.com.br\/noticias\/wp-json\/wp\/v2\/media\/46638"}],"wp:attachment":[{"href":"https:\/\/wiy.com.br\/noticias\/wp-json\/wp\/v2\/media?parent=46812"}],"wp:term":[{"taxonomy":"category","embeddable":true,"href":"https:\/\/wiy.com.br\/noticias\/wp-json\/wp\/v2\/categories?post=46812"},{"taxonomy":"post_tag","embeddable":true,"href":"https:\/\/wiy.com.br\/noticias\/wp-json\/wp\/v2\/tags?post=46812"}],"curies":[{"name":"wp","href":"https:\/\/api.w.org\/{rel}","templated":true}]}}