{"id":46598,"date":"2023-02-26T15:09:01","date_gmt":"2023-02-26T18:09:01","guid":{"rendered":"https:\/\/wiy.com.br\/noticias\/producao-de-carne-bovina-deve-superar-o-volume-de-consumo-em-2020\/"},"modified":"2020-03-24T18:50:39","modified_gmt":"2020-03-24T21:50:39","slug":"producao-de-carne-bovina-deve-superar-o-volume-de-consumo-em-2020","status":"publish","type":"post","link":"https:\/\/wiy.com.br\/noticias\/producao-de-carne-bovina-deve-superar-o-volume-de-consumo-em-2020\/","title":{"rendered":"Produ\u00e7\u00e3o de carne bovina deve superar o volume de consumo em 2020"},"content":{"rendered":"<p> <br \/>\n<\/p>\n<div id=\"post-3426507\">\n<figure class=\"featured-media media-open\"><img title = \"[Tags]\"data-src=\"https:\/\/abrilveja.files.wordpress.com\/2016\/06\/frigorifico-jbs-lins-sp-20030411-original3.jpeg\" class=\"abril-image optimized lazyload\" abril-data-id=\"3426507\"  data- data-pin-nopin=\"false\"alt = \"frigorifico-jbs-lins-sp-20030411-original3 Produ\u00e7\u00e3o de carne bovina deve superar o volume de consumo em 2020\"\/><figcaption class=\"caption\">Carne fresca brasileira\u00a0Dario Lopez-Mills\/AP\/VEJA<\/figcaption><\/figure>\n<section class=\"content\">\n<p>Diante da corrida dos brasileiros aos supermercados, nos \u00faltimos dias, com medo de que haja desabastecimento de alimentos por causa do coronav\u00edrus, algumas entidades do setor produtivo decidiram divulgar dados sobre a produ\u00e7\u00e3o para tentar tranquilizar os consumidores.<\/p>\n<p>Depois de produtores de aves e su\u00ednos relatarem a situa\u00e7\u00e3o de normalidade no setor, nesta segunda \u00e9 a vez da Associa\u00e7\u00e3o Brasileira das Ind\u00fastrias de Carnes anunciar dados positivos do setor.<\/p>\n<p>A proje\u00e7\u00e3o da entidade \u00e9 de que a produ\u00e7\u00e3o brasileira de carne bovina deve ser 35,5% maior do que o volume consumido no pa\u00eds. \u201cEssa produ\u00e7\u00e3o j\u00e1 est\u00e1 contratada com as opera\u00e7\u00f5es em andamento nas fazendas, e, por causa da din\u00e2mica da cadeia produtiva, n\u00e3o pode ser interrompida. Ou seja, os volumes ser\u00e3o produzidos, portanto n\u00e3o h\u00e1 risco de desabastecimento de prote\u00ednas\u201d, diz a entidade.<\/p>\n<p>\u201cO foco de atua\u00e7\u00e3o do setor est\u00e1 em produzir observando a sa\u00fade de todos os colaboradores e a seguran\u00e7a sanit\u00e1ria da nossa carne, garantindo o abastecimento para todos\u201d, diz o presidente da Abiec, Ant\u00f4nio Camardelli.<\/p>\n<\/section><\/div>\n<p><br \/>\n<br \/><a href=\"https:\/\/veja.abril.com.br\/blog\/radar\/producao-de-carne-bovina-deve-superar-o-volume-de-consumo-em-2020\/\">Fonte do Artigo<\/a><br \/>\nTags: <\/p>\n<p><a title=\"IBJE\" href=\"https:\/\/ibge.gov.br\/\">#IBJE<\/a> <a title=\"FGV\" href=\"https:\/\/portal.fgv.br\/\">#FGV<\/a> <a title=\"LOTOFACIL\" href=\"http:\/\/loterias.caixa.gov.br\/wps\/portal\/loterias\/landing\/lotofacil\/\">#LOTOFACIL<\/a> <a title=\"TINDER\" href=\"https:\/\/tinder.com\/?lang=pt-BR\">#TINDER<\/a> <a title=\"GMAILGOOGLE\" href=\"https:\/\/mail.google.com\">#GMAILGOOGLE<\/a> <a title=\"TIKTOK\" href=\"https:\/\/www.tiktok.com\/pt_BR\/\">#TIKTOK<\/a><\/p>\n","protected":false},"excerpt":{"rendered":"<p>Carne fresca brasileira\u00a0Dario Lopez-Mills\/AP\/VEJA Diante da corrida dos brasileiros aos supermercados, nos \u00faltimos dias, com medo de que haja desabastecimento de alimentos por causa do coronav\u00edrus, algumas entidades do setor produtivo decidiram divulgar dados sobre a produ\u00e7\u00e3o para tentar tranquilizar os consumidores. Depois de produtores de aves e su\u00ednos relatarem a situa\u00e7\u00e3o de normalidade no [&hellip;]<\/p>\n","protected":false},"author":1,"featured_media":36184,"comment_status":"open","ping_status":"open","sticky":false,"template":"","format":"standard","meta":{"footnotes":""},"categories":[7],"tags":[],"class_list":["post-46598","post","type-post","status-publish","format-standard","has-post-thumbnail","hentry","category-economia"],"_links":{"self":[{"href":"https:\/\/wiy.com.br\/noticias\/wp-json\/wp\/v2\/posts\/46598","targetHints":{"allow":["GET"]}}],"collection":[{"href":"https:\/\/wiy.com.br\/noticias\/wp-json\/wp\/v2\/posts"}],"about":[{"href":"https:\/\/wiy.com.br\/noticias\/wp-json\/wp\/v2\/types\/post"}],"author":[{"embeddable":true,"href":"https:\/\/wiy.com.br\/noticias\/wp-json\/wp\/v2\/users\/1"}],"replies":[{"embeddable":true,"href":"https:\/\/wiy.com.br\/noticias\/wp-json\/wp\/v2\/comments?post=46598"}],"version-history":[{"count":0,"href":"https:\/\/wiy.com.br\/noticias\/wp-json\/wp\/v2\/posts\/46598\/revisions"}],"wp:featuredmedia":[{"embeddable":true,"href":"https:\/\/wiy.com.br\/noticias\/wp-json\/wp\/v2\/media\/36184"}],"wp:attachment":[{"href":"https:\/\/wiy.com.br\/noticias\/wp-json\/wp\/v2\/media?parent=46598"}],"wp:term":[{"taxonomy":"category","embeddable":true,"href":"https:\/\/wiy.com.br\/noticias\/wp-json\/wp\/v2\/categories?post=46598"},{"taxonomy":"post_tag","embeddable":true,"href":"https:\/\/wiy.com.br\/noticias\/wp-json\/wp\/v2\/tags?post=46598"}],"curies":[{"name":"wp","href":"https:\/\/api.w.org\/{rel}","templated":true}]}}