{"id":46572,"date":"2023-02-26T15:22:54","date_gmt":"2023-02-26T18:22:54","guid":{"rendered":"https:\/\/wiy.com.br\/noticias\/renda-cai-para-7-em-cada-10-familias-nas-favelas\/"},"modified":"2020-03-24T14:11:13","modified_gmt":"2020-03-24T17:11:13","slug":"renda-cai-para-7-em-cada-10-familias-nas-favelas","status":"publish","type":"post","link":"https:\/\/wiy.com.br\/noticias\/renda-cai-para-7-em-cada-10-familias-nas-favelas\/","title":{"rendered":"Renda cai para 7 em cada 10 fam\u00edlias nas favelas"},"content":{"rendered":"<p> <br \/>\n<\/p>\n<p>Desde o in\u00edcio da pandemia do novo <a href=\"https:\/\/exame.abril.com.br\/noticias-sobre\/coronavirus\/\">coronav\u00edrus<\/a>, 70% das fam\u00edlias que moram em <a href=\"https:\/\/exame.abril.com.br\/noticias-sobre\/favelas\/\">favelas<\/a> tiveram a renda diminu\u00edda, segundo um levantamento realizado pela empresa de pesquisa Data Favela, com mais de mil moradores de 262 comunidades. \u201cPor mais que isso soe alarmista, esse quadro pode indicar uma situa\u00e7\u00e3o de convuls\u00e3o social num futuro pr\u00f3ximo\u201d, afirma Renato Meirelles, fundador do Instituo Locomotiva, que criou o Data Favela em parceria com a Central \u00danica das Favelas (Cufa).<\/p>\n<p>A pesquisa tamb\u00e9m indica que 84% dos moradores desses territ\u00f3rios projetam uma redu\u00e7\u00e3o na renda. No Brasil existem 13,6 milh\u00f5es de pessoas morando em favelas. Para 71%, o trabalho \u00e9 a principal fonte de renda e 86% j\u00e1 sentem uma queda no movimento ou nas vendas da empresa onde exercem sua atividade profissional.<\/p>\n<p>Por conta da situa\u00e7\u00e3o, 80% est\u00e3o cortando gastos. Caso percam a principal fonte de renda, 2 em cada 3 moradores de favelas n\u00e3o conseguiriam pagar as contas, 86% afirmam que teriam dificuldades para comprar comida, no per\u00edodo de um m\u00eas, e 72% n\u00e3o conseguiriam manter o padr\u00e3o de vida por nenhum per\u00edodo.<\/p>\n<div class=\"widget-news widget-box no-margin no-border\"><span class=\"widget-news-title content-box-title\">Veja tamb\u00e9m<\/span><\/p>\n<ul class=\"widget-news-list\">\n<li class=\"widget-news-item without-thumb with-border\">\n<div class=\"widget-news-info\"><a href=\"http:\/\/exame.abril.com.br\/economia\">ECONOMIA<\/a><span class=\"widget-news-item-title\"><a href=\"https:\/\/exame.abril.com.br\/economia\/transferencia-de-renda-e-estrategia-de-paises-contra-coronavirus\/\">Transfer\u00eancia de renda \u00e9 estrat\u00e9gia de pa\u00edses contra coronav\u00edrus<\/a><\/span><span class=\"widget-news-item-date\">24 mar 2020 &#8211; 10h03<\/span><\/div>\n<\/li>\n<li class=\"widget-news-item without-thumb with-border\">\n<div class=\"widget-news-info\"><a href=\"http:\/\/exame.abril.com.br\/brasil\">BRASIL<\/a><span class=\"widget-news-item-title\"><a href=\"https:\/\/exame.abril.com.br\/brasil\/prefeitos-defendem-adiamento-de-eleicoes-e-votacao-unica-a-cada-cinco-anos\/\">Prefeitos defendem adiamento de elei\u00e7\u00f5es e vota\u00e7\u00e3o \u00fanica a cada cinco anos<\/a><\/span><span class=\"widget-news-item-date\">24 mar 2020 &#8211; 09h03<\/span><\/div>\n<\/li>\n<\/ul>\n<\/div>\n<p>Para Celso Athayde, fundador da Cufa, a pandemia atinge a popula\u00e7\u00e3o de forma desigual. \u201cA pesquisa deixa claro que milh\u00f5es de brasileiros v\u00e3o permanecer em casa com a geladeira vazia\u201d, afirma.<\/p>\n<p>A situa\u00e7\u00e3o \u00e9 agravada pelo fechamento das escolas e pela informalidade. Quase a totalidade (97%) dos moradores de favelas mudaram a rotina em fun\u00e7\u00e3o do v\u00edrus. Mais da metade deles t\u00eam filhos e 86% das crian\u00e7as n\u00e3o est\u00e3o frequentando a escola. Com os filhos em casa, 84% das fam\u00edlias relatam que os gastos aumentaram.<\/p>\n<p>Entre os que possuem emprego, apenas 19% t\u00eam carteira assinada e 47% trabalham de maneira aut\u00f4noma. Para Meirelles, do Locomotiva, a \u00fanica forma de ajudar essa popula\u00e7\u00e3o \u00e9 por meio da transfer\u00eancia direta de renda.<\/p>\n<p>\u201cCesta b\u00e1sica ajuda, mas \u00e9, de novo, um morador da cidade dizendo para o morador da Favela o que ele tem direito. Mais efetivo seria transferir renda diretamente para que eles pudessem comprar o que precisam\u201d, afirma Meirelles. \u201cSe n\u00e3o houver a\u00e7\u00f5es efetivas, p\u00fablicas e privadas, para garantir uma renda m\u00ednima, o adiamento de contas, garantindo provimento de produtos b\u00e1sicos, como alimentos, internet e produtos de limpeza, pode haver revolta das favelas\u201d.<\/p>\n<p><br \/>\n<br \/><a href=\"https:\/\/exame.abril.com.br\/brasil\/renda-cai-para-7-em-cada-10-familias-nas-favelas\/\">Fonte do artigo <\/a><br \/>\nTags:<br \/>\n#politica #political #negocios #business #marketingdigital #empreendedorismo #marketing #emprendedores #empreender #sucesso #empresas #emprendimiento #emprendedor #empreendedor #emprender #dinheiro #dinero #empresario #vendas #liderazgo #motivacion #foco #motivacao #negocio #brasil<\/p>\n","protected":false},"excerpt":{"rendered":"<p>Desde o in\u00edcio da pandemia do novo coronav\u00edrus, 70% das fam\u00edlias que moram em favelas tiveram a renda diminu\u00edda, segundo um levantamento realizado pela empresa de pesquisa Data Favela, com mais de mil moradores de 262 comunidades. \u201cPor mais que isso soe alarmista, esse quadro pode indicar uma situa\u00e7\u00e3o de convuls\u00e3o social num futuro pr\u00f3ximo\u201d, [&hellip;]<\/p>\n","protected":false},"author":1,"featured_media":46573,"comment_status":"open","ping_status":"open","sticky":false,"template":"","format":"standard","meta":{"footnotes":""},"categories":[1],"tags":[],"class_list":["post-46572","post","type-post","status-publish","format-standard","has-post-thumbnail","hentry","category-curso-de-copy"],"_links":{"self":[{"href":"https:\/\/wiy.com.br\/noticias\/wp-json\/wp\/v2\/posts\/46572","targetHints":{"allow":["GET"]}}],"collection":[{"href":"https:\/\/wiy.com.br\/noticias\/wp-json\/wp\/v2\/posts"}],"about":[{"href":"https:\/\/wiy.com.br\/noticias\/wp-json\/wp\/v2\/types\/post"}],"author":[{"embeddable":true,"href":"https:\/\/wiy.com.br\/noticias\/wp-json\/wp\/v2\/users\/1"}],"replies":[{"embeddable":true,"href":"https:\/\/wiy.com.br\/noticias\/wp-json\/wp\/v2\/comments?post=46572"}],"version-history":[{"count":0,"href":"https:\/\/wiy.com.br\/noticias\/wp-json\/wp\/v2\/posts\/46572\/revisions"}],"wp:featuredmedia":[{"embeddable":true,"href":"https:\/\/wiy.com.br\/noticias\/wp-json\/wp\/v2\/media\/46573"}],"wp:attachment":[{"href":"https:\/\/wiy.com.br\/noticias\/wp-json\/wp\/v2\/media?parent=46572"}],"wp:term":[{"taxonomy":"category","embeddable":true,"href":"https:\/\/wiy.com.br\/noticias\/wp-json\/wp\/v2\/categories?post=46572"},{"taxonomy":"post_tag","embeddable":true,"href":"https:\/\/wiy.com.br\/noticias\/wp-json\/wp\/v2\/tags?post=46572"}],"curies":[{"name":"wp","href":"https:\/\/api.w.org\/{rel}","templated":true}]}}