{"id":46536,"date":"2023-02-26T15:03:47","date_gmt":"2023-02-26T18:03:47","guid":{"rendered":"https:\/\/wiy.com.br\/noticias\/senado-decide-destino-de-r-2-trilhoes-em-dividas-tributarias-com-a-uniao\/"},"modified":"2020-03-24T07:04:12","modified_gmt":"2020-03-24T10:04:12","slug":"senado-decide-destino-de-r-2-trilhoes-em-dividas-tributarias-com-a-uniao","status":"publish","type":"post","link":"https:\/\/wiy.com.br\/noticias\/senado-decide-destino-de-r-2-trilhoes-em-dividas-tributarias-com-a-uniao\/","title":{"rendered":"Senado decide destino de R$ 2 trilh\u00f5es em d\u00edvidas tribut\u00e1rias com a Uni\u00e3o"},"content":{"rendered":"<p> <br \/>\n<\/p>\n<p>Os tr\u00e2mites para as negocia\u00e7\u00f5es das d\u00edvidas tribut\u00e1rias de 1,9 milh\u00e3o de contribuintes com a Uni\u00e3o, que somam cerca de 2,2 trilh\u00f5es de reais, devem ter um fim nesta ter\u00e7a-feira, 24, no <a href=\"https:\/\/exame.abril.com.br\/noticias-sobre\/senado\/\"><strong>Senado<\/strong><\/a> Federal. Est\u00e1 na agenda de vota\u00e7\u00e3o virtual dos senadores a Medida Provis\u00f3ria do Contribuinte Legal (899\/2019), que tem por objetivo estimular a regulariza\u00e7\u00e3o de d\u00e9bitos fiscais e a solu\u00e7\u00e3o de conflitos entre contribuintes e governo.<\/p>\n<p>Editada no ano passado, a medida perde a validade na pr\u00f3xima quarta-feira, 25. Ela foi aprovada de forma simb\u00f3lica na C\u00e2mara dos Deputados na semana passada. Na sess\u00e3o, os parlamentares entenderam que o pa\u00eds vive um momento delicado, com o avan\u00e7o do coronav\u00edrus, e por isso \u00e9 necess\u00e1rio aproveitar qualquer recurso dispon\u00edvel.<\/p>\n<p>Isso porque, nas contas do governo, cerca de 1,4 trilh\u00e3o de reais cerca diz respeito a d\u00e9bitos muito antigos, em que h\u00e1 garantias m\u00ednimas de recupera\u00e7\u00e3o por parte da Uni\u00e3o. No Senado, os parlamentares preveem que tamb\u00e9m n\u00e3o haver\u00e1 resist\u00eancia da oposi\u00e7\u00e3o em rela\u00e7\u00e3o \u00e0 proposta.<\/p>\n<div class=\"widget-news widget-box no-margin no-border\"><span class=\"widget-news-title content-box-title\">Veja tamb\u00e9m<\/span><\/p>\n<ul class=\"widget-news-list\">\n<li class=\"widget-news-item without-thumb with-border\">\n<div class=\"widget-news-info\"><a href=\"http:\/\/exame.abril.com.br\/brasil\">BRASIL<\/a><span class=\"widget-news-item-title\"><a href=\"https:\/\/exame.abril.com.br\/brasil\/congresso-institui-votacao-remota-usada-em-situacoes-de-guerra-e-pandemia\/\">Congresso institui vota\u00e7\u00e3o remota usada em situa\u00e7\u00f5es de guerra e pandemia<\/a><\/span><span class=\"widget-news-item-date\">18 mar 2020 &#8211; 11h03<\/span><\/div>\n<\/li>\n<\/ul>\n<\/div>\n<p>Segundo prev\u00ea a MP, ser\u00e3o alcan\u00e7ados cr\u00e9ditos tribut\u00e1rios n\u00e3o judicializados sob a administra\u00e7\u00e3o da Receita Federal, e \u00e0 d\u00edvida ativa e tributos cobrados pela Procuradoria-Geral da Fazenda Nacional (PGFN), a Procuradoria-Geral Federal (PGF) e a Procuradoria-Geral da Uni\u00e3o (AGU).<\/p>\n<p>O contribuinte \u201cpessoa jur\u00eddica\u201d poder\u00e1 parcelar a d\u00edvida em at\u00e9 84 meses e reduzir em at\u00e9 50% o valor do d\u00e9bito. Nos casos que envolvam pessoa natural, microempresa ou empresa de pequeno porte, o prazo de parcelamento ser\u00e1 de at\u00e9 120 meses, com redu\u00e7\u00e3o de at\u00e9 70% dos d\u00e9bitos fiscais.<\/p>\n<p>Na \u00e9poca em que a MP foi editada, o procurador-geral da Fazenda Nacional, Jos\u00e9 Levi, defendeu que se recuperar 1% ou 5% do valor j\u00e1 \u00e9 alguma coisa. Agora, com a imin\u00eancia de uma estagna\u00e7\u00e3o econ\u00f4mica global por conta da covid-19, fica mais evidente que qualquer dinheiro ser\u00e1 muito bem-vindo.<\/p>\n<p><br \/>\n<br \/><a href=\"https:\/\/exame.abril.com.br\/brasil\/senado-decide-destino-de-r-22-trilhoes-em-dividas-tributarias-com-a-uniao\/\">Fonte do artigo <\/a><br \/>\nTags:<br \/>\n#politica #political #negocios #business #marketingdigital #empreendedorismo #marketing #emprendedores #empreender #sucesso #empresas #emprendimiento #emprendedor #empreendedor #emprender #dinheiro #dinero #empresario #vendas #liderazgo #motivacion #foco #motivacao #negocio #brasil<\/p>\n","protected":false},"excerpt":{"rendered":"<p>Os tr\u00e2mites para as negocia\u00e7\u00f5es das d\u00edvidas tribut\u00e1rias de 1,9 milh\u00e3o de contribuintes com a Uni\u00e3o, que somam cerca de 2,2 trilh\u00f5es de reais, devem ter um fim nesta ter\u00e7a-feira, 24, no Senado Federal. Est\u00e1 na agenda de vota\u00e7\u00e3o virtual dos senadores a Medida Provis\u00f3ria do Contribuinte Legal (899\/2019), que tem por objetivo estimular a [&hellip;]<\/p>\n","protected":false},"author":1,"featured_media":46537,"comment_status":"open","ping_status":"open","sticky":false,"template":"","format":"standard","meta":{"footnotes":""},"categories":[1],"tags":[],"class_list":["post-46536","post","type-post","status-publish","format-standard","has-post-thumbnail","hentry","category-curso-de-copy"],"_links":{"self":[{"href":"https:\/\/wiy.com.br\/noticias\/wp-json\/wp\/v2\/posts\/46536","targetHints":{"allow":["GET"]}}],"collection":[{"href":"https:\/\/wiy.com.br\/noticias\/wp-json\/wp\/v2\/posts"}],"about":[{"href":"https:\/\/wiy.com.br\/noticias\/wp-json\/wp\/v2\/types\/post"}],"author":[{"embeddable":true,"href":"https:\/\/wiy.com.br\/noticias\/wp-json\/wp\/v2\/users\/1"}],"replies":[{"embeddable":true,"href":"https:\/\/wiy.com.br\/noticias\/wp-json\/wp\/v2\/comments?post=46536"}],"version-history":[{"count":0,"href":"https:\/\/wiy.com.br\/noticias\/wp-json\/wp\/v2\/posts\/46536\/revisions"}],"wp:featuredmedia":[{"embeddable":true,"href":"https:\/\/wiy.com.br\/noticias\/wp-json\/wp\/v2\/media\/46537"}],"wp:attachment":[{"href":"https:\/\/wiy.com.br\/noticias\/wp-json\/wp\/v2\/media?parent=46536"}],"wp:term":[{"taxonomy":"category","embeddable":true,"href":"https:\/\/wiy.com.br\/noticias\/wp-json\/wp\/v2\/categories?post=46536"},{"taxonomy":"post_tag","embeddable":true,"href":"https:\/\/wiy.com.br\/noticias\/wp-json\/wp\/v2\/tags?post=46536"}],"curies":[{"name":"wp","href":"https:\/\/api.w.org\/{rel}","templated":true}]}}