{"id":46394,"date":"2023-02-26T15:31:40","date_gmt":"2023-02-26T18:31:40","guid":{"rendered":"https:\/\/wiy.com.br\/noticias\/niteroi-decreta-quarentena-a-estabelecimentos-comerciais\/"},"modified":"2020-03-22T14:24:23","modified_gmt":"2020-03-22T17:24:23","slug":"niteroi-decreta-quarentena-a-estabelecimentos-comerciais","status":"publish","type":"post","link":"https:\/\/wiy.com.br\/noticias\/niteroi-decreta-quarentena-a-estabelecimentos-comerciais\/","title":{"rendered":"Niter\u00f3i decreta quarentena a estabelecimentos comerciais"},"content":{"rendered":"<p> <br \/>\n<\/p>\n<p>A prefeitura de <strong>Niter\u00f3i<\/strong>, na regi\u00e3o metropolitana do <a href=\"https:\/\/exame.abril.com.br\/noticias-sobre\/rio-de-janeiro\/\"><strong>Rio de Janeiro<\/strong><\/a>, determinou o fechamento de todos os estabelecimentos comerciais do munic\u00edpio. A medida est\u00e1 no decreto 13.521\/2020, assinado neste s\u00e1bado (21) pelo prefeito Rodrigo Neves, e come\u00e7a a valer amanh\u00e3 (23).<\/p>\n<p>O objetivo \u00e9 conter a dissemina\u00e7\u00e3o do novo <a href=\"https:\/\/exame.abril.com.br\/noticias-sobre\/coronavirus\/\"><strong>coronav\u00edrus<\/strong><\/a>, declarado como pandemia pela Organiza\u00e7\u00e3o Mundial da Sa\u00fade no dia 11 de mar\u00e7o. Niter\u00f3i j\u00e1 havia declarado emerg\u00eancia de sa\u00fade p\u00fablica em decreto do dia 16.<\/p>\n<p>&nbsp;<\/p>\n<div class=\"widget-news widget-box no-margin no-border\"><span class=\"widget-news-title content-box-title\">Veja tamb\u00e9m<\/span><\/p>\n<ul class=\"widget-news-list\">\n<li class=\"widget-news-item without-thumb with-border\">\n<div class=\"widget-news-info\"><a href=\"http:\/\/exame.abril.com.br\/brasil\">BRASIL<\/a><span class=\"widget-news-item-title\"><a href=\"https:\/\/exame.abril.com.br\/brasil\/fotos-coronavirus-esvazia-ruas-de-sp-e-rio-e-cria-cenarios-fantasma\/\">Fotos: Coronav\u00edrus esvazia ruas de SP e Rio e cria cen\u00e1rios-fantasma<\/a><\/span><span class=\"widget-news-item-date\">20 mar 2020 &#8211; 19h03<\/span><\/div>\n<\/li>\n<li class=\"widget-news-item without-thumb with-border\">\n<div class=\"widget-news-info\"><a href=\"http:\/\/exame.abril.com.br\/brasil\">BRASIL<\/a><span class=\"widget-news-item-title\"><a href=\"https:\/\/exame.abril.com.br\/brasil\/cidade-de-deus-tem-1o-caso-confirmado-de-coronavirus-diz-secretaria\/\">Cidade de Deus tem 1\u00ba caso confirmado de coronav\u00edrus, diz secretaria<\/a><\/span><span class=\"widget-news-item-date\">22 mar 2020 &#8211; 12h03<\/span><\/div>\n<\/li>\n<\/ul>\n<\/div>\n<p>Com validade at\u00e9 o dia 10 de abril de 2020, est\u00e3o exclu\u00eddos da quarentena as farm\u00e1cias, postos de gasolina, supermercados e mercados, padarias, pet shops, hot\u00e9is, cl\u00ednicas m\u00e9dicas e odontol\u00f3gicas, laborat\u00f3rios de exames cl\u00ednicos e de imagem e cl\u00ednicas de vacina\u00e7\u00e3o. Apesar dos postos de gasolina permanecerem abertos, as lojas de conveni\u00eancia ser\u00e3o fechadas.<\/p>\n<p>O decreto n\u00e3o permite que as padarias, supermercados, mercados e mercearias mantenham ambientes para consumo no local. Restaurantes e demais estabelecimentos que vendam alimentos e n\u00e3o est\u00e3o inclu\u00eddos nas exce\u00e7\u00f5es s\u00f3 poder\u00e3o funcionar no sistema de entrega em domic\u00edlio. Est\u00e1 proibida a modalidade \u201cpegue e leve\u201d. Lavanderias poder\u00e3o atender no sistema de busca e entrega em domic\u00edlio.<\/p>\n<p>Quem descumprir pode ser enquadrado nos crimes de desobedi\u00eancia e de infra\u00e7\u00e3o de medida sanit\u00e1ria preventiva, previstas no C\u00f3digo Penal. O estabelecimento que desobedecer ao decreto tamb\u00e9m poder\u00e1 ser advertido, ter mercadorias apreendidas e at\u00e9 ser interditado e ter o alvar\u00e1 de funcionamento cancelado.<\/p>\n<p>O decreto tamb\u00e9m prorroga para at\u00e9 10 de abril todas as medidas restritivas adotadas anteriormente pela prefeitura dentro da crise sanit\u00e1ria do novo coronav\u00edrus, como a suspens\u00e3o das aulas, realiza\u00e7\u00e3o de exames compuls\u00f3rios em pessoas com suspeita de contamina\u00e7\u00e3o e dispensa de licita\u00e7\u00e3o para a aquisi\u00e7\u00e3o de bens, servi\u00e7os e insumos de sa\u00fade.<\/p>\n<p>Segundo o \u00faltimo balan\u00e7o da Secretaria de Estado de Sa\u00fade (SES), divulgado na tarde de ontem (21), Niter\u00f3i tem dez casos confirmados de covid-19 e um dos tr\u00eas \u00f3bitos registrados no estado.<\/p>\n<h3><a href=\"https:\/\/exame.abril.com.br\/noticias-sobre\/coronavirus\">As \u00faltimas not\u00edcias da pandemia do novo coronav\u00edrus<\/a>:<\/h3>\n<ul>\n<li><a href=\"https:\/\/exame.abril.com.br\/mundo\/mapa-mostra-como-o-brasil-e-o-mundo-respondem-ao-coronavirus\/\">Mapa mostra como o Brasil e o mundo est\u00e3o lidando com o novo coronav\u00edrus;<\/a><\/li>\n<li><a href=\"https:\/\/exame.abril.com.br\/mundo\/5-fake-news-sobre-coronavirus-que-estao-circulando-pelo-mundo\/\">As fake news sobre a epidemia que est\u00e3o circulando pelo mundo;<\/a><\/li>\n<li><a href=\"https:\/\/exame.abril.com.br\/negocios\/coronavirus-cuidados-que-as-empresas-precisam-ter-com-funcionarios\/\">Os cuidados que as empresas precisam ter com funcion\u00e1rios<\/a>;<\/li>\n<li><a href=\"https:\/\/exame.abril.com.br\/carreira\/precisa-fazer-home-office-por-causa-do-coronavirus-confira-as-dicas\/\">Vai fazer home office por causa do coronav\u00edrus? Confira as dicas<\/a><\/li>\n<\/ul>\n<p><br \/>\n<br \/><a href=\"https:\/\/exame.abril.com.br\/brasil\/niteroi-decreta-quarentena-a-estabelecimentos-comerciais\/\">Fonte do artigo <\/a><br \/>\nTags:<br \/>\n#politica #political #negocios #business #marketingdigital #empreendedorismo #marketing #emprendedores #empreender #sucesso #empresas #emprendimiento #emprendedor #empreendedor #emprender #dinheiro #dinero #empresario #vendas #liderazgo #motivacion #foco #motivacao #negocio #brasil<\/p>\n","protected":false},"excerpt":{"rendered":"<p>A prefeitura de Niter\u00f3i, na regi\u00e3o metropolitana do Rio de Janeiro, determinou o fechamento de todos os estabelecimentos comerciais do munic\u00edpio. A medida est\u00e1 no decreto 13.521\/2020, assinado neste s\u00e1bado (21) pelo prefeito Rodrigo Neves, e come\u00e7a a valer amanh\u00e3 (23). O objetivo \u00e9 conter a dissemina\u00e7\u00e3o do novo coronav\u00edrus, declarado como pandemia pela Organiza\u00e7\u00e3o [&hellip;]<\/p>\n","protected":false},"author":1,"featured_media":46395,"comment_status":"open","ping_status":"open","sticky":false,"template":"","format":"standard","meta":{"footnotes":""},"categories":[1],"tags":[],"class_list":["post-46394","post","type-post","status-publish","format-standard","has-post-thumbnail","hentry","category-curso-de-copy"],"_links":{"self":[{"href":"https:\/\/wiy.com.br\/noticias\/wp-json\/wp\/v2\/posts\/46394","targetHints":{"allow":["GET"]}}],"collection":[{"href":"https:\/\/wiy.com.br\/noticias\/wp-json\/wp\/v2\/posts"}],"about":[{"href":"https:\/\/wiy.com.br\/noticias\/wp-json\/wp\/v2\/types\/post"}],"author":[{"embeddable":true,"href":"https:\/\/wiy.com.br\/noticias\/wp-json\/wp\/v2\/users\/1"}],"replies":[{"embeddable":true,"href":"https:\/\/wiy.com.br\/noticias\/wp-json\/wp\/v2\/comments?post=46394"}],"version-history":[{"count":0,"href":"https:\/\/wiy.com.br\/noticias\/wp-json\/wp\/v2\/posts\/46394\/revisions"}],"wp:featuredmedia":[{"embeddable":true,"href":"https:\/\/wiy.com.br\/noticias\/wp-json\/wp\/v2\/media\/46395"}],"wp:attachment":[{"href":"https:\/\/wiy.com.br\/noticias\/wp-json\/wp\/v2\/media?parent=46394"}],"wp:term":[{"taxonomy":"category","embeddable":true,"href":"https:\/\/wiy.com.br\/noticias\/wp-json\/wp\/v2\/categories?post=46394"},{"taxonomy":"post_tag","embeddable":true,"href":"https:\/\/wiy.com.br\/noticias\/wp-json\/wp\/v2\/tags?post=46394"}],"curies":[{"name":"wp","href":"https:\/\/api.w.org\/{rel}","templated":true}]}}