{"id":46320,"date":"2023-02-26T15:23:35","date_gmt":"2023-02-26T18:23:35","guid":{"rendered":"https:\/\/wiy.com.br\/noticias\/videos-mostram-moradores-aplaudindo-profissionais-da-saude\/"},"modified":"2020-03-21T00:09:11","modified_gmt":"2020-03-21T03:09:11","slug":"videos-mostram-moradores-aplaudindo-profissionais-da-saude","status":"publish","type":"post","link":"https:\/\/wiy.com.br\/noticias\/videos-mostram-moradores-aplaudindo-profissionais-da-saude\/","title":{"rendered":"V\u00eddeos mostram moradores aplaudindo profissionais da sa\u00fade"},"content":{"rendered":"<p> <br \/>\n<\/p>\n<p>Uma <strong>manifesta\u00e7\u00e3o<\/strong> organizada pelas redes sociais <strong>homenageou<\/strong> os <strong>profissionais da sa\u00fade<\/strong> que <a href=\"https:\/\/vejasp.abril.com.br\/saude\/coronavirus-numero-de-mortos-sp-nove\/\">enfrentam o <strong>Covid-19<\/strong><\/a> nos hospitais brasileiros. \u00c0s 20h30 desta sexta-feira (20) diversos paulistanos bateram palmas de suas janelas como forma de agradecimento a quem atua na \u00e1rea em meio a pandemia do coronav\u00edrus. O ato ocorreu tamb\u00e9m em outras capitais, como Porto Alegre, Recife e Rio de Janeiro.<\/p>\n<p>Por aqui a manifesta\u00e7\u00e3o pode ser vista em bairros como Santana, Sa\u00fade, Jabaquara, Perdizes, Mooca, na regi\u00e3o do centro e na Vila Andrade. Cidades da Grande S\u00e3o Paulo, como Guarulhos, Santo Andr\u00e9 e S\u00e3o Bernardo do Campo tamb\u00e9m tiveram registros de aplausos. Confira os v\u00eddeos:<\/p>\n<div class=\"embed-twitter\">\n<blockquote class=\"twitter-tweet\" data-width=\"500\" data-dnt=\"true\">\n<p lang=\"pt\" dir=\"ltr\">T\u00f4 muito emocionada, isso \u00e9 um agradecimento da popula\u00e7\u00e3o da regi\u00e3o central de S\u00e3o Paulo para todos os profissionais da sa\u00fade! Obrigada !<img title = \"[Tags]\"decoding=\"async\" src=\"https:\/\/s0.wp.com\/wp-content\/mu-plugins\/wpcom-smileys\/twemoji\/2\/72x72\/2764.png\"alt = \"2764 V\u00eddeos mostram moradores aplaudindo profissionais da sa\u00fade\" class=\"wp-smiley\" \/> <a href=\"https:\/\/twitter.com\/hashtag\/AplausosNaJanela?src=hash&amp;ref_src=twsrc%5Etfw\">#AplausosNaJanela<\/a> <a href=\"https:\/\/t.co\/Joibm5qIR0\">pic.twitter.com\/Joibm5qIR0<\/a><\/p>\n<p>&mdash; Ananda <img title = \"[Tags]\"decoding=\"async\" src=\"https:\/\/s0.wp.com\/wp-content\/mu-plugins\/wpcom-smileys\/twemoji\/2\/72x72\/1f308.png\"alt = \"2764 V\u00eddeos mostram moradores aplaudindo profissionais da sa\u00fade\" class=\"wp-smiley\" \/> (@umarcoiris) <a href=\"https:\/\/twitter.com\/umarcoiris\/status\/1241150172937293835?ref_src=twsrc%5Etfw\">March 20, 2020<\/a><\/p>\n<\/blockquote>\n<\/div>\n<div class=\"embed-twitter\">\n<blockquote class=\"twitter-tweet\" data-width=\"500\" data-dnt=\"true\">\n<p lang=\"pt\" dir=\"ltr\">T\u00e1 tendo agora, no alto de Santana, S\u00e3o Paulo,  o povo nas janelas aplaudindo os profissionais da sa\u00fade. Lindo <img title = \"[Tags]\"decoding=\"async\" src=\"https:\/\/s0.wp.com\/wp-content\/mu-plugins\/wpcom-smileys\/twemoji\/2\/72x72\/2665.png\"alt = \"2764 V\u00eddeos mostram moradores aplaudindo profissionais da sa\u00fade\" class=\"wp-smiley\" \/><img title = \"[Tags]\"decoding=\"async\" src=\"https:\/\/s0.wp.com\/wp-content\/mu-plugins\/wpcom-smileys\/twemoji\/2\/72x72\/2665.png\"alt = \"2764 V\u00eddeos mostram moradores aplaudindo profissionais da sa\u00fade\" class=\"wp-smiley\" \/> <img title = \"[Tags]\"decoding=\"async\" src=\"https:\/\/s0.wp.com\/wp-content\/mu-plugins\/wpcom-smileys\/twemoji\/2\/72x72\/1f44f-1f3fb.png\"alt = \"2764 V\u00eddeos mostram moradores aplaudindo profissionais da sa\u00fade\" class=\"wp-smiley\" \/><img title = \"[Tags]\"decoding=\"async\" src=\"https:\/\/s0.wp.com\/wp-content\/mu-plugins\/wpcom-smileys\/twemoji\/2\/72x72\/1f44f-1f3fb.png\"alt = \"2764 V\u00eddeos mostram moradores aplaudindo profissionais da sa\u00fade\" class=\"wp-smiley\" \/> Essa luta \u00e9 de todos n\u00f3s, vamos juntos! For\u00e7a! <a href=\"https:\/\/twitter.com\/hashtag\/AplausosNaJanela?src=hash&amp;ref_src=twsrc%5Etfw\">#AplausosNaJanela<\/a> <a href=\"https:\/\/twitter.com\/hashtag\/COVID20?src=hash&amp;ref_src=twsrc%5Etfw\">#COVID20<\/a> <a href=\"https:\/\/t.co\/VkHMJ9YMEe\">pic.twitter.com\/VkHMJ9YMEe<\/a><\/p>\n<p>&mdash; LuLinda <img title = \"[Tags]\"decoding=\"async\" src=\"https:\/\/s0.wp.com\/wp-content\/mu-plugins\/wpcom-smileys\/twemoji\/2\/72x72\/1f6a9.png\"alt = \"2764 V\u00eddeos mostram moradores aplaudindo profissionais da sa\u00fade\" class=\"wp-smiley\" \/><img title = \"[Tags]\"decoding=\"async\" src=\"https:\/\/s0.wp.com\/wp-content\/mu-plugins\/wpcom-smileys\/twemoji\/2\/72x72\/1f6a9.png\"alt = \"2764 V\u00eddeos mostram moradores aplaudindo profissionais da sa\u00fade\" class=\"wp-smiley\" \/> (@lulurolim) <a href=\"https:\/\/twitter.com\/lulurolim\/status\/1241148731015258114?ref_src=twsrc%5Etfw\">March 20, 2020<\/a><\/p>\n<\/blockquote>\n<\/div>\n<div class=\"embed-twitter\">\n<blockquote class=\"twitter-tweet\" data-width=\"500\" data-dnt=\"true\">\n<p lang=\"pt\" dir=\"ltr\">Guarulhos participando do <a href=\"https:\/\/twitter.com\/hashtag\/AplausosNaJanela?src=hash&amp;ref_src=twsrc%5Etfw\">#AplausosNaJanela<\/a> <\/p>\n<p>por isso que eu moro aqui<img title = \"[Tags]\"decoding=\"async\" src=\"https:\/\/s0.wp.com\/wp-content\/mu-plugins\/wpcom-smileys\/twemoji\/2\/72x72\/1f970.png\"alt = \"2764 V\u00eddeos mostram moradores aplaudindo profissionais da sa\u00fade\" class=\"wp-smiley\" \/> <a href=\"https:\/\/t.co\/nXWLNZNTiO\">pic.twitter.com\/nXWLNZNTiO<\/a><\/p>\n<p>&mdash; pitchfork who?! (@luksoxrey) <a href=\"https:\/\/twitter.com\/luksoxrey\/status\/1241147335679369223?ref_src=twsrc%5Etfw\">March 20, 2020<\/a><\/p>\n<\/blockquote>\n<\/div>\n<div class=\"embed-twitter\">\n<blockquote class=\"twitter-tweet\" data-width=\"500\" data-dnt=\"true\">\n<p lang=\"pt\" dir=\"ltr\"><a href=\"https:\/\/twitter.com\/hashtag\/Aplausosnajanela?src=hash&amp;ref_src=twsrc%5Etfw\">#Aplausosnajanela<\/a><br \/>Em Vila Andrade, SP <a href=\"https:\/\/t.co\/Cngm2P5srg\">pic.twitter.com\/Cngm2P5srg<\/a><\/p>\n<p>&mdash; Andre (@Andre36567112) <a href=\"https:\/\/twitter.com\/Andre36567112\/status\/1241141883541295105?ref_src=twsrc%5Etfw\">March 20, 2020<\/a><\/p>\n<\/blockquote>\n<\/div>\n<div class=\"embed-twitter\">\n<blockquote class=\"twitter-tweet\" data-width=\"500\" data-dnt=\"true\">\n<p lang=\"pt\" dir=\"ltr\">No Jabaquara zona sul de S\u00e3o Paulo <a href=\"https:\/\/t.co\/kiskBpLVaK\">pic.twitter.com\/kiskBpLVaK<\/a><\/p>\n<p>&mdash; Daniel Ribeiro (@danrribs) <a href=\"https:\/\/twitter.com\/danrribs\/status\/1241146978584662017?ref_src=twsrc%5Etfw\">March 20, 2020<\/a><\/p>\n<\/blockquote>\n<\/div>\n<div class=\"embed-twitter\">\n<blockquote class=\"twitter-tweet\" data-width=\"500\" data-dnt=\"true\">\n<p lang=\"pt\" dir=\"ltr\">Mais <a href=\"https:\/\/twitter.com\/hashtag\/AplausosNaJanela?src=hash&amp;ref_src=twsrc%5Etfw\">#AplausosNaJanela<\/a>, em S\u00e3o Bernardo do Campo-SP!<\/p>\n<p>Parab\u00e9ns, profissionais de sa\u00fade e demais que est\u00e3o se arriscando por n\u00f3s! Voc\u00eas merecem todos os aplausos! <a href=\"https:\/\/t.co\/6joWW6Wwp9\">pic.twitter.com\/6joWW6Wwp9<\/a><\/p>\n<p>&mdash; Carla Zambelli (@CarlaZambelli38) <a href=\"https:\/\/twitter.com\/CarlaZambelli38\/status\/1241149913351819264?ref_src=twsrc%5Etfw\">March 20, 2020<\/a><\/p>\n<\/blockquote>\n<\/div>\n<div class=\"embed-twitter\">\n<blockquote class=\"twitter-tweet\" data-width=\"500\" data-dnt=\"true\">\n<p lang=\"pt\" dir=\"ltr\">Homenagem aos m\u00e9dicos, enfermeiros e fisioterapeutas que est\u00e3o no front. Aplausos, aplausos e mais aplausos <a href=\"https:\/\/t.co\/YGYzdd6Aq4\">pic.twitter.com\/YGYzdd6Aq4<\/a><\/p>\n<p>&mdash; Jo\u00e3o Batista Jr. (@joao_batistajr) <a href=\"https:\/\/twitter.com\/joao_batistajr\/status\/1241146725009670145?ref_src=twsrc%5Etfw\">March 20, 2020<\/a><\/p>\n<\/blockquote>\n<\/div>\n<div class=\"embed-twitter\">\n<blockquote class=\"twitter-tweet\" data-width=\"500\" data-dnt=\"true\">\n<p lang=\"pt\" dir=\"ltr\">Vila Leopoldina &#8211; S\u00e3o Paulo <a href=\"https:\/\/t.co\/EDp36CFi0e\">pic.twitter.com\/EDp36CFi0e<\/a><\/p>\n<p>&mdash; Renato Meinberg (@RenatoMeinberg) <a href=\"https:\/\/twitter.com\/RenatoMeinberg\/status\/1241146278286897155?ref_src=twsrc%5Etfw\">March 20, 2020<\/a><\/p>\n<\/blockquote>\n<\/div>\n<div class=\"embed-twitter\">\n<blockquote class=\"twitter-tweet\" data-width=\"500\" data-dnt=\"true\">\n<p lang=\"pt\" dir=\"ltr\">Um grande aplauso pelos m\u00e9dicos e profissionais de sa\u00fade. Em Santo Andr\u00e9\/SP, \u00e0s 20h30. <a href=\"https:\/\/twitter.com\/hashtag\/coronavirus?src=hash&amp;ref_src=twsrc%5Etfw\">#coronavirus<\/a> <a href=\"https:\/\/twitter.com\/hashtag\/coronavirusbrasil?src=hash&amp;ref_src=twsrc%5Etfw\">#coronavirusbrasil<\/a> <a href=\"https:\/\/t.co\/OU6YmTfuv4\">pic.twitter.com\/OU6YmTfuv4<\/a><\/p>\n<p>&mdash; Filipe Domingues (@filipedomingues) <a href=\"https:\/\/twitter.com\/filipedomingues\/status\/1241146310566260738?ref_src=twsrc%5Etfw\">March 20, 2020<\/a><\/p>\n<\/blockquote>\n<\/div>\n<div class=\"widget-news widget-box no-margin no-border\"><span class=\"widget-news-title content-box-title\">Veja tamb\u00e9m<\/span><\/p>\n<ul class=\"widget-news-list\">\n<li class=\"widget-news-item without-thumb with-border\">\n<div class=\"widget-news-info\"><a href=\"http:\/\/vejasp.abril.com.br\/saude\">Sa\u00fade<\/a><span class=\"widget-news-item-title\"><a href=\"https:\/\/vejasp.abril.com.br\/saude\/2-000-leitos-hospitalares-anhembi-pacaembu\/\">2 mil leitos hospitalares ser\u00e3o instalados no Anhembi e Pacaembu<\/a><\/span><span class=\"widget-news-item-date\">20 mar 2020 &#8211; 13h03<\/span><\/div>\n<\/li>\n<li class=\"widget-news-item without-thumb with-border\">\n<div class=\"widget-news-info\"><a href=\"http:\/\/vejasp.abril.com.br\/comida-bebida\">Comida &amp; Bebida<\/a><span class=\"widget-news-item-title\"><a href=\"https:\/\/vejasp.abril.com.br\/comida-bebida\/esfihas-delivery\/\">Lugares para pedir boas esfihas em casa<\/a><\/span><span class=\"widget-news-item-date\">20 mar 2020 &#8211; 07h03<\/span><\/div>\n<\/li>\n<\/ul>\n<\/div>\n<p>&nbsp;<\/p>\n<p>&nbsp;<\/p>\n<p>&nbsp;<\/p>\n<p>&nbsp;<\/p>\n<p>&nbsp;<\/p>\n<p>&nbsp;<\/p>\n<p>&nbsp;<\/p>\n<p>&nbsp;<\/p>\n<p>&nbsp;<\/p>\n<p>&nbsp;<\/p>\n<p>&nbsp;<\/p>\n<p><script async src=\"http:\/\/platform.twitter.com\/widgets.js\" charset=\"utf-8\"><\/script><br \/>\n<br \/><br \/>\n<br \/><a href=\"https:\/\/vejasp.abril.com.br\/cidades\/videos-sp-aplaudindo-profissionais-saude\/\">Fonte do Artigo <\/a><br \/>\nTags:<br \/>\n#loterias #loteriascaixa #megasena #resultadoapostas#noticias #noticiario  #noticia #brasil #noticiascolombia #mundo #esporte #colombia #noticiadeld #ltimasnoticias  #noticiario #noticiasregionales #noticiasdepartamentales #noticiashoy #esportes #noticiaahora #elinformantenoticias #noticiasdeboyac  #esporteinterativo #esportivo #diariodosesportes  #noticiero  #jogodefutebol #jogos #loto #apostas<\/p>\n","protected":false},"excerpt":{"rendered":"<p>Uma manifesta\u00e7\u00e3o organizada pelas redes sociais homenageou os profissionais da sa\u00fade que enfrentam o Covid-19 nos hospitais brasileiros. \u00c0s 20h30 desta sexta-feira (20) diversos paulistanos bateram palmas de suas janelas como forma de agradecimento a quem atua na \u00e1rea em meio a pandemia do coronav\u00edrus. O ato ocorreu tamb\u00e9m em outras capitais, como Porto Alegre, [&hellip;]<\/p>\n","protected":false},"author":1,"featured_media":46321,"comment_status":"open","ping_status":"open","sticky":false,"template":"","format":"standard","meta":{"footnotes":""},"categories":[1],"tags":[],"class_list":["post-46320","post","type-post","status-publish","format-standard","has-post-thumbnail","hentry","category-curso-de-copy"],"_links":{"self":[{"href":"https:\/\/wiy.com.br\/noticias\/wp-json\/wp\/v2\/posts\/46320","targetHints":{"allow":["GET"]}}],"collection":[{"href":"https:\/\/wiy.com.br\/noticias\/wp-json\/wp\/v2\/posts"}],"about":[{"href":"https:\/\/wiy.com.br\/noticias\/wp-json\/wp\/v2\/types\/post"}],"author":[{"embeddable":true,"href":"https:\/\/wiy.com.br\/noticias\/wp-json\/wp\/v2\/users\/1"}],"replies":[{"embeddable":true,"href":"https:\/\/wiy.com.br\/noticias\/wp-json\/wp\/v2\/comments?post=46320"}],"version-history":[{"count":0,"href":"https:\/\/wiy.com.br\/noticias\/wp-json\/wp\/v2\/posts\/46320\/revisions"}],"wp:featuredmedia":[{"embeddable":true,"href":"https:\/\/wiy.com.br\/noticias\/wp-json\/wp\/v2\/media\/46321"}],"wp:attachment":[{"href":"https:\/\/wiy.com.br\/noticias\/wp-json\/wp\/v2\/media?parent=46320"}],"wp:term":[{"taxonomy":"category","embeddable":true,"href":"https:\/\/wiy.com.br\/noticias\/wp-json\/wp\/v2\/categories?post=46320"},{"taxonomy":"post_tag","embeddable":true,"href":"https:\/\/wiy.com.br\/noticias\/wp-json\/wp\/v2\/tags?post=46320"}],"curies":[{"name":"wp","href":"https:\/\/api.w.org\/{rel}","templated":true}]}}