{"id":46311,"date":"2023-02-26T15:06:00","date_gmt":"2023-02-26T18:06:00","guid":{"rendered":"https:\/\/wiy.com.br\/noticias\/justica-proibe-cultos-religiosos\/"},"modified":"2020-03-20T23:07:45","modified_gmt":"2020-03-21T02:07:45","slug":"justica-proibe-cultos-religiosos","status":"publish","type":"post","link":"https:\/\/wiy.com.br\/noticias\/justica-proibe-cultos-religiosos\/","title":{"rendered":"Justi\u00e7a pro\u00edbe cultos religiosos"},"content":{"rendered":"<p> <br \/>\n<\/p>\n<p><span>A Justi\u00e7a concedeu liminar que pro\u00edbe cultos no estado de S\u00e3o Paulo.<\/span><\/p>\n<p><span>O Minist\u00e9rio P\u00fablico de S\u00e3o Paulo entrou com a\u00e7\u00e3o pedindo liminar para obrigar o governo Jo\u00e3o Doria (PSDB) e a gest\u00e3o Bruno Covas (PSDB) a impedirem cultos.<\/span><\/p>\n<p><span>Doria havia apenas dado recomenda\u00e7\u00e3o para o fechamento.<span class=\"Apple-converted-space\">\u00a0<\/span><\/span><\/p>\n<p><span>A decis\u00e3o manda que &#8220;sejam efetivadas medidas de imediata fiscaliza\u00e7\u00e3o e aplica\u00e7\u00e3o das san\u00e7\u00f5es administrativas\/sanit\u00e1rias, inclusive interdi\u00e7\u00e3o administrativa dos estabelecimentos, se necess\u00e1rio, lavratura de auto de infra\u00e7\u00e3o, imposi\u00e7\u00e3o de multa e comunica\u00e7\u00e3o dos fatos \u00e0 autoridade policial competente&#8221;.<\/span><\/p>\n<p><span>&#8220;Tendo em vista a proximidade do final de semana quando se realizam a maioria dos cultos religiosos, determinar medidas administrativas urgentes para garantir a suspens\u00e3o imediata dos cultos\/servi\u00e7os religiosos em geral, bem tomar as provid\u00eancias cab\u00edveis no \u00e2mbito administrativo, sanit\u00e1rio e penal para que l\u00edderes religiosos, dentre os quais Silas Malafaia e Edir Macedo, n\u00e3o convoquem seus fi\u00e9is e seguidores para a celebra\u00e7\u00e3o de cultos&#8221;, afirma a pe\u00e7a do Minist\u00e9rio P\u00fablico.<\/span><\/p>\n<p><span>Edir Macedo, da Igreja Universal, afirmou que o coronav\u00edrus \u00e9 uma t\u00e1tica de Satan\u00e1s. Silas Malafaia \u00a0 tamb\u00e9m havia dito publicamente que n\u00e3o fecharia templos nem diminuiria os cultos.<\/span><\/p>\n<p><br \/>\n<br \/><a href=\"https:\/\/vejasp.abril.com.br\/cidades\/justica-proibe-cultos-religiosos\/\">Fonte do Artigo <\/a><br \/>\nTags:<br \/>\n#loterias #loteriascaixa #megasena #resultadoapostas#noticias #noticiario  #noticia #brasil #noticiascolombia #mundo #esporte #colombia #noticiadeld #ltimasnoticias  #noticiario #noticiasregionales #noticiasdepartamentales #noticiashoy #esportes #noticiaahora #elinformantenoticias #noticiasdeboyac  #esporteinterativo #esportivo #diariodosesportes  #noticiero  #jogodefutebol #jogos #loto #apostas<\/p>\n","protected":false},"excerpt":{"rendered":"<p>A Justi\u00e7a concedeu liminar que pro\u00edbe cultos no estado de S\u00e3o Paulo. O Minist\u00e9rio P\u00fablico de S\u00e3o Paulo entrou com a\u00e7\u00e3o pedindo liminar para obrigar o governo Jo\u00e3o Doria (PSDB) e a gest\u00e3o Bruno Covas (PSDB) a impedirem cultos. Doria havia apenas dado recomenda\u00e7\u00e3o para o fechamento.\u00a0 A decis\u00e3o manda que &#8220;sejam efetivadas medidas de [&hellip;]<\/p>\n","protected":false},"author":1,"featured_media":46312,"comment_status":"open","ping_status":"open","sticky":false,"template":"","format":"standard","meta":{"footnotes":""},"categories":[1],"tags":[],"class_list":["post-46311","post","type-post","status-publish","format-standard","has-post-thumbnail","hentry","category-curso-de-copy"],"_links":{"self":[{"href":"https:\/\/wiy.com.br\/noticias\/wp-json\/wp\/v2\/posts\/46311","targetHints":{"allow":["GET"]}}],"collection":[{"href":"https:\/\/wiy.com.br\/noticias\/wp-json\/wp\/v2\/posts"}],"about":[{"href":"https:\/\/wiy.com.br\/noticias\/wp-json\/wp\/v2\/types\/post"}],"author":[{"embeddable":true,"href":"https:\/\/wiy.com.br\/noticias\/wp-json\/wp\/v2\/users\/1"}],"replies":[{"embeddable":true,"href":"https:\/\/wiy.com.br\/noticias\/wp-json\/wp\/v2\/comments?post=46311"}],"version-history":[{"count":0,"href":"https:\/\/wiy.com.br\/noticias\/wp-json\/wp\/v2\/posts\/46311\/revisions"}],"wp:featuredmedia":[{"embeddable":true,"href":"https:\/\/wiy.com.br\/noticias\/wp-json\/wp\/v2\/media\/46312"}],"wp:attachment":[{"href":"https:\/\/wiy.com.br\/noticias\/wp-json\/wp\/v2\/media?parent=46311"}],"wp:term":[{"taxonomy":"category","embeddable":true,"href":"https:\/\/wiy.com.br\/noticias\/wp-json\/wp\/v2\/categories?post=46311"},{"taxonomy":"post_tag","embeddable":true,"href":"https:\/\/wiy.com.br\/noticias\/wp-json\/wp\/v2\/tags?post=46311"}],"curies":[{"name":"wp","href":"https:\/\/api.w.org\/{rel}","templated":true}]}}