{"id":4612,"date":"2023-02-26T15:38:57","date_gmt":"2023-02-26T18:38:57","guid":{"rendered":"https:\/\/wiy.com.br\/noticias\/vans-irregulares-atuam-livremente-na-praia-da-barra\/"},"modified":"2019-02-13T05:09:41","modified_gmt":"2019-02-13T07:09:41","slug":"vans-irregulares-atuam-livremente-na-praia-da-barra","status":"publish","type":"post","link":"https:\/\/wiy.com.br\/noticias\/vans-irregulares-atuam-livremente-na-praia-da-barra\/","title":{"rendered":"Vans irregulares atuam livremente na Praia da Barra"},"content":{"rendered":"<p> <br \/>\n<br \/>RIO \u2014 O sistema p\u00fablico de transporte \u00e9 uma das principais reclama\u00e7\u00f5es do carioca, que, n\u00e3o raro, apela para o transporte pirata ao se deslocar. Na Avenida Lucio Costa, na altura do Posto 3, um ponto de vans irregulares se formou e opera livremente&#8230;<br \/>\n<br \/><br \/>\n<br \/><a href=\"https:\/\/oglobo.globo.com\/rio\/bairros\/vans-irregulares-atuam-livremente-na-praia-da-barra-23447922\">Source link <\/a><\/p>\n","protected":false},"excerpt":{"rendered":"<p>RIO \u2014 O sistema p\u00fablico de transporte \u00e9 uma das principais reclama\u00e7\u00f5es do carioca, que, n\u00e3o raro, apela para o transporte pirata ao se deslocar. Na Avenida Lucio Costa, na altura do Posto 3, um ponto de vans irregulares se formou e opera livremente&#8230; Source link<\/p>\n","protected":false},"author":1,"featured_media":0,"comment_status":"open","ping_status":"open","sticky":false,"template":"","format":"standard","meta":{"footnotes":""},"categories":[337],"tags":[],"class_list":["post-4612","post","type-post","status-publish","format-standard","hentry","category-noticias"],"_links":{"self":[{"href":"https:\/\/wiy.com.br\/noticias\/wp-json\/wp\/v2\/posts\/4612","targetHints":{"allow":["GET"]}}],"collection":[{"href":"https:\/\/wiy.com.br\/noticias\/wp-json\/wp\/v2\/posts"}],"about":[{"href":"https:\/\/wiy.com.br\/noticias\/wp-json\/wp\/v2\/types\/post"}],"author":[{"embeddable":true,"href":"https:\/\/wiy.com.br\/noticias\/wp-json\/wp\/v2\/users\/1"}],"replies":[{"embeddable":true,"href":"https:\/\/wiy.com.br\/noticias\/wp-json\/wp\/v2\/comments?post=4612"}],"version-history":[{"count":0,"href":"https:\/\/wiy.com.br\/noticias\/wp-json\/wp\/v2\/posts\/4612\/revisions"}],"wp:attachment":[{"href":"https:\/\/wiy.com.br\/noticias\/wp-json\/wp\/v2\/media?parent=4612"}],"wp:term":[{"taxonomy":"category","embeddable":true,"href":"https:\/\/wiy.com.br\/noticias\/wp-json\/wp\/v2\/categories?post=4612"},{"taxonomy":"post_tag","embeddable":true,"href":"https:\/\/wiy.com.br\/noticias\/wp-json\/wp\/v2\/tags?post=4612"}],"curies":[{"name":"wp","href":"https:\/\/api.w.org\/{rel}","templated":true}]}}