{"id":4611,"date":"2023-02-26T15:22:43","date_gmt":"2023-02-26T18:22:43","guid":{"rendered":"https:\/\/wiy.com.br\/noticias\/crivella-usou-em-um-ano-apenas-15-de-dinheiro-para-reforma-de-escolas\/"},"modified":"2019-02-13T05:04:42","modified_gmt":"2019-02-13T07:04:42","slug":"crivella-usou-em-um-ano-apenas-15-de-dinheiro-para-reforma-de-escolas","status":"publish","type":"post","link":"https:\/\/wiy.com.br\/noticias\/crivella-usou-em-um-ano-apenas-15-de-dinheiro-para-reforma-de-escolas\/","title":{"rendered":"Crivella usou, em um ano, apenas 15% de dinheiro para reforma de escolas"},"content":{"rendered":"<p> <br \/>\n<br \/>O prefeito Marcelo Crivella usou, no ano passado, apenas 15% da verba que tinha para a reforma de escolas. Em dezembro de 2017, ele anunciou a chegada de R$ 200 milh\u00f5es de empr\u00e9stimo da Caixa Econ\u00f4mica para revitalizar os pr\u00e9dios escolares. No&#8230;<br \/>\n<br \/><br \/>\n<br \/><a href=\"https:\/\/oglobo.globo.com\/rio\/crivella-usou-em-um-ano-apenas-15-de-dinheiro-para-reforma-de-escolas-23448150\">Source link <\/a><\/p>\n","protected":false},"excerpt":{"rendered":"<p>O prefeito Marcelo Crivella usou, no ano passado, apenas 15% da verba que tinha para a reforma de escolas. Em dezembro de 2017, ele anunciou a chegada de R$ 200 milh\u00f5es de empr\u00e9stimo da Caixa Econ\u00f4mica para revitalizar os pr\u00e9dios escolares. No&#8230; Source link<\/p>\n","protected":false},"author":1,"featured_media":0,"comment_status":"open","ping_status":"open","sticky":false,"template":"","format":"standard","meta":{"footnotes":""},"categories":[339],"tags":[],"class_list":["post-4611","post","type-post","status-publish","format-standard","hentry","category-negocios"],"_links":{"self":[{"href":"https:\/\/wiy.com.br\/noticias\/wp-json\/wp\/v2\/posts\/4611","targetHints":{"allow":["GET"]}}],"collection":[{"href":"https:\/\/wiy.com.br\/noticias\/wp-json\/wp\/v2\/posts"}],"about":[{"href":"https:\/\/wiy.com.br\/noticias\/wp-json\/wp\/v2\/types\/post"}],"author":[{"embeddable":true,"href":"https:\/\/wiy.com.br\/noticias\/wp-json\/wp\/v2\/users\/1"}],"replies":[{"embeddable":true,"href":"https:\/\/wiy.com.br\/noticias\/wp-json\/wp\/v2\/comments?post=4611"}],"version-history":[{"count":0,"href":"https:\/\/wiy.com.br\/noticias\/wp-json\/wp\/v2\/posts\/4611\/revisions"}],"wp:attachment":[{"href":"https:\/\/wiy.com.br\/noticias\/wp-json\/wp\/v2\/media?parent=4611"}],"wp:term":[{"taxonomy":"category","embeddable":true,"href":"https:\/\/wiy.com.br\/noticias\/wp-json\/wp\/v2\/categories?post=4611"},{"taxonomy":"post_tag","embeddable":true,"href":"https:\/\/wiy.com.br\/noticias\/wp-json\/wp\/v2\/tags?post=4611"}],"curies":[{"name":"wp","href":"https:\/\/api.w.org\/{rel}","templated":true}]}}