{"id":46085,"date":"2023-02-26T14:53:09","date_gmt":"2023-02-26T17:53:09","guid":{"rendered":"https:\/\/wiy.com.br\/noticias\/justica-proibe-que-escolas-fechadas-no-rio-sirvam-almoco-para-alunos\/"},"modified":"2020-03-18T14:46:13","modified_gmt":"2020-03-18T17:46:13","slug":"justica-proibe-que-escolas-fechadas-no-rio-sirvam-almoco-para-alunos","status":"publish","type":"post","link":"https:\/\/wiy.com.br\/noticias\/justica-proibe-que-escolas-fechadas-no-rio-sirvam-almoco-para-alunos\/","title":{"rendered":"Justi\u00e7a pro\u00edbe que escolas fechadas no Rio sirvam almo\u00e7o para alunos"},"content":{"rendered":"<p> <br \/>\n<\/p>\n<p><span>As escolas municipais do\u00a0<\/span><strong><a href=\"https:\/\/exame.abril.com.br\/noticias-sobre\/rio-de-janeiro\/\">Rio<\/a><\/strong><span>, que estavam sendo abertas de 11 horas \u00e0s 13 horas para servir almo\u00e7o a alunos necessitados, passam a fechar totalmente a partir desta quarta-feira &#8211; pelo menos enquanto durar uma liminar dada na ter\u00e7a-feira pela Justi\u00e7a. O Sindicato Estadual dos Profissionais de Educa\u00e7\u00e3o (SEPE-RJ) entrou com o pedido e obteve a liminar, da qual a Secretaria Municipal de Educa\u00e7\u00e3o afirma que vai recorrer por meio da Procuradoria-Geral do Munic\u00edpio.<\/span><\/p>\n<p><span>A iniciativa de <a href=\"https:\/\/exame.abril.com.br\/brasil\/rj-suspende-aulas-mas-mantem-almoco-para-criancas-da-escola-publica\/\">abrir as escolas para o almo\u00e7o foi anunciada na \u00faltima sexta-feira<\/a> pelo prefeito Marcelo Crivella e pela secret\u00e1ria Talma Romero Suane.<\/span><\/p>\n<p><span>Seria uma forma de atender alunos que dependem das unidades escolares para se alimentar. Segundo a Secretaria, cerca de 1.500 alunos se beneficiaram das refei\u00e7\u00f5es nos \u00faltimos dois dias.<\/span><\/p>\n<div class=\"widget-news widget-box no-margin no-border\"><span class=\"widget-news-title content-box-title\">Veja tamb\u00e9m<\/span><\/p>\n<ul class=\"widget-news-list\">\n<li class=\"widget-news-item without-thumb with-border\">\n<div class=\"widget-news-info\"><a href=\"http:\/\/exame.abril.com.br\/brasil\">BRASIL<\/a><span class=\"widget-news-item-title\"><a href=\"https:\/\/exame.abril.com.br\/brasil\/paciente-com-suspeita-de-coronavirus-morre-em-niteroi\/\">Paciente com suspeita de coronav\u00edrus morre em Niter\u00f3i<\/a><\/span><span class=\"widget-news-item-date\">18 mar 2020 &#8211; 08h03<\/span><\/div>\n<\/li>\n<li class=\"widget-news-item without-thumb with-border\">\n<div class=\"widget-news-info\"><a href=\"http:\/\/exame.abril.com.br\/brasil\">BRASIL<\/a><span class=\"widget-news-item-title\"><a href=\"https:\/\/exame.abril.com.br\/brasil\/rio-de-janeiro-decreta-situacao-de-emergencia-por-coronavirus\/\">RJ suspende entrada de \u00f4nibus de estados com transmiss\u00e3o comunit\u00e1ria<\/a><\/span><span class=\"widget-news-item-date\">17 mar 2020 &#8211; 10h03<\/span><\/div>\n<\/li>\n<li class=\"widget-news-item without-thumb with-border\">\n<div class=\"widget-news-info\"><a href=\"http:\/\/exame.abril.com.br\/brasil\">BRASIL<\/a><span class=\"widget-news-item-title\"><a href=\"https:\/\/exame.abril.com.br\/brasil\/witzel-vai-decretar-estado-de-emergencia-e-defende-r-50-bi-para-estados\/\">Witzel vai decretar estado de emerg\u00eancia e defende R$ 50 bi para Estados<\/a><\/span><span class=\"widget-news-item-date\">16 mar 2020 &#8211; 17h03<\/span><\/div>\n<\/li>\n<\/ul>\n<\/div>\n<p><span>O sindicato, ao justificar o pedido para que os col\u00e9gios sejam totalmente fechados, ressaltou que sabe da necessidade desses alunos, mas disse que abrir as unidades \u00e9 colocar em risco os estudantes e profissionais. Eles defendem a ado\u00e7\u00e3o de medidas alternativas, como o envio de comida \u00e0s casas dos alunos.<\/span><\/p>\n<p><span>&#8220;Alternativas inclusive utilizadas na crise de sa\u00fade de 2009, causada pelo v\u00edrus H1N1 (mais conhecida como gripe su\u00edna), quando a Prefeitura envidou esfor\u00e7os para distribuir alimentos diretamente aos alunos mais necessitados, sem a necessidade de abertura das unidades e sem colocar em risco os profissionais&#8221;, diz o SEPE.<\/span><\/p>\n<p><span>A capital do\u00a0<\/span><span>Rio<\/span><span>\u00a0concentra 31 dos 33 casos registrados at\u00e9 ontem no Estado.<\/span><\/p>\n<p><b><a href=\"https:\/\/exame.abril.com.br\/noticias-sobre\/coronavirus\">As \u00faltimas not\u00edcias da pandemia do novo coronav\u00edrus<\/a>:<\/b><\/p>\n<ul>\n<li><a href=\"https:\/\/exame.abril.com.br\/mundo\/mapa-mostra-como-o-brasil-e-o-mundo-respondem-ao-coronavirus\/\">Mapa mostra como o Brasil e o mundo est\u00e3o lidando com o novo coronav\u00edrus;<\/a><\/li>\n<li><a href=\"https:\/\/exame.abril.com.br\/mundo\/5-fake-news-sobre-coronavirus-que-estao-circulando-pelo-mundo\/\">As fake news sobre a epidemia que est\u00e3o circulando pelo mundo;<\/a><\/li>\n<li><a href=\"https:\/\/exame.abril.com.br\/ciencia\/saiba-quais-remedios-tem-ibuprofeno-nao-recomendado-contra-o-coronavirus\/\">Saiba quais rem\u00e9dios t\u00eam ibuprofeno, n\u00e3o recomendado contra o coronav\u00edrus<\/a>;<\/li>\n<li><a href=\"https:\/\/exame.abril.com.br\/seu-dinheiro\/ate-57-os-100-fundos-que-mais-perderam-com-a-crise-do-coronavirus\/\">At\u00e9 57%: os 100 fundos que mais perderam com a crise do coronav\u00edrus<\/a><\/li>\n<li><a href=\"https:\/\/exame.abril.com.br\/negocios\/coronavirus-cuidados-que-as-empresas-precisam-ter-com-funcionarios\/\">Os cuidados que as empresas precisam ter com funcion\u00e1rios<\/a>;<\/li>\n<li><a href=\"https:\/\/exame.abril.com.br\/carreira\/precisa-fazer-home-office-por-causa-do-coronavirus-confira-as-dicas\/\">Vai fazer home office por causa do coronav\u00edrus? Confira as dicas<\/a><\/li>\n<\/ul>\n<p><br \/>\n<br \/><a href=\"https:\/\/exame.abril.com.br\/brasil\/justica-proibe-que-escolas-fechadas-no-rio-sirvam-almoco-para-alunos\/\">Fonte do artigo <\/a><br \/>\nTags:<br \/>\n#politica #political #negocios #business #marketingdigital #empreendedorismo #marketing #emprendedores #empreender #sucesso #empresas #emprendimiento #emprendedor #empreendedor #emprender #dinheiro #dinero #empresario #vendas #liderazgo #motivacion #foco #motivacao #negocio #brasil<\/p>\n","protected":false},"excerpt":{"rendered":"<p>As escolas municipais do\u00a0Rio, que estavam sendo abertas de 11 horas \u00e0s 13 horas para servir almo\u00e7o a alunos necessitados, passam a fechar totalmente a partir desta quarta-feira &#8211; pelo menos enquanto durar uma liminar dada na ter\u00e7a-feira pela Justi\u00e7a. O Sindicato Estadual dos Profissionais de Educa\u00e7\u00e3o (SEPE-RJ) entrou com o pedido e obteve a [&hellip;]<\/p>\n","protected":false},"author":1,"featured_media":46086,"comment_status":"open","ping_status":"open","sticky":false,"template":"","format":"standard","meta":{"footnotes":""},"categories":[1],"tags":[],"class_list":["post-46085","post","type-post","status-publish","format-standard","has-post-thumbnail","hentry","category-curso-de-copy"],"_links":{"self":[{"href":"https:\/\/wiy.com.br\/noticias\/wp-json\/wp\/v2\/posts\/46085","targetHints":{"allow":["GET"]}}],"collection":[{"href":"https:\/\/wiy.com.br\/noticias\/wp-json\/wp\/v2\/posts"}],"about":[{"href":"https:\/\/wiy.com.br\/noticias\/wp-json\/wp\/v2\/types\/post"}],"author":[{"embeddable":true,"href":"https:\/\/wiy.com.br\/noticias\/wp-json\/wp\/v2\/users\/1"}],"replies":[{"embeddable":true,"href":"https:\/\/wiy.com.br\/noticias\/wp-json\/wp\/v2\/comments?post=46085"}],"version-history":[{"count":0,"href":"https:\/\/wiy.com.br\/noticias\/wp-json\/wp\/v2\/posts\/46085\/revisions"}],"wp:featuredmedia":[{"embeddable":true,"href":"https:\/\/wiy.com.br\/noticias\/wp-json\/wp\/v2\/media\/46086"}],"wp:attachment":[{"href":"https:\/\/wiy.com.br\/noticias\/wp-json\/wp\/v2\/media?parent=46085"}],"wp:term":[{"taxonomy":"category","embeddable":true,"href":"https:\/\/wiy.com.br\/noticias\/wp-json\/wp\/v2\/categories?post=46085"},{"taxonomy":"post_tag","embeddable":true,"href":"https:\/\/wiy.com.br\/noticias\/wp-json\/wp\/v2\/tags?post=46085"}],"curies":[{"name":"wp","href":"https:\/\/api.w.org\/{rel}","templated":true}]}}