{"id":46061,"date":"2023-02-26T15:06:53","date_gmt":"2023-02-26T18:06:53","guid":{"rendered":"https:\/\/wiy.com.br\/noticias\/movimento-em-supermercados-de-sao-paulo-cresce-18\/"},"modified":"2020-03-18T12:05:36","modified_gmt":"2020-03-18T15:05:36","slug":"movimento-em-supermercados-de-sao-paulo-cresce-18","status":"publish","type":"post","link":"https:\/\/wiy.com.br\/noticias\/movimento-em-supermercados-de-sao-paulo-cresce-18\/","title":{"rendered":"Movimento em supermercados de S\u00e3o Paulo cresce 18%"},"content":{"rendered":"<p> <br \/>\n<\/p>\n<p>A movimento de consumidores nos supermercados do Estado de S\u00e3o Paulo, na \u00faltima segunda-feira (16), foi 18% maior que o registrado h\u00e1 um m\u00eas, no dia 17 de fevereiro. Os dados, divulgados hoje (17), s\u00e3o da Associa\u00e7\u00e3o Paulista de Supermercados (Apas).<\/p>\n<p>Apesar da eleva\u00e7\u00e3o, a entidade informou que a cadeia produtiva do setor est\u00e1 operando normalmente, sem falta de produtos. A \u00fanica exce\u00e7\u00e3o \u00e9 o \u00e1lcool em gel. A Apas destaca que n\u00e3o h\u00e1 necessidade de corrida aos supermercados e que os consumidores devem realizar o consumo consciente, pensando na coletividade da sociedade.<\/p>\n<p>&#8220;<em>N\u00e3o h\u00e1 necessidade de estocar produtos. Pode haver ruptura pontual nas g\u00f4ndolas, por\u00e9m os supermercados t\u00eam se esfor\u00e7ado para disponibilizar os produtos o mais r\u00e1pido poss\u00edvel<\/em>&#8220;, disse o presidente da Apas, Ronaldo dos Santos.<\/p>\n<p>A entidade destacou que os supermercados est\u00e3o preparados para atender ao aumento da demanda e trabalhando para que n\u00e3o faltem itens nas prateleiras, assim como para manter um equil\u00edbrio de pre\u00e7o nos pontos de vendas.<\/p>\n<p><strong>Com\u00e9rcio em geral<\/strong><\/p>\n<p>Em dire\u00e7\u00e3o oposta ao dos supermercados, as vendas do com\u00e9rcio em geral tiveram queda de 16,3% no \u00faltimo final de semana, em compara\u00e7\u00e3o ao anterior. Em rela\u00e7\u00e3o a igual per\u00edodo de 2019, a queda foi maior, de 16,7%. O levantamento \u00e9 da Associa\u00e7\u00e3o Comercial de S\u00e3o Paulo (ACSP), feito com base em dados nacionais da Boa Vista Servi\u00e7os.<\/p>\n<p>De acordo com a entidade, o resultado da pesquisa mostra que o consumidor est\u00e1 se retraindo, e mudando seus h\u00e1bitos de consumo aos poucos por conta da pandemia de coronav\u00edrus.<\/p>\n<p>&#8220;<em>Essa queda \u00e9 um primeiro reflexo, n\u00e3o quer dizer que vai continuar a piorar. \u201cQuando o ambiente \u00e9 de incerteza, como o de agora, n\u00e3o h\u00e1 como fazer proje\u00e7\u00f5es: o ideal \u00e9 evitar o p\u00e2nico<\/em>&#8220;, destacou o economista da ACSP, Marcel Solimeo.<\/p>\n<div class=\"widget-news widget-box no-margin no-border\"><span class=\"widget-news-title content-box-title\">Veja tamb\u00e9m<\/span><\/p>\n<ul class=\"widget-news-list\">\n<li class=\"widget-news-item without-thumb with-border\">\n<div class=\"widget-news-info\"><a href=\"http:\/\/vejasp.abril.com.br\/cidades\">Cidades<\/a><span class=\"widget-news-item-title\"><a href=\"https:\/\/vejasp.abril.com.br\/cidades\/bombeiros-resgatam-ultimo-corpo-desaparecido-na-baixada-santista\/\">Bombeiros resgatam \u00faltimo corpo desaparecido na Baixada Santista<\/a><\/span><span class=\"widget-news-item-date\">18 mar 2020 &#8211; 10h03<\/span><\/div>\n<\/li>\n<\/ul>\n<\/div>\n<p><br \/>\n<br \/><a href=\"https:\/\/vejasp.abril.com.br\/cidades\/movimento-em-supermercados-de-sao-paulo-cresce-18\/\">Fonte do Artigo <\/a><br \/>\nTags:<br \/>\n#loterias #loteriascaixa #megasena #resultadoapostas#noticias #noticiario  #noticia #brasil #noticiascolombia #mundo #esporte #colombia #noticiadeld #ltimasnoticias  #noticiario #noticiasregionales #noticiasdepartamentales #noticiashoy #esportes #noticiaahora #elinformantenoticias #noticiasdeboyac  #esporteinterativo #esportivo #diariodosesportes  #noticiero  #jogodefutebol #jogos #loto #apostas<\/p>\n","protected":false},"excerpt":{"rendered":"<p>A movimento de consumidores nos supermercados do Estado de S\u00e3o Paulo, na \u00faltima segunda-feira (16), foi 18% maior que o registrado h\u00e1 um m\u00eas, no dia 17 de fevereiro. Os dados, divulgados hoje (17), s\u00e3o da Associa\u00e7\u00e3o Paulista de Supermercados (Apas). Apesar da eleva\u00e7\u00e3o, a entidade informou que a cadeia produtiva do setor est\u00e1 operando [&hellip;]<\/p>\n","protected":false},"author":1,"featured_media":46062,"comment_status":"open","ping_status":"open","sticky":false,"template":"","format":"standard","meta":{"footnotes":""},"categories":[1],"tags":[],"class_list":["post-46061","post","type-post","status-publish","format-standard","has-post-thumbnail","hentry","category-curso-de-copy"],"_links":{"self":[{"href":"https:\/\/wiy.com.br\/noticias\/wp-json\/wp\/v2\/posts\/46061","targetHints":{"allow":["GET"]}}],"collection":[{"href":"https:\/\/wiy.com.br\/noticias\/wp-json\/wp\/v2\/posts"}],"about":[{"href":"https:\/\/wiy.com.br\/noticias\/wp-json\/wp\/v2\/types\/post"}],"author":[{"embeddable":true,"href":"https:\/\/wiy.com.br\/noticias\/wp-json\/wp\/v2\/users\/1"}],"replies":[{"embeddable":true,"href":"https:\/\/wiy.com.br\/noticias\/wp-json\/wp\/v2\/comments?post=46061"}],"version-history":[{"count":0,"href":"https:\/\/wiy.com.br\/noticias\/wp-json\/wp\/v2\/posts\/46061\/revisions"}],"wp:featuredmedia":[{"embeddable":true,"href":"https:\/\/wiy.com.br\/noticias\/wp-json\/wp\/v2\/media\/46062"}],"wp:attachment":[{"href":"https:\/\/wiy.com.br\/noticias\/wp-json\/wp\/v2\/media?parent=46061"}],"wp:term":[{"taxonomy":"category","embeddable":true,"href":"https:\/\/wiy.com.br\/noticias\/wp-json\/wp\/v2\/categories?post=46061"},{"taxonomy":"post_tag","embeddable":true,"href":"https:\/\/wiy.com.br\/noticias\/wp-json\/wp\/v2\/tags?post=46061"}],"curies":[{"name":"wp","href":"https:\/\/api.w.org\/{rel}","templated":true}]}}