{"id":45896,"date":"2023-02-26T15:43:32","date_gmt":"2023-02-26T18:43:32","guid":{"rendered":"https:\/\/wiy.com.br\/noticias\/coronavirus-academias-fecham-reduzem-capacidade-e-mudam-a-rotina\/"},"modified":"2020-03-16T17:51:21","modified_gmt":"2020-03-16T20:51:21","slug":"coronavirus-academias-fecham-reduzem-capacidade-e-mudam-a-rotina","status":"publish","type":"post","link":"https:\/\/wiy.com.br\/noticias\/coronavirus-academias-fecham-reduzem-capacidade-e-mudam-a-rotina\/","title":{"rendered":"Coronav\u00edrus: academias fecham, reduzem capacidade e mudam a rotina"},"content":{"rendered":"<p> <br \/>\n<\/p>\n<p><span>Se as <strong><a href=\"https:\/\/exame.abril.com.br\/noticias-sobre\/academias\/\">academias<\/a><\/strong> costumam ficar lotadas nos hor\u00e1rios de pico, no in\u00edcio da manh\u00e3 e no fim da tarde, com a pandemia do novo <strong><a href=\"https:\/\/exame.abril.com.br\/noticias-sobre\/coronavirus\/\">coronav\u00edrus<\/a><\/strong> o cen\u00e1rio \u00e9 outro. A frequ\u00eancia caiu e, em alguns lugares, h\u00e1 recomenda\u00e7\u00f5es do governo para o fechamento tempor\u00e1rio das unidades, o que pode levar a uma queda nas receitas das redes fitness.\u00a0<\/span><\/p>\n<p><span>Para a redu\u00e7\u00e3o do cont\u00e1gio, redes de academia est\u00e3o criando medidas como a maior higieniza\u00e7\u00e3o dos espa\u00e7os, redu\u00e7\u00e3o da capacidade em aulas coletivas e at\u00e9 a disponibiliza\u00e7\u00e3o de aplicativos para a pr\u00e1tica de atividades em casa.<\/span><\/p>\n<p><span>Um decreto publicado pelo governo do Distrito Federal ontem proibiu o funcionamento de academias, assim como museus, no estado. Programa\u00e7\u00f5es em cinemas, teatros e aulas em escolas e universidades j\u00e1 haviam sido restritos.\u00a0<\/span><\/p>\n<p><span>No Rio de Janeiro, o governador Wilson Witzel fez um apelo a empres\u00e1rios para que fechem academias e restaurantes. J\u00e1 em Salvador, na Bahia, o prefeito ACM Neto suspendeu aulas das redes municipal e particular e o funcionamento de cinemas e academias por 15 dias, a partir de quarta-feira, 18.\u00a0<\/span><\/p>\n<p><span>Segundo Leandro Caldeira, presidente no Brasil da empresa de sa\u00fade corporativa <strong><a href=\"https:\/\/exame.abril.com.br\/noticias-sobre\/gympass\/\">Gympass<\/a><\/strong>, que conecta academias a empresas que queiram oferecer o benef\u00edcio, o impacto no setor \u00e9 semelhante ao que j\u00e1 aconteceu na It\u00e1lia e Espanha. &#8220;Quando o v\u00edrus chega em uma regi\u00e3o, vemos diminui\u00e7\u00e3o na frequ\u00eancia e, em alguns casos, decretos proibindo o funcionamento das academias&#8221;, diz ele.<\/span><\/p>\n<p><span>De acordo com ele, os usu\u00e1rios podem optar por pausar ou cancelar o plano das mensalidades, o que pode levar a dificuldades nas receitas para as redes, mas o maior impacto \u00e9 na queda de novas vendas nas regi\u00f5es mais afetadas pelo <strong>v\u00edrus<\/strong>.<\/span><\/p>\n<p><span>&#8220;O encerramento das opera\u00e7\u00f5es \u00e9 duro para n\u00f3s&#8221;, diz Filippe Savoia, presidente da Bluefit, rede de academias low-cost. Segundo ele, a rede tamb\u00e9m vem sofrendo com a redu\u00e7\u00e3o nas novas vendas e matr\u00edculas. A taxa de cancelamento ainda n\u00e3o cresceu, porque as pessoas ainda est\u00e3o aguardando mais informa\u00e7\u00f5es sobre o desenvolvimento da epidemia, diz.\u00a0<\/span><\/p>\n<p><span>A rede deve sentir impacto nas finan\u00e7as nas pr\u00f3ximas semanas, j\u00e1 que alunos devem pedir compensa\u00e7\u00e3o pelo fechamento compuls\u00f3rio das academias. &#8220;Estamos com caixa e sa\u00fade financeira para passar por isso, mas redes menores correm o risco de quebrar&#8221;, afirma.\u00a0<\/span><\/p>\n<h3><span>Maior higiene<\/span><\/h3>\n<p><span>Diversas academias aumentaram o n\u00famero de dispensers de <strong>\u00e1lcool em gel<\/strong> em \u00e1reas comuns para reduzir o cont\u00e1gio do novo coronav\u00edrus.\u00a0<\/span><\/p>\n<p><span>Entre as medidas tomadas pela Bodytech, est\u00e1 o aumento da higieniza\u00e7\u00e3o das \u00e1reas e aparelhos. As academias no estado de S\u00e3o Paulo ir\u00e3o fechar uma hora mais cedo a partir de quarta-feira, \u00e0s 22h, para receberem mais uma higieniza\u00e7\u00e3o di\u00e1ria. <\/span><span>Al\u00e9m disso, semanalmente, haver\u00e1 uma higieniza\u00e7\u00e3o especial de todas as \u00e1reas das academias da rede com m\u00e1quina a vapor com temperatura de 148 \u00b0C.<\/span><\/p>\n<div class=\"widget-news widget-box no-margin no-border\"><span class=\"widget-news-title content-box-title\">Veja tamb\u00e9m<\/span><\/p>\n<ul class=\"widget-news-list\">\n<li class=\"widget-news-item without-thumb with-border\">\n<div class=\"widget-news-info\"><a href=\"http:\/\/exame.abril.com.br\/brasil\">BRASIL<\/a><span class=\"widget-news-item-title\"><a href=\"https:\/\/exame.abril.com.br\/brasil\/ministerio-da-saude-confirma-234-infectados-pelo-coronavirus-no-brasil\/\">Minist\u00e9rio da Sa\u00fade confirma 234 infectados pelo coronav\u00edrus no Brasil<\/a><\/span><span class=\"widget-news-item-date\">16 mar 2020 &#8211; 16h03<\/span><\/div>\n<\/li>\n<\/ul>\n<\/div>\n<h3><span>Redu\u00e7\u00e3o da capacidade<\/span><\/h3>\n<p><span>Para evitar aglomera\u00e7\u00f5es, as empresas reduziram o limite de ocupa\u00e7\u00e3o em aulas coletivas em at\u00e9 50%. Na Velocity, a partir de amanh\u00e3, 17, est\u00e3o liberadas apenas 50% das reservas em cada aula para garantir uma dist\u00e2ncia segura entre os alunos.<\/span><\/p>\n<p><span>Como as aulas na rede de spinning s\u00e3o pagas individualmente ou por meio de pacotes, a validade dos pacotes comprados ser\u00e1 prorrogada por mais 90 dias. Os cancelamentos tardios, feitos com menos de 24 horas de anteced\u00eancia, n\u00e3o ser\u00e3o cobrados dos alunos e o cr\u00e9dito ser\u00e1 devolvido para o aluno remarcar a aula.<\/span><\/p>\n<h3><span>Mudan\u00e7a no treino<\/span><\/h3>\n<p><span>As aulas e treinos tamb\u00e9m est\u00e3o mudando. Em aulas com contato entre os alunos, como dan\u00e7as e lutas, a Bodytech recomenda que alunos e professores fa\u00e7am uma higieniza\u00e7\u00e3o com \u00e1lcool em gel antes das atividades.<\/span><\/p>\n<p><span>A rede tamb\u00e9m est\u00e1 alterando treinos para reduzir a rota\u00e7\u00e3o dos equipamentos. Para reduzir ainda mais o contato, a entrada nas academias da Bodytech pode ser feita apenas com a identifica\u00e7\u00e3o do aluno na recep\u00e7\u00e3o, sem a leitura da digital. Na Bluefit, aulas de lutas foram suspensas.\u00a0<\/span><\/p>\n<h3><span>Funcion\u00e1rios<\/span><\/h3>\n<p><span>Al\u00e9m dos alunos, funcion\u00e1rios tamb\u00e9m sentem o impacto da pandemia. <\/span><\/p>\n<p><span>No caso da Bodytech, mais do que 80% dos funcion\u00e1rios recebem por hora. Mesmo com o cancelamento de algumas aulas, a rede ir\u00e1 manter o pagamento aos professores e funcion\u00e1rios. &#8220;Estamos estudando medidas junto \u00e0s autoridades para encontrar o equil\u00edbrio entre receitas e despesas com m\u00e3o de obra, como talvez a antecipa\u00e7\u00e3o de f\u00e9rias, mas nesse momento descartamos a chance de n\u00e3o pagar esses horistas&#8221;, diz Luiz Carlos Urquiza, presidente do grupo Bodytech.<\/span><\/p>\n<div class=\"widget-news widget-box no-margin no-border\"><span class=\"widget-news-title content-box-title\">Veja tamb\u00e9m<\/span><\/p>\n<ul class=\"widget-news-list\">\n<li class=\"widget-news-item without-thumb with-border\">\n<div class=\"widget-news-info\"><a href=\"http:\/\/exame.abril.com.br\/negocios\">NEG\u00d3CIOS<\/a><span class=\"widget-news-item-title\"><a href=\"https:\/\/exame.abril.com.br\/negocios\/demanda-por-agua-e-refeicoes-prontas-cresce-nos-supermercados\/\">Demanda por \u00e1gua e refei\u00e7\u00f5es prontas cresce nos supermercados<\/a><\/span><span class=\"widget-news-item-date\">16 mar 2020 &#8211; 15h03<\/span><\/div>\n<\/li>\n<li class=\"widget-news-item without-thumb with-border\">\n<div class=\"widget-news-info\"><a href=\"http:\/\/exame.abril.com.br\/pme\">PME<\/a><span class=\"widget-news-item-title\"><a href=\"https:\/\/exame.abril.com.br\/pme\/coronavirus-clinicas-tem-atendimento-via-whatsapp-e-exame-de-graca\/\">Coronav\u00edrus: cl\u00ednicas t\u00eam atendimento via WhatsApp e exame de gra\u00e7a<\/a><\/span><span class=\"widget-news-item-date\">16 mar 2020 &#8211; 15h03<\/span><\/div>\n<\/li>\n<\/ul>\n<\/div>\n<h3><span>Exerc\u00edcio em casa<\/span><\/h3>\n<p><span>Se, por um lado, um melhor condicionamento f\u00edsico reduz a contamina\u00e7\u00e3o, as academias podem ser ambientes lotados e de contato entre as pessoas, o que pode ser prop\u00edcio para a propaga\u00e7\u00e3o do v\u00edrus.\u00a0<\/span><\/p>\n<p><span>Pensando nisso, a Gympass disponibilizou hoje uma plataforma digital que re\u00fane diversos aplicativos de bem estar, como v\u00eddeoaulas, apps de medita\u00e7\u00e3o ou treinos, por exemplo. &#8220;O usu\u00e1rio j\u00e1 estava engajado em alguma atividade. Se fica em casa por algumas semanas, \u00e9 muito dif\u00edcil voltar ao ritmo&#8221;, diz Caldeira.<\/span><\/p>\n<p><span>A ferramenta j\u00e1 foi disponibilizada na Espanha e It\u00e1lia. No Brasil, est\u00e1 sendo oferecida aos poucos, inicialmente em S\u00e3o Paulo, no Rio de Janeiro e no Distrito Federal e, a partir de amanh\u00e3, no Esp\u00edrito Santo e em Salvador.\u00a0<\/span><span>Entre os apps dispon\u00edveis na plataforma, est\u00e3o NEOU, 8fit, Zen App e Tecnonutr.\u00a0<\/span><\/p>\n<p><span>Um dos parceiros \u00e9 a Bodytech, que tamb\u00e9m ir\u00e1 disponibilizar seu app BTFIT gratuitamente por duas semanas. \u201cA ideia \u00e9 que qualquer pessoa que queira treinar, em casa ou no parque, possa faz\u00ea-lo\u201d, diz Urquiza.<\/span><\/p>\n<p>#noticias #economia #sustentabilidade #dinheiro #economia<br \/>\n<br \/><br \/>\n<br \/><a href=\"https:\/\/exame.abril.com.br\/negocios\/coronavirus-academias-fecham-reduzem-capacidade-e-mudam-a-rotina\/\">Fonte do Artigo <\/a><br \/>\nTags:<\/p>\n<p><a href=\"https:\/\/wiy.com.br\/noticias\/categoria\/curso-de-copy\/\">#noticias<\/a> <a href=\"https:\/\/wiy.com.br\/noticias\/categoria\/curso-de-copy\/\">#economia<\/a> <a href=\"https:\/\/wiy.com.br\/noticias\/categoria\/curso-de-copy\/\">#sustentabilidade<\/a> <a href=\"https:\/\/wiy.com.br\/noticias\/categoria\/curso-de-copy\/\">#dinheiro<\/a> <a href=\"https:\/\/wiy.com.br\/noticias\/categoria\/curso-de-copy\/\">#economia<\/a> <a href=\"https:\/\/wiy.com.br\/noticias\/categoria\/curso-de-copy\/\">#energialimpa<\/a> <a href=\"https:\/\/wiy.com.br\/noticias\/categoria\/curso-de-copy\/\">#brasil<\/a> <a href=\"https:\/\/wiy.com.br\/noticias\/categoria\/curso-de-copy\/\">#cursodecopy<\/a> <a href=\"https:\/\/wiy.com.br\/noticias\/categoria\/curso-de-copy\/\">#meioambiente<\/a> <a href=\"https:\/\/wiy.com.br\/noticias\/categoria\/curso-de-copy\/\">#hotmart<\/a> <a href=\"https:\/\/wiy.com.br\/noticias\/categoria\/curso-de-copy\/\">#empreendedorismo<\/a> <a href=\"https:\/\/wiy.com.br\/noticias\/categoria\/curso-de-copy\/\">#marketingdigital<\/a> <a href=\"https:\/\/wiy.com.br\/noticias\/categoria\/curso-de-copy\/\">#marketing digital<\/a> <a href=\"https:\/\/wiy.com.br\/noticias\/categoria\/curso-de-copy\/\">#politica<\/a> <a href=\"https:\/\/wiy.com.br\/noticias\/categoria\/curso-de-copy\/\">#energiasolarfotovoltaica<\/a> <a href=\"https:\/\/wiy.com.br\/noticias\/categoria\/curso-de-copy\/\">#textos que vendem<\/a> <a href=\"https:\/\/wiy.com.br\/noticias\/categoria\/curso-de-copy\/\">#copy de vendas<\/a> <a href=\"https:\/\/wiy.com.br\/noticias\/categoria\/curso-de-copy\/\">#sucesso<\/a> <a href=\"https:\/\/wiy.com.br\/noticias\/categoria\/curso-de-copy\/\">#financas<\/a> <a href=\"https:\/\/wiy.com.br\/noticias\/categoria\/curso-de-copy\/\">#investimentos<\/a> <a href=\"https:\/\/wiy.com.br\/noticias\/categoria\/curso-de-copy\/\">#criptomoeda<\/a> <a href=\"https:\/\/wiy.com.br\/noticias\/categoria\/curso-de-copy\/\">#ead<\/a> <a href=\"https:\/\/wiy.com.br\/noticias\/categoria\/curso-de-copy\/\">#copy download<\/a> <a href=\"https:\/\/wiy.com.br\/noticias\/categoria\/curso-de-copy\/\">#cursodecopypdf<\/a> <a href=\"https:\/\/wiy.com.br\/noticias\/categoria\/curso-de-copy\/\">#primeiravenda<\/a> <a href=\"https:\/\/wiy.com.br\/noticias\/categoria\/curso-de-copy\/\">#noticias24<\/a> <a href=\"https:\/\/curso-de-copy.wordseo.com.br\/\">#curso de copy<\/a> <a href=\"https:\/\/curso-de-copy.wordseo.com.br\/\">#curso para afiliados<\/a> <a href=\"https:\/\/curso-de-copy.wordseo.com.br\/\">#curso de copy online<\/a><\/p>\n","protected":false},"excerpt":{"rendered":"<p>Se as academias costumam ficar lotadas nos hor\u00e1rios de pico, no in\u00edcio da manh\u00e3 e no fim da tarde, com a pandemia do novo coronav\u00edrus o cen\u00e1rio \u00e9 outro. A frequ\u00eancia caiu e, em alguns lugares, h\u00e1 recomenda\u00e7\u00f5es do governo para o fechamento tempor\u00e1rio das unidades, o que pode levar a uma queda nas receitas [&hellip;]<\/p>\n","protected":false},"author":1,"featured_media":45897,"comment_status":"open","ping_status":"open","sticky":false,"template":"","format":"standard","meta":{"footnotes":""},"categories":[1,339],"tags":[],"class_list":["post-45896","post","type-post","status-publish","format-standard","has-post-thumbnail","hentry","category-curso-de-copy","category-negocios"],"_links":{"self":[{"href":"https:\/\/wiy.com.br\/noticias\/wp-json\/wp\/v2\/posts\/45896","targetHints":{"allow":["GET"]}}],"collection":[{"href":"https:\/\/wiy.com.br\/noticias\/wp-json\/wp\/v2\/posts"}],"about":[{"href":"https:\/\/wiy.com.br\/noticias\/wp-json\/wp\/v2\/types\/post"}],"author":[{"embeddable":true,"href":"https:\/\/wiy.com.br\/noticias\/wp-json\/wp\/v2\/users\/1"}],"replies":[{"embeddable":true,"href":"https:\/\/wiy.com.br\/noticias\/wp-json\/wp\/v2\/comments?post=45896"}],"version-history":[{"count":0,"href":"https:\/\/wiy.com.br\/noticias\/wp-json\/wp\/v2\/posts\/45896\/revisions"}],"wp:featuredmedia":[{"embeddable":true,"href":"https:\/\/wiy.com.br\/noticias\/wp-json\/wp\/v2\/media\/45897"}],"wp:attachment":[{"href":"https:\/\/wiy.com.br\/noticias\/wp-json\/wp\/v2\/media?parent=45896"}],"wp:term":[{"taxonomy":"category","embeddable":true,"href":"https:\/\/wiy.com.br\/noticias\/wp-json\/wp\/v2\/categories?post=45896"},{"taxonomy":"post_tag","embeddable":true,"href":"https:\/\/wiy.com.br\/noticias\/wp-json\/wp\/v2\/tags?post=45896"}],"curies":[{"name":"wp","href":"https:\/\/api.w.org\/{rel}","templated":true}]}}