{"id":45823,"date":"2023-02-26T14:53:01","date_gmt":"2023-02-26T17:53:01","guid":{"rendered":"https:\/\/wiy.com.br\/noticias\/forster-indicado-a-embaixada-nos-eua-testa-positivo-para-coronavirus\/"},"modified":"2020-03-14T11:08:09","modified_gmt":"2020-03-14T14:08:09","slug":"forster-indicado-a-embaixada-nos-eua-testa-positivo-para-coronavirus","status":"publish","type":"post","link":"https:\/\/wiy.com.br\/noticias\/forster-indicado-a-embaixada-nos-eua-testa-positivo-para-coronavirus\/","title":{"rendered":"Forster, indicado \u00e0 Embaixada nos EUA, testa positivo para coronav\u00edrus"},"content":{"rendered":"<p> <br \/>\n<\/p>\n<p>O encarregado de neg\u00f3cios do Brasil em Washington, o diplomata <a href=\"https:\/\/exame.abril.com.br\/brasil\/nestor-forster-aceita-indicacao-para-assumir-embaixada-diz-bolsonaro\/\" target=\"_blank\" rel=\"noopener noreferrer\"><strong>Nestor Forster<\/strong><\/a>\u00a0teve resultado positivo para teste de coronav\u00edrus. O diplomata integrou a comitiva presidencial que acompanhou Jair Bolsonaro durante a viagem \u00e0 Fl\u00f3rida, de s\u00e1bado \u00e0 ter\u00e7a-feira.<\/p>\n<p>Desde que tomou conhecimento de que o secret\u00e1rio de Comunica\u00e7\u00e3o, Fabio Wajngarten, tamb\u00e9m presente na viagem, foi testado positivo para covid-19, Forster j\u00e1 havia iniciado um per\u00edodo de quarentena. Segundo a Embaixada do Brasil nos EUA, o futuro embaixador prolongar\u00e1 o isolamento, no qual ele j\u00e1 havia se colocado como medida de precau\u00e7\u00e3o, por mais duas semanas.<\/p>\n<p>Forster acompanhou Bolsonaro em toda a agenda oficial do presidente. Ele \u00e9 o segundo nome da delega\u00e7\u00e3o brasileira presente em Miami a ser infectado pelo v\u00edrus. O embaixador foi um dos convidados que se sentou \u00e0 mesa com o presidente dos Estados Unidos, Donald Trump, em Mar-a-Lago no s\u00e1bado.<\/p>\n<p>At\u00e9 agora, Trump n\u00e3o fez teste para verificar se foi infectado pelo v\u00edrus porque, segundo ele, praticamente n\u00e3o teve intera\u00e7\u00e3o com Wajngarten. &#8220;N\u00e3o tivemos sintomas. Tivemos um bom encontro com o presidente do Brasil. Ele est\u00e1 fazendo um trabalho fant\u00e1stico. E ele (Bolsonaro) testou negativo&#8221;, afirmou o presidente. Perguntado se ele mant\u00e9m contato com o brasileiro sobre a quest\u00e3o do coronav\u00edrus, Trump afirmou que h\u00e1 conversas entre os dois pa\u00edses.<\/p>\n<p>Wajngarten n\u00e3o sentou \u00e0 mesa do jantar dos dois presidentes, mas estava no local e em alguns momentos esteve bastante pr\u00f3ximo a Trump e a Pence. Em uma foto, o secret\u00e1rio posa exatamente ao lado do presidente americano com bon\u00e9s confeccionados pela delega\u00e7\u00e3o brasileira com o escrito &#8220;Make Brazil Great Again&#8221;, uma adapta\u00e7\u00e3o do slogan de campanha de Trump. &#8220;Eu n\u00e3o tenho ideia de quem ele seja. Eu tiro fotos por segundos, eu tiro centenas de fotos. Eu sentei com o presidente (Bolsonaro) por duas horas, mas ele testou negativo e isso \u00e9 bom&#8221;, afirmou Trump que disse ainda n\u00e3o ter visto a foto na qual est\u00e1 ao lado do secret\u00e1rio de Comunica\u00e7\u00e3o.<\/p>\n<h3>Prefeito<\/h3>\n<p>O prefeito de Miami, Francis Suarez, que encontrou com a comitiva brasileira, tamb\u00e9m teve resultado positivo para o teste do novo coronav\u00edrus, quatro dias depois de se encontrar com o presidente Jair Bolsonaro, segundo o jornal local Miami Herald. Ele participou de evento com empres\u00e1rios organizado como parte da agenda de Bolsonaro em Miami, na manh\u00e3 de segunda-feira.<\/p>\n<p><br \/>\n<br \/><a href=\"https:\/\/exame.abril.com.br\/brasil\/forster-indicado-a-embaixada-nos-eua-testa-positivo-para-coronavirus\/\">Fonte do artigo <\/a><br \/>\nTags:<br \/>\n#politica #political #negocios #business #marketingdigital #empreendedorismo #marketing #emprendedores #empreender #sucesso #empresas #emprendimiento #emprendedor #empreendedor #emprender #dinheiro #dinero #empresario #vendas #liderazgo #motivacion #foco #motivacao #negocio #brasil<\/p>\n","protected":false},"excerpt":{"rendered":"<p>O encarregado de neg\u00f3cios do Brasil em Washington, o diplomata Nestor Forster\u00a0teve resultado positivo para teste de coronav\u00edrus. O diplomata integrou a comitiva presidencial que acompanhou Jair Bolsonaro durante a viagem \u00e0 Fl\u00f3rida, de s\u00e1bado \u00e0 ter\u00e7a-feira. Desde que tomou conhecimento de que o secret\u00e1rio de Comunica\u00e7\u00e3o, Fabio Wajngarten, tamb\u00e9m presente na viagem, foi testado [&hellip;]<\/p>\n","protected":false},"author":1,"featured_media":45824,"comment_status":"open","ping_status":"open","sticky":false,"template":"","format":"standard","meta":{"footnotes":""},"categories":[1],"tags":[],"class_list":["post-45823","post","type-post","status-publish","format-standard","has-post-thumbnail","hentry","category-curso-de-copy"],"_links":{"self":[{"href":"https:\/\/wiy.com.br\/noticias\/wp-json\/wp\/v2\/posts\/45823","targetHints":{"allow":["GET"]}}],"collection":[{"href":"https:\/\/wiy.com.br\/noticias\/wp-json\/wp\/v2\/posts"}],"about":[{"href":"https:\/\/wiy.com.br\/noticias\/wp-json\/wp\/v2\/types\/post"}],"author":[{"embeddable":true,"href":"https:\/\/wiy.com.br\/noticias\/wp-json\/wp\/v2\/users\/1"}],"replies":[{"embeddable":true,"href":"https:\/\/wiy.com.br\/noticias\/wp-json\/wp\/v2\/comments?post=45823"}],"version-history":[{"count":0,"href":"https:\/\/wiy.com.br\/noticias\/wp-json\/wp\/v2\/posts\/45823\/revisions"}],"wp:featuredmedia":[{"embeddable":true,"href":"https:\/\/wiy.com.br\/noticias\/wp-json\/wp\/v2\/media\/45824"}],"wp:attachment":[{"href":"https:\/\/wiy.com.br\/noticias\/wp-json\/wp\/v2\/media?parent=45823"}],"wp:term":[{"taxonomy":"category","embeddable":true,"href":"https:\/\/wiy.com.br\/noticias\/wp-json\/wp\/v2\/categories?post=45823"},{"taxonomy":"post_tag","embeddable":true,"href":"https:\/\/wiy.com.br\/noticias\/wp-json\/wp\/v2\/tags?post=45823"}],"curies":[{"name":"wp","href":"https:\/\/api.w.org\/{rel}","templated":true}]}}