{"id":45671,"date":"2023-02-26T15:09:25","date_gmt":"2023-02-26T18:09:25","guid":{"rendered":"https:\/\/wiy.com.br\/noticias\/bolsonaro-e-monitorado-apos-chefe-da-secom-fazer-teste-de-coronavirus\/"},"modified":"2020-03-12T22:31:11","modified_gmt":"2020-03-13T01:31:11","slug":"bolsonaro-e-monitorado-apos-chefe-da-secom-fazer-teste-de-coronavirus","status":"publish","type":"post","link":"https:\/\/wiy.com.br\/noticias\/bolsonaro-e-monitorado-apos-chefe-da-secom-fazer-teste-de-coronavirus\/","title":{"rendered":"Bolsonaro \u00e9 monitorado ap\u00f3s chefe da Secom fazer teste de coronav\u00edrus"},"content":{"rendered":"<p> <br \/>\n<\/p>\n<p><span>O presidente da Rep\u00fablica, <strong><a href=\"https:\/\/exame.abril.com.br\/noticias-sobre\/jair-bolsonaro\/\">Jair Bolsonaro<\/a><\/strong>, e integrantes da comitiva que o acompanhou a Miami, nos Estados Unidos, est\u00e3o sendo monitorados ap\u00f3s o secret\u00e1rio especial de Comunica\u00e7\u00e3o, <strong>F\u00e1bio Wajngarten<\/strong>, apresentar sintomas de gripe e ser submetido a um teste para o <strong><a href=\"https:\/\/exame.abril.com.br\/noticias-sobre\/coronavirus\">coronav\u00edrus<\/a><\/strong>. Entre o final da tarde e o in\u00edcio da noite da quarta-feira, 11, o grupo passou a receber liga\u00e7\u00f5es do gabinete da Presid\u00eancia pedindo que, diante de qualquer sintoma, fizesse o comunicado imediatamente e procurasse um hospital militar em Bras\u00edlia para fazer os exames. Bolsonaro completa 65 anos no dia 21.<\/span><\/p>\n<p><span>Nesta quinta-feira, 12, <a href=\"https:\/\/exame.abril.com.br\/brasil\/por-escalada-do-coronavirus-bolsonaro-cancela-viagem-ao-rn\/\">o presidente cancelou viagem ao Rio Grande do Norte<\/a>. O ministro do Desenvolvimento Regional, Rog\u00e9rio Marinho, afirmou que o evento oficial foi cancelado por &#8220;raz\u00f5es de seguran\u00e7a sanit\u00e1ria&#8221;.<\/span><\/p>\n<p><span>&#8220;A decreta\u00e7\u00e3o ontem da Organiza\u00e7\u00e3o Mundial da Sa\u00fade de uma pandemia mundial nos obriga a ter seguran\u00e7a com a sa\u00fade do presidente e as pessoas ao seu entorno&#8221;, afirmou Marinho na sua conta oficial do Twitter.<\/span><\/p>\n<p><span>O governo federal negou que o cancelamento da agenda do presidente tenha a ver diretamente com a suspeita do chefe da Secom, F\u00e1bio Wajgarten, estar com coronav\u00edrus.<\/span><\/p>\n<div class=\"widget-news widget-box no-margin no-border\"><span class=\"widget-news-title content-box-title\">Veja tamb\u00e9m<\/span><\/p>\n<ul class=\"widget-news-list\">\n<li class=\"widget-news-item without-thumb with-border\">\n<div class=\"widget-news-info\"><a href=\"http:\/\/exame.abril.com.br\/brasil\">BRASIL<\/a><span class=\"widget-news-item-title\"><a href=\"https:\/\/exame.abril.com.br\/brasil\/vamos-viver-umas-20-semanas-duras-diz-ministro-da-saude-sobre-coronavirus\/\">Vamos viver umas 20 semanas duras, diz ministro da Sa\u00fade sobre coronav\u00edrus<\/a><\/span><span class=\"widget-news-item-date\">12 mar 2020 &#8211; 06h03<\/span><\/div>\n<\/li>\n<li class=\"widget-news-item without-thumb with-border\">\n<div class=\"widget-news-info\"><a href=\"\/\"><\/a><span class=\"widget-news-item-title\"><a href=\"https:\/\/exame.abril.com.br\/mundo\/coronavirus-coreia-do-sul-vira-exemplo-com-queda-de-casos-e-poucas-mortes\/\">Coronav\u00edrus: Coreia do Sul vira exemplo com queda de casos e poucas mortes<\/a><\/span><span class=\"widget-news-item-date\">12 mar 2020 &#8211; 10h03<\/span><\/div>\n<\/li>\n<li class=\"widget-news-item without-thumb with-border\">\n<div class=\"widget-news-info\"><a href=\"http:\/\/exame.abril.com.br\/mundo\">MUNDO<\/a><span class=\"widget-news-item-title\"><a href=\"https:\/\/exame.abril.com.br\/mundo\/china-anuncia-fim-do-pico-de-casos-de-coronavirus-mundo-tem-127-mil\/\">China declara fim do pico do surto de coronav\u00edrus; mundo tem 127 mil casos<\/a><\/span><span class=\"widget-news-item-date\">12 mar 2020 &#8211; 10h03<\/span><\/div>\n<\/li>\n<\/ul>\n<\/div>\n<p><span>Participaram da comitiva aos Estados Unidos os ministros Ernesto Ara\u00fajo (Rela\u00e7\u00f5es Exteriores), Augusto Heleno (Gabinete de Seguran\u00e7a Institucional), Fernando Azevedo e Silva (Defesa) e Bento Albuquerque (Minas e Energia).<\/span><\/p>\n<p><span>Tamb\u00e9m viajaram os senadores Nelsinho Trad (PTB-MS) e Jorginho Mello (PL-SC); os deputados Eduardo Bolsonaro (PSL-SP) e Daniel Freitas (PSL-SC), o assessor especial Filipe Martins, o presidente da Embratur, Gilson Machado, o secret\u00e1rio especial de Pesca, Jorge Seif Jr, entre outros.<\/span><\/p>\n<p><span>Pessoas que conversaram com Wajngarten, em car\u00e1ter reservado, afirmam que ele apresenta sintomas de gripe e aguarda os resultados do exame nesta quinta-feira. Durante a viagem, ele tomava caf\u00e9 da manh\u00e3 com o presidente em uma sala reservada. Nos Estados Unidos, o grupo que acompanhou Bolsonaro fazia deslocamentos em vans. Apenas o presidente seguia em carro separado.<\/span><\/p>\n<p><span>Na quarta-feira, ap\u00f3s o jornal Folha de S.Paulo revelar que Wanjgarten havia passado por exames no Hospital Israelita Albert Einstein, o secret\u00e1rio de Comunica\u00e7\u00e3o foi ao Twitter criticar a imprensa, mas n\u00e3o negou que tenha realizado os testes. &#8220;Em que pese a banda podre da imprensa j\u00e1 ter falado absurdos sobre minha religi\u00e3o, fam\u00edlia e minha imprensa, agora falam da minha sa\u00fade. Mas estou bem, n\u00e3o precisarei de abra\u00e7os de Dr\u00e1uzio Varella&#8221;, escreveu, mencionando o m\u00e9dico que passou a ser alvo de ataques ap\u00f3s reportagem de &#8220;Fant\u00e1stico&#8221;, da Rede Globo, em que abra\u00e7ou uma transexual condenado pela morte e estupro de uma crian\u00e7a.<\/span><\/p>\n<p><span>Questionada oficialmente, a Secom disse que o Pal\u00e1cio do Planalto n\u00e3o comentaria sobre o assunto.<\/span><\/p>\n<p><br \/>\n<br \/><a href=\"https:\/\/exame.abril.com.br\/brasil\/bolsonaro-e-monitorado-apos-chefe-da-secom-fazer-teste-de-coronavirus\/\">Fonte do artigo <\/a><br \/>\nTags:<br \/>\n#politica #political #negocios #business #marketingdigital #empreendedorismo #marketing #emprendedores #empreender #sucesso #empresas #emprendimiento #emprendedor #empreendedor #emprender #dinheiro #dinero #empresario #vendas #liderazgo #motivacion #foco #motivacao #negocio #brasil<\/p>\n","protected":false},"excerpt":{"rendered":"<p>O presidente da Rep\u00fablica, Jair Bolsonaro, e integrantes da comitiva que o acompanhou a Miami, nos Estados Unidos, est\u00e3o sendo monitorados ap\u00f3s o secret\u00e1rio especial de Comunica\u00e7\u00e3o, F\u00e1bio Wajngarten, apresentar sintomas de gripe e ser submetido a um teste para o coronav\u00edrus. Entre o final da tarde e o in\u00edcio da noite da quarta-feira, 11, [&hellip;]<\/p>\n","protected":false},"author":1,"featured_media":45672,"comment_status":"open","ping_status":"open","sticky":false,"template":"","format":"standard","meta":{"footnotes":""},"categories":[1],"tags":[],"class_list":["post-45671","post","type-post","status-publish","format-standard","has-post-thumbnail","hentry","category-curso-de-copy"],"_links":{"self":[{"href":"https:\/\/wiy.com.br\/noticias\/wp-json\/wp\/v2\/posts\/45671","targetHints":{"allow":["GET"]}}],"collection":[{"href":"https:\/\/wiy.com.br\/noticias\/wp-json\/wp\/v2\/posts"}],"about":[{"href":"https:\/\/wiy.com.br\/noticias\/wp-json\/wp\/v2\/types\/post"}],"author":[{"embeddable":true,"href":"https:\/\/wiy.com.br\/noticias\/wp-json\/wp\/v2\/users\/1"}],"replies":[{"embeddable":true,"href":"https:\/\/wiy.com.br\/noticias\/wp-json\/wp\/v2\/comments?post=45671"}],"version-history":[{"count":0,"href":"https:\/\/wiy.com.br\/noticias\/wp-json\/wp\/v2\/posts\/45671\/revisions"}],"wp:featuredmedia":[{"embeddable":true,"href":"https:\/\/wiy.com.br\/noticias\/wp-json\/wp\/v2\/media\/45672"}],"wp:attachment":[{"href":"https:\/\/wiy.com.br\/noticias\/wp-json\/wp\/v2\/media?parent=45671"}],"wp:term":[{"taxonomy":"category","embeddable":true,"href":"https:\/\/wiy.com.br\/noticias\/wp-json\/wp\/v2\/categories?post=45671"},{"taxonomy":"post_tag","embeddable":true,"href":"https:\/\/wiy.com.br\/noticias\/wp-json\/wp\/v2\/tags?post=45671"}],"curies":[{"name":"wp","href":"https:\/\/api.w.org\/{rel}","templated":true}]}}