{"id":45656,"date":"2023-02-26T15:38:38","date_gmt":"2023-02-26T18:38:38","guid":{"rendered":"https:\/\/wiy.com.br\/noticias\/sp-deve-ganhar-mil-leitos-para-absorver-impacto-de-coronavirus\/"},"modified":"2020-03-12T18:27:11","modified_gmt":"2020-03-12T21:27:11","slug":"sp-deve-ganhar-mil-leitos-para-absorver-impacto-de-coronavirus","status":"publish","type":"post","link":"https:\/\/wiy.com.br\/noticias\/sp-deve-ganhar-mil-leitos-para-absorver-impacto-de-coronavirus\/","title":{"rendered":"SP deve ganhar mil leitos para absorver impacto de coronav\u00edrus"},"content":{"rendered":"<p> <br \/>\n<\/p>\n<p>oS\u00e3o Paulo &#8211; O estado de <strong><a href=\"https:\/\/exame.abril.com.br\/noticias-sobre\/sao-paulo\/\">S\u00e3o Paulo<\/a><\/strong> deve ganhar mais mil leitos &#8211; normais e de UTI &#8211; para absorver os impactos do surto de coronav\u00edrus na regi\u00e3o. O investimento depende, por\u00e9m, de repasse pelo Minist\u00e9rio da Sa\u00fade.<\/p>\n<p>O governador do estado, Jo\u00e3o Doria, e o infectologista David Uip \u2014 respons\u00e1vel pela coordena\u00e7\u00e3o de um comit\u00ea de contingenciamento para enfrentar a chegada da doen\u00e7a \u2014, falam sobre o assunto agora em coletiva de imprensa. &#8220;Hoje come\u00e7a uma nova fase em S\u00e3o Paulo para combater o coronav\u00edrus&#8221;, disse Doria.<\/p>\n<p>A expectatica das autoridades \u00e9 de que o estado registre 45 mil casos da doen\u00e7a nos pr\u00f3ximos quatro meses. <a href=\"https:\/\/exame.abril.com.br\/brasil\/grande-sao-paulo-pode-ter-45-mil-casos-de-coronavirus-em-4-meses-diz-uip\/\" target=\"_blank\" rel=\"noopener noreferrer\">Esse n\u00famero j\u00e1 circulava na manh\u00e3 de hoje por meio de um \u00e1udio gravado por F\u00e1bio Jatene, professor titular de cirurgia tor\u00e1cica da USP, do HC e do Incor.<\/a><\/p>\n<p>Uip confirmou a veracidade das informa\u00e7\u00f5es na coletiva. Segundo ele, por\u00e9m, os cenarios ser\u00e3o avaliados constantemente e o planejamento de leitos e medidas poder\u00e3o ser revistos.<\/p>\n<p>A recomenda\u00e7\u00e3o do ex-secret\u00e1rio de Sa\u00fade \u00e9 que pacientes vulner\u00e1veis (doen\u00e7as cr\u00f4nicas e mais 60 anos) n\u00e3o deve ir a eventos e aglomera\u00e7\u00f5es. A doen\u00e7a n\u00e3o atinge em geral pessoas com menos de 50 anos (Uip)<\/p>\n<div class=\"ad-content\">\n<div id=\"abrAD_dyn_rectangle1\" class=\"appear\"><\/div>\n<\/div>\n<p>No \u00e1udio que circulou na manh\u00e3 de hoje, Jatene diz que, al\u00e9m do ex-secret\u00e1rio de Sa\u00fade, estavam entre os participantes da reuni\u00e3o o infectologista \u00c9sper Kallas e o intensivista Marcelo Amato, especializado em Unidade de Terapia Intensiva (UTIs). Amato teria dito no encontro que a evolu\u00e7\u00e3o do coronav\u00edrus demandar\u00e1 de 10 mil a 11 mil leitos de UTI, n\u00famero superior \u00e0 oferta atual.<\/p>\n<p>Amato falou tamb\u00e9m sobre o cen\u00e1rio na It\u00e1lia que, com unidades intensivas lotadas, tem acomodado os pacientes contaminados em centros cirurgicos.<\/p>\n<p>Os especiastas ressaltaram no encontro que o Covid-19 atinge com mais for\u00e7a idosos, para os quais a taxa de mortalidade j\u00e1 chega a 18%. Entre jovens, esse n\u00famero \u00e9 de 0,2%. A recomenda\u00e7\u00e3o \u00e9 que pessoas do grupo de risco evitem sair de casa.<\/p>\n<p>Foram compartilhadas na ocasi\u00e3o imagens de tomografia de pacientes chineses contaminados com o v\u00edrus e de brasileiros. Al\u00e9m da semelhan\u00e7a dos casos, notou-se que, muitas vezes, o raio-x n\u00e3o \u00e9 suficiente para captar a evolu\u00e7\u00e3o da doen\u00e7a.<\/p>\n<h3>Evolu\u00e7\u00e3o do surto<\/h3>\n<p>Na quarta, subiu para 69 o n\u00famero de infec\u00e7\u00f5es confirmadas no Brasil. Dessas, 16 foram anunciadas ontem pelo hopsital Albert Einstein. O MInist\u00e9rio da Sa\u00fade ainda conta 52 contamina\u00e7\u00f5es. No \u00faltimo balan\u00e7o oficial eram 37 casos. O total de suspeitos est\u00e1 em 907.<\/p>\n<p><span>O n\u00famero de infectados em S\u00e3o Paulo saltou de 19 para 30 de ter\u00e7a para quarta-feira desta semana. No Rio de Janeiro, os casos chegam a 13.\u00a0<\/span><span>Distrito Federal e Rio Grande do Sul t\u00eam dois confirmados em cada estado. Alagoas, Minas Gerais e Esp\u00edrito Santo t\u00eam um.<\/span><\/p>\n<p><a href=\"https:\/\/exame.abril.com.br\/mundo\/oms-declara-pandemia-de-coronavirus\/\" target=\"_blank\" rel=\"noopener noreferrer\">A Organiza\u00e7\u00e3o Mundial da Sa\u00fade (OMS) elevou ontem o status do Codiv-19 de \u201camea\u00e7a muito grave\u201d para o de pandemia<\/a>. A doen\u00e7a que come\u00e7ou a se manifestar na China em dezembro j\u00e1 chegou a 110 pa\u00edses, deixou mais de 4 mil mortos e cerca de 120 mil infectados no mundo \u2014 a maioria no pa\u00eds asi\u00e1tico, na It\u00e1lia e no Ir\u00e3.<\/p>\n<p>&nbsp;<\/p>\n<p><br \/>\n<br \/><a href=\"https:\/\/exame.abril.com.br\/brasil\/ao-vivo-sp-deve-ganhar-mil-leitos-para-absorver-impacto-de-coronavirus\/\">Fonte do artigo <\/a><br \/>\nTags:<br \/>\n#politica #political #negocios #business #marketingdigital #empreendedorismo #marketing #emprendedores #empreender #sucesso #empresas #emprendimiento #emprendedor #empreendedor #emprender #dinheiro #dinero #empresario #vendas #liderazgo #motivacion #foco #motivacao #negocio #brasil<\/p>\n","protected":false},"excerpt":{"rendered":"<p>oS\u00e3o Paulo &#8211; O estado de S\u00e3o Paulo deve ganhar mais mil leitos &#8211; normais e de UTI &#8211; para absorver os impactos do surto de coronav\u00edrus na regi\u00e3o. O investimento depende, por\u00e9m, de repasse pelo Minist\u00e9rio da Sa\u00fade. O governador do estado, Jo\u00e3o Doria, e o infectologista David Uip \u2014 respons\u00e1vel pela coordena\u00e7\u00e3o de [&hellip;]<\/p>\n","protected":false},"author":1,"featured_media":45318,"comment_status":"open","ping_status":"open","sticky":false,"template":"","format":"standard","meta":{"footnotes":""},"categories":[1],"tags":[],"class_list":["post-45656","post","type-post","status-publish","format-standard","has-post-thumbnail","hentry","category-curso-de-copy"],"_links":{"self":[{"href":"https:\/\/wiy.com.br\/noticias\/wp-json\/wp\/v2\/posts\/45656","targetHints":{"allow":["GET"]}}],"collection":[{"href":"https:\/\/wiy.com.br\/noticias\/wp-json\/wp\/v2\/posts"}],"about":[{"href":"https:\/\/wiy.com.br\/noticias\/wp-json\/wp\/v2\/types\/post"}],"author":[{"embeddable":true,"href":"https:\/\/wiy.com.br\/noticias\/wp-json\/wp\/v2\/users\/1"}],"replies":[{"embeddable":true,"href":"https:\/\/wiy.com.br\/noticias\/wp-json\/wp\/v2\/comments?post=45656"}],"version-history":[{"count":0,"href":"https:\/\/wiy.com.br\/noticias\/wp-json\/wp\/v2\/posts\/45656\/revisions"}],"wp:featuredmedia":[{"embeddable":true,"href":"https:\/\/wiy.com.br\/noticias\/wp-json\/wp\/v2\/media\/45318"}],"wp:attachment":[{"href":"https:\/\/wiy.com.br\/noticias\/wp-json\/wp\/v2\/media?parent=45656"}],"wp:term":[{"taxonomy":"category","embeddable":true,"href":"https:\/\/wiy.com.br\/noticias\/wp-json\/wp\/v2\/categories?post=45656"},{"taxonomy":"post_tag","embeddable":true,"href":"https:\/\/wiy.com.br\/noticias\/wp-json\/wp\/v2\/tags?post=45656"}],"curies":[{"name":"wp","href":"https:\/\/api.w.org\/{rel}","templated":true}]}}