{"id":45605,"date":"2023-02-26T15:05:11","date_gmt":"2023-02-26T18:05:11","guid":{"rendered":"https:\/\/wiy.com.br\/noticias\/para-evitar-coronavirus-ministerio-define-como-funcionarao-isolamentos\/"},"modified":"2020-03-12T10:18:15","modified_gmt":"2020-03-12T13:18:15","slug":"para-evitar-coronavirus-ministerio-define-como-funcionarao-isolamentos","status":"publish","type":"post","link":"https:\/\/wiy.com.br\/noticias\/para-evitar-coronavirus-ministerio-define-como-funcionarao-isolamentos\/","title":{"rendered":"Para evitar coronav\u00edrus, minist\u00e9rio define como funcionar\u00e3o isolamentos"},"content":{"rendered":"<p> <br \/>\n<\/p>\n<p>S\u00e3o Paulo \u2014 O <a href=\"https:\/\/exame.abril.com.br\/noticias-sobre\/ministerio-da-saude\/\"><strong>Minist\u00e9rio da Sa\u00fade<\/strong><\/a> regulamentou medidas como isolamento e quarentena para evitar a propaga\u00e7\u00e3o do novo coronav\u00edrus (Covid-19). A portaria com as a\u00e7\u00f5es a serem adotadas est\u00e1 publicada no Di\u00e1rio Oficial da Uni\u00e3o (DOU) desta quinta-feira, 12.<\/p>\n<p>De acordo com o texto, a medida de isolamento tem como objetivo &#8220;a separa\u00e7\u00e3o de pessoas sintom\u00e1ticas ou assintom\u00e1ticas, em investiga\u00e7\u00e3o cl\u00ednica e laboratorial, de maneira a evitar a propaga\u00e7\u00e3o da infec\u00e7\u00e3o e transmiss\u00e3o local&#8221;.<\/p>\n<p>&#8220;A medida de isolamento somente poder\u00e1 ser determinada por prescri\u00e7\u00e3o m\u00e9dica ou por recomenda\u00e7\u00e3o do agente de vigil\u00e2ncia epidemiol\u00f3gica, por um prazo m\u00e1ximo de 14 (quatorze) dias, podendo se estender por at\u00e9 igual per\u00edodo, conforme resultado laboratorial que comprove o risco de transmiss\u00e3o&#8221;, diz o texto da portaria.<\/p>\n<p>O isolamento prescrito dever\u00e1 ser efetuado, preferencialmente, em domic\u00edlio, podendo ser feito em hospitais p\u00fablicos ou privados, de acordo com a recomenda\u00e7\u00e3o m\u00e9dica, dependendo do estado cl\u00ednico do paciente. A determina\u00e7\u00e3o dever\u00e1 ser acompanhada de termo de consentimento livre e esclarecido do paciente.<\/p>\n<p>O isolamento determinado pelo agente de sa\u00fade poder\u00e1 abranger os seguintes casos:<\/p>\n<ul>\n<li>pessoas pr\u00f3ximas a pessoas com sintomas ou portadoras sem sintomas;<\/li>\n<\/ul>\n<p>&#8220;A medida de isolamento por recomenda\u00e7\u00e3o do agente de vigil\u00e2ncia epidemiol\u00f3gica ocorrer\u00e1 no curso da investiga\u00e7\u00e3o epidemiol\u00f3gica e abranger\u00e1 somente os casos de contactantes pr\u00f3ximos a pessoas sintom\u00e1ticas ou portadoras assintom\u00e1ticas, e dever\u00e1 ocorrer em domic\u00edlio&#8221;, diz o texto. Nos locais onde n\u00e3o houver agente de vigil\u00e2ncia epidemiol\u00f3gica, caber\u00e1 ao Secret\u00e1rio de Sa\u00fade determinar a medida.<\/p>\n<div class=\"widget-news widget-box no-margin no-border\"><span class=\"widget-news-title content-box-title\">Veja tamb\u00e9m<\/span><\/p>\n<ul class=\"widget-news-list\">\n<li class=\"widget-news-item without-thumb with-border\">\n<div class=\"widget-news-info\"><a href=\"http:\/\/exame.abril.com.br\/revista-exame\">REVISTA EXAME<\/a><span class=\"widget-news-item-title\"><a href=\"https:\/\/exame.abril.com.br\/revista-exame\/o-virus-que-mudou-a-historia\/\">O v\u00edrus que mudou a hist\u00f3ria<\/a><\/span><span class=\"widget-news-item-date\">12 mar 2020 &#8211; 05h03<\/span><\/div>\n<\/li>\n<\/ul>\n<\/div>\n<p>A portaria trata ainda dos casos em houver necessidade da quarentena, que tem como objetivo garantir a manuten\u00e7\u00e3o dos servi\u00e7os de sa\u00fade em local certo e determinado. Segundo o texto, a quarentena &#8220;ser\u00e1 determinada mediante ato administrativo formal e devidamente motivado, editado pelo secret\u00e1rio de Sa\u00fade do Estado, do munic\u00edpio, do Distrito Federal ou ministro da Sa\u00fade ou superiores em cada n\u00edvel de gest\u00e3o, publicada no Di\u00e1rio Oficial e amplamente divulgada pelos meios de comunica\u00e7\u00e3o&#8221;.<\/p>\n<p>A quarentena ser\u00e1 adotada pelo prazo de at\u00e9 40 dias, podendo se estender pelo tempo necess\u00e1rio para reduzir a transmiss\u00e3o comunit\u00e1ria e garantir a manuten\u00e7\u00e3o dos servi\u00e7os de sa\u00fade.<\/p>\n<p>O descumprimento das medidas acarretar\u00e1 a responsabiliza\u00e7\u00e3o nos termos previstos em lei. Caber\u00e1 ao m\u00e9dico ou agente de vigil\u00e2ncia epidemiol\u00f3gica informar \u00e0 autoridade policial e Minist\u00e9rio P\u00fablico sobre o descumprimento das regras.<\/p>\n<p>Para aplicar medidas de isolamento e quarentena dever\u00e3o ser observados os protocolos cl\u00ednicos do coronav\u00edrus e as diretrizes estabelecidas no Plano Nacional de Conting\u00eancia Nacional para Infec\u00e7\u00e3o Humana novo Coronav\u00edrus (Covid-19), com a finalidade de garantir a execu\u00e7\u00e3o das medidas profil\u00e1ticas e o tratamento necess\u00e1rio.<\/p>\n<h3>Requisi\u00e7\u00e3o de bens<\/h3>\n<p>A portaria trata ainda dos casos em que houver necessidade de requisi\u00e7\u00e3o de bens e servi\u00e7os de pessoas naturais e jur\u00eddicas para enfrentamento da emerg\u00eancia de sa\u00fade p\u00fablica em raz\u00e3o do coronav\u00edrus. Essa requisi\u00e7\u00e3o poder\u00e1 ser determinada por autoridade competente, assegurado o direito \u00e0 justa indeniza\u00e7\u00e3o.<\/p>\n<h3>Exames laboratoriais<\/h3>\n<p>O ato do minist\u00e9rio diz tamb\u00e9m que o laborat\u00f3rio p\u00fablico ou privado que, pela primeira vez, confirmar a <a href=\"https:\/\/exame.abril.com.br\/noticias-sobre\/doencas\/\"><strong>doen\u00e7a<\/strong><\/a>, dever\u00e1 passar pela valida\u00e7\u00e3o por um dos tr\u00eas laborat\u00f3rios de refer\u00eancia nacional, que s\u00e3o a Funda\u00e7\u00e3o Oswaldo Cruz (Fiocruz\/RJ); o Instituto Evandro Chagas da Secretaria de Vigil\u00e2ncia em Sa\u00fade (IEC\/SVS) no Estado do Par\u00e1; ou o Instituto Adolfo Lutz da Secretaria de Sa\u00fade do Estado de S\u00e3o Paulo. Ap\u00f3s a valida\u00e7\u00e3o da qualidade, o laborat\u00f3rio passar\u00e1 a integrar a Rede Nacional de Alerta e Resposta \u00e0s emerg\u00eancias em sa\u00fade p\u00fablica.<\/p>\n<p><br \/>\n<br \/><a href=\"https:\/\/exame.abril.com.br\/brasil\/para-evitar-coronavirus-ministerio-define-como-funcionarao-isolamentos\/\">Fonte do artigo <\/a><br \/>\nTags:<br \/>\n#politica #political #negocios #business #marketingdigital #empreendedorismo #marketing #emprendedores #empreender #sucesso #empresas #emprendimiento #emprendedor #empreendedor #emprender #dinheiro #dinero #empresario #vendas #liderazgo #motivacion #foco #motivacao #negocio #brasil<\/p>\n","protected":false},"excerpt":{"rendered":"<p>S\u00e3o Paulo \u2014 O Minist\u00e9rio da Sa\u00fade regulamentou medidas como isolamento e quarentena para evitar a propaga\u00e7\u00e3o do novo coronav\u00edrus (Covid-19). A portaria com as a\u00e7\u00f5es a serem adotadas est\u00e1 publicada no Di\u00e1rio Oficial da Uni\u00e3o (DOU) desta quinta-feira, 12. De acordo com o texto, a medida de isolamento tem como objetivo &#8220;a separa\u00e7\u00e3o de [&hellip;]<\/p>\n","protected":false},"author":1,"featured_media":45054,"comment_status":"open","ping_status":"open","sticky":false,"template":"","format":"standard","meta":{"footnotes":""},"categories":[1],"tags":[],"class_list":["post-45605","post","type-post","status-publish","format-standard","has-post-thumbnail","hentry","category-curso-de-copy"],"_links":{"self":[{"href":"https:\/\/wiy.com.br\/noticias\/wp-json\/wp\/v2\/posts\/45605","targetHints":{"allow":["GET"]}}],"collection":[{"href":"https:\/\/wiy.com.br\/noticias\/wp-json\/wp\/v2\/posts"}],"about":[{"href":"https:\/\/wiy.com.br\/noticias\/wp-json\/wp\/v2\/types\/post"}],"author":[{"embeddable":true,"href":"https:\/\/wiy.com.br\/noticias\/wp-json\/wp\/v2\/users\/1"}],"replies":[{"embeddable":true,"href":"https:\/\/wiy.com.br\/noticias\/wp-json\/wp\/v2\/comments?post=45605"}],"version-history":[{"count":0,"href":"https:\/\/wiy.com.br\/noticias\/wp-json\/wp\/v2\/posts\/45605\/revisions"}],"wp:featuredmedia":[{"embeddable":true,"href":"https:\/\/wiy.com.br\/noticias\/wp-json\/wp\/v2\/media\/45054"}],"wp:attachment":[{"href":"https:\/\/wiy.com.br\/noticias\/wp-json\/wp\/v2\/media?parent=45605"}],"wp:term":[{"taxonomy":"category","embeddable":true,"href":"https:\/\/wiy.com.br\/noticias\/wp-json\/wp\/v2\/categories?post=45605"},{"taxonomy":"post_tag","embeddable":true,"href":"https:\/\/wiy.com.br\/noticias\/wp-json\/wp\/v2\/tags?post=45605"}],"curies":[{"name":"wp","href":"https:\/\/api.w.org\/{rel}","templated":true}]}}