{"id":45319,"date":"2023-02-26T15:09:23","date_gmt":"2023-02-26T18:09:23","guid":{"rendered":"https:\/\/wiy.com.br\/noticias\/escola-de-negocios-abre-inscricoes-para-mulheres-da-periferia\/"},"modified":"2020-03-08T11:55:14","modified_gmt":"2020-03-08T14:55:14","slug":"escola-de-negocios-abre-inscricoes-para-mulheres-da-periferia","status":"publish","type":"post","link":"https:\/\/wiy.com.br\/noticias\/escola-de-negocios-abre-inscricoes-para-mulheres-da-periferia\/","title":{"rendered":"Escola de neg\u00f3cios abre inscri\u00e7\u00f5es para mulheres da periferia"},"content":{"rendered":"<p> <br \/>\n<\/p>\n<div class=\"question-header__HeaderWrapper-z8zey9-2 lkYMHV\">\n<div>\n<p><span>Neste Dia Internacional da Mulher, a<strong> Empreende A\u00ed, escola de neg\u00f3cios da periferia, anuncia o lan\u00e7amento da segunda edi\u00e7\u00e3o do programa A.M.E.I (Acelera\u00e7\u00e3o de Mulheres Empreendedoras de Impacto), destinado \u00e0s mulheres empreendedoras (cis ou trans) de regi\u00f5es perif\u00e9ricas de S\u00e3o Paulo<\/strong>. O projeto tem o apoio da unidade de inova\u00e7\u00e3o social corporativa da Yunus Neg\u00f3cios Sociais, empresa ligada ao Nobel da Paz Muhammad Yunus.\u00a0<\/span><\/p>\n<p><span>Ser\u00e3o selecionadas trinta alunas e principal crit\u00e9rio \u00e9 que sejam empreendedoras de periferia, preferencialmente de S\u00e3o Caetano e regi\u00e3o metropolitana de S\u00e3o Paulo (ABCD) que possuam neg\u00f3cios com potencial de impacto social e\/ou ambiental.<\/span><\/p>\n<p><span>A inscri\u00e7\u00f5es come\u00e7am neste domingo (8) e seguem at\u00e9 8 de abril. As rela\u00e7\u00e3o de alunas ser\u00e1 divulgada em 20 de abril e o programa intensivo vai de 5 de maio a 30 de julho, na unidade de S\u00e3o Caetano. Os temas da capacita\u00e7\u00e3o ser\u00e3o relacionados a neg\u00f3cios, como marketing digital, vendas, gest\u00e3o de fluxo de caixa e efici\u00eancia de impacto social.<\/span><\/p>\n<\/div>\n<div><strong>Ficou interessada? Clique<a href=\"https:\/\/programaamei.typeform.com\/to\/wljMDn\"> AQUI<\/a><\/strong><\/div>\n<\/div>\n<p><br \/>\n<br \/><a href=\"https:\/\/vejasp.abril.com.br\/cidades\/escola-de-negocios-abre-inscricoes-para-mulheres-da-periferia\/\">Fonte do Artigo <\/a><br \/>\nTags:<br \/>\n#loterias #loteriascaixa #megasena #resultadoapostas#noticias #noticiario  #noticia #brasil #noticiascolombia #mundo #esporte #colombia #noticiadeld #ltimasnoticias  #noticiario #noticiasregionales #noticiasdepartamentales #noticiashoy #esportes #noticiaahora #elinformantenoticias #noticiasdeboyac  #esporteinterativo #esportivo #diariodosesportes  #noticiero  #jogodefutebol #jogos #loto #apostas<\/p>\n","protected":false},"excerpt":{"rendered":"<p>Neste Dia Internacional da Mulher, a Empreende A\u00ed, escola de neg\u00f3cios da periferia, anuncia o lan\u00e7amento da segunda edi\u00e7\u00e3o do programa A.M.E.I (Acelera\u00e7\u00e3o de Mulheres Empreendedoras de Impacto), destinado \u00e0s mulheres empreendedoras (cis ou trans) de regi\u00f5es perif\u00e9ricas de S\u00e3o Paulo. O projeto tem o apoio da unidade de inova\u00e7\u00e3o social corporativa da Yunus Neg\u00f3cios [&hellip;]<\/p>\n","protected":false},"author":1,"featured_media":45320,"comment_status":"open","ping_status":"open","sticky":false,"template":"","format":"standard","meta":{"footnotes":""},"categories":[1],"tags":[],"class_list":["post-45319","post","type-post","status-publish","format-standard","has-post-thumbnail","hentry","category-curso-de-copy"],"_links":{"self":[{"href":"https:\/\/wiy.com.br\/noticias\/wp-json\/wp\/v2\/posts\/45319","targetHints":{"allow":["GET"]}}],"collection":[{"href":"https:\/\/wiy.com.br\/noticias\/wp-json\/wp\/v2\/posts"}],"about":[{"href":"https:\/\/wiy.com.br\/noticias\/wp-json\/wp\/v2\/types\/post"}],"author":[{"embeddable":true,"href":"https:\/\/wiy.com.br\/noticias\/wp-json\/wp\/v2\/users\/1"}],"replies":[{"embeddable":true,"href":"https:\/\/wiy.com.br\/noticias\/wp-json\/wp\/v2\/comments?post=45319"}],"version-history":[{"count":0,"href":"https:\/\/wiy.com.br\/noticias\/wp-json\/wp\/v2\/posts\/45319\/revisions"}],"wp:featuredmedia":[{"embeddable":true,"href":"https:\/\/wiy.com.br\/noticias\/wp-json\/wp\/v2\/media\/45320"}],"wp:attachment":[{"href":"https:\/\/wiy.com.br\/noticias\/wp-json\/wp\/v2\/media?parent=45319"}],"wp:term":[{"taxonomy":"category","embeddable":true,"href":"https:\/\/wiy.com.br\/noticias\/wp-json\/wp\/v2\/categories?post=45319"},{"taxonomy":"post_tag","embeddable":true,"href":"https:\/\/wiy.com.br\/noticias\/wp-json\/wp\/v2\/tags?post=45319"}],"curies":[{"name":"wp","href":"https:\/\/api.w.org\/{rel}","templated":true}]}}