{"id":45298,"date":"2023-02-26T15:19:02","date_gmt":"2023-02-26T18:19:02","guid":{"rendered":"https:\/\/wiy.com.br\/noticias\/pais-esta-misturando-politica-com-a-policia-diz-governador-do-ceara\/"},"modified":"2020-03-07T15:21:41","modified_gmt":"2020-03-07T18:21:41","slug":"pais-esta-misturando-politica-com-a-policia-diz-governador-do-ceara","status":"publish","type":"post","link":"https:\/\/wiy.com.br\/noticias\/pais-esta-misturando-politica-com-a-policia-diz-governador-do-ceara\/","title":{"rendered":"\u201cPa\u00eds est\u00e1 misturando pol\u00edtica com a pol\u00edcia\u201d, diz governador do Cear\u00e1"},"content":{"rendered":"<p> <br \/>\n<\/p>\n<p>O governador do <a href=\"https:\/\/exame.abril.com.br\/noticias-sobre\/ceara\/\"><strong>Cear\u00e1<\/strong><\/a>, Camilo Santana (PT), afirmou, em entrevista, que o pa\u00eds precisa discutir a &#8220;partidariza\u00e7\u00e3o&#8221; das <a href=\"https:\/\/exame.abril.com.br\/noticias-sobre\/policia-militar\/\"><strong>pol\u00edcias militares<\/strong><\/a>. Segundo ele, o motim dos agentes de seguran\u00e7a em seu Estado, encerrado no domingo passado, foi um levante pol\u00edtico e o caso cearense deve ser analisado sob uma \u00f3tica nacional.<\/p>\n<p>&#8220;O que vem acontecendo no Brasil \u00e9 que est\u00e1 se misturando pol\u00edtica partid\u00e1ria com a pol\u00edcia. Militares que entram em partidos, que s\u00e3o candidatos, que sindicalizam candidatos, o que \u00e9 proibido por lei. Acho que um debate importante a se fazer \u00e9 at\u00e9 que ponto essa partidariza\u00e7\u00e3o da pol\u00edcia tem prejudicado a qualidade e as a\u00e7\u00f5es de seguran\u00e7a no Brasil&#8221;, disse o governador.<\/p>\n<p>A paralisa\u00e7\u00e3o durou 13 dias e resultou em uma escalada de viol\u00eancia no Estado &#8211; em fevereiro, foram registrados 456 homic\u00eddios, maior n\u00famero desde 2013. Os dados foram divulgados ontem pela Secretaria de Seguran\u00e7a P\u00fablica do Estado. Durante o motim, <a href=\"https:\/\/exame.abril.com.br\/brasil\/com-bala-alojada-cid-gomes-tem-alta-hospitalar\/\">o senador licenciado Cid Gomes (PDT) foi atingido por dois tiros<\/a> enquanto tentava negociar a retirada de amotinados em um quartel de Sobral, no interior do Estado. Ele avan\u00e7ou com uma retroescavadeira no 18.\u00ba Batalh\u00e3o da PM, onde se concentraram os amotinados.<\/p>\n<p>&nbsp;<\/p>\n<div class=\"widget-news widget-box no-margin no-border\"><span class=\"widget-news-title content-box-title\">Veja tamb\u00e9m<\/span><\/p>\n<ul class=\"widget-news-list\">\n<li class=\"widget-news-item without-thumb with-border\">\n<div class=\"widget-news-info\"><a href=\"http:\/\/exame.abril.com.br\/brasil\">BRASIL<\/a><span class=\"widget-news-item-title\"><a href=\"https:\/\/exame.abril.com.br\/brasil\/assassinatos-aumentaram-178-no-ceara-durante-o-mes-de-fevereiro\/\">Assassinatos aumentaram 178% no Cear\u00e1 durante o m\u00eas de fevereiro<\/a><\/span><span class=\"widget-news-item-date\">6 mar 2020 &#8211; 15h03<\/span><\/div>\n<\/li>\n<li class=\"widget-news-item without-thumb with-border\">\n<div class=\"widget-news-info\"><a href=\"http:\/\/exame.abril.com.br\/brasil\">BRASIL<\/a><span class=\"widget-news-item-title\"><a href=\"https:\/\/exame.abril.com.br\/brasil\/justica-manda-soltar-43-pms-presos-por-desercao-no-motim-do-ceara\/\">Justi\u00e7a manda soltar 43 PMs presos por deser\u00e7\u00e3o no motim do Cear\u00e1<\/a><\/span><span class=\"widget-news-item-date\">2 mar 2020 &#8211; 19h03<\/span><\/div>\n<\/li>\n<\/ul>\n<\/div>\n<p>A piora na seguran\u00e7a p\u00fablica do Estado levou o presidente Jair Bolsonaro a <a href=\"https:\/\/exame.abril.com.br\/brasil\/governo-prorroga-uso-da-forca-nacional-no-ceara-por-uma-semana\/\">assinar decreto que instaurou opera\u00e7\u00e3o de Garantia da Lei e da Ordem (GLO) em Fortaleza<\/a> &#8211; a medida foi revogada com o fim da paralisa\u00e7\u00e3o.<\/p>\n<p>Para Santana, o cunho pol\u00edtico do motim fica evidente quando se observam os atores envolvidos e o processo de negocia\u00e7\u00e3o com a categoria. No dia 13 de fevereiro, o governo do Estado chegou a um acordo com as entidades que representam as tropas e definiram os novos sal\u00e1rios. Menos de uma semana depois, no entanto, o motim foi iniciado.<\/p>\n<p>&#8220;Quando aprovamos a reestrutura\u00e7\u00e3o salarial da categoria, teve lideran\u00e7a que chorou por causa do novo sal\u00e1rio. Essas mesmas lideran\u00e7as que comemoraram iniciaram o motim. Quem s\u00e3o essas lideran\u00e7as? Um \u00e9 deputado federal, outro \u00e9 deputado estadual, outro \u00e9 vereador\u2026 Ano eleitoral, um movimento que tem um candidato a prefeito que \u00e9 policial da reserva&#8230; Por isso que eu sempre coloco que h\u00e1 um vi\u00e9s pol\u00edtico no movimento&#8221;, afirmou o governador.<\/p>\n<p>Uma das figuras pol\u00edticas que apoiaram o movimento no Cear\u00e1 foi o ex-deputado federal Cabo Sabino (Avante-CE). Ele chegou a ter a pris\u00e3o decretada ao fim da paralisa\u00e7\u00e3o e ser considerado foragido, mas teve o pedido de pris\u00e3o revogado anteontem, e responder\u00e1 ao processo em liberdade. Em mensagem publicada em suas redes sociais, Santana afirmou estar &#8220;indignado&#8221; com a decis\u00e3o.<\/p>\n<p>De acordo com o governador, todos os policiais militares que foram pegos descumprindo a lei &#8220;ser\u00e3o punidos com o rigor da lei&#8221;. &#8220;Nenhum poder\u00e1 fugir dos atos cometidos.&#8221;<\/p>\n<h3>Embate<\/h3>\n<p>Os m\u00e9ritos pelo fim da crise no Cear\u00e1 viraram motivo de disputa. O ex-governador do Estado Ciro Gomes, o ministro da Justi\u00e7a e Seguran\u00e7a P\u00fablica, S\u00e9rgio Moro, e o presidente Jair Bolsonaro trocaram cr\u00edticas no Twitter.<\/p>\n<p>Ao comentar as negocia\u00e7\u00f5es para o desfecho do motim, Santana destacou o papel de atores locais, citando a participa\u00e7\u00e3o da Assembleia Legislativa, do Tribunal de Justi\u00e7a e do Minist\u00e9rio P\u00fablico, e reconheceu a import\u00e2ncia da atua\u00e7\u00e3o do governo federal. &#8220;O que eu posso dizer \u00e9 que eu fui atendido no que eu solicitei ao governo federal. Eu fui atendido quando solicitei uma GLO e fui atendido quando pedi a renova\u00e7\u00e3o. Sempre mantive um contato com os ministros da Defesa, da Justi\u00e7a e da secretaria da Presid\u00eancia. Foi uma coopera\u00e7\u00e3o de esfor\u00e7os&#8221;, declarou.<\/p>\n<p>Questionado sobre um dos momentos de maior tens\u00e3o, quando o governo federal demorou a renovar o decreto para manter a opera\u00e7\u00e3o de GLO no Estado, o governador respondeu: &#8220;Eu nunca imaginei que o governo federal fosse inconsequente de n\u00e3o renovar a GLO at\u00e9 que fosse resolvido o problema&#8221;.<\/p>\n<p>Se quanto \u00e0s medidas adotadas pelo governo Santana n\u00e3o fez cr\u00edticas, quando o assunto foram as declara\u00e7\u00f5es p\u00fablicas de figuras ligadas ao Planalto &#8211; como Moro e o diretor da For\u00e7a Nacional, Aginaldo de Oliveira -, vistas como simp\u00e1ticas aos PMs o governador marcou posi\u00e7\u00e3o contr\u00e1ria.<\/p>\n<p>&#8220;Jamais trataria amotinados daquela forma. Fui muito preciso em rela\u00e7\u00e3o a cumprir a legalidade. Greve, motim, est\u00e1 previsto no artigo 142 da Constitui\u00e7\u00e3o, \u00e9 proibido por lei, n\u00e3o \u00e9 uma quest\u00e3o pol\u00edtico-partid\u00e1ria, a quest\u00e3o \u00e9 de seguir a lei. N\u00e3o tenho nem teria o comportamento que eles tiveram.&#8221; As informa\u00e7\u00f5es s\u00e3o do jornal O Estado de S. Paulo.<\/p>\n<p><br \/>\n<br \/><a href=\"https:\/\/exame.abril.com.br\/brasil\/pais-esta-misturando-politica-com-a-policia-diz-governador-do-ceara\/\">Fonte do artigo <\/a><br \/>\nTags:<br \/>\n#politica #political #negocios #business #marketingdigital #empreendedorismo #marketing #emprendedores #empreender #sucesso #empresas #emprendimiento #emprendedor #empreendedor #emprender #dinheiro #dinero #empresario #vendas #liderazgo #motivacion #foco #motivacao #negocio #brasil<\/p>\n","protected":false},"excerpt":{"rendered":"<p>O governador do Cear\u00e1, Camilo Santana (PT), afirmou, em entrevista, que o pa\u00eds precisa discutir a &#8220;partidariza\u00e7\u00e3o&#8221; das pol\u00edcias militares. Segundo ele, o motim dos agentes de seguran\u00e7a em seu Estado, encerrado no domingo passado, foi um levante pol\u00edtico e o caso cearense deve ser analisado sob uma \u00f3tica nacional. &#8220;O que vem acontecendo no [&hellip;]<\/p>\n","protected":false},"author":1,"featured_media":45299,"comment_status":"open","ping_status":"open","sticky":false,"template":"","format":"standard","meta":{"footnotes":""},"categories":[1],"tags":[],"class_list":["post-45298","post","type-post","status-publish","format-standard","has-post-thumbnail","hentry","category-curso-de-copy"],"_links":{"self":[{"href":"https:\/\/wiy.com.br\/noticias\/wp-json\/wp\/v2\/posts\/45298","targetHints":{"allow":["GET"]}}],"collection":[{"href":"https:\/\/wiy.com.br\/noticias\/wp-json\/wp\/v2\/posts"}],"about":[{"href":"https:\/\/wiy.com.br\/noticias\/wp-json\/wp\/v2\/types\/post"}],"author":[{"embeddable":true,"href":"https:\/\/wiy.com.br\/noticias\/wp-json\/wp\/v2\/users\/1"}],"replies":[{"embeddable":true,"href":"https:\/\/wiy.com.br\/noticias\/wp-json\/wp\/v2\/comments?post=45298"}],"version-history":[{"count":0,"href":"https:\/\/wiy.com.br\/noticias\/wp-json\/wp\/v2\/posts\/45298\/revisions"}],"wp:featuredmedia":[{"embeddable":true,"href":"https:\/\/wiy.com.br\/noticias\/wp-json\/wp\/v2\/media\/45299"}],"wp:attachment":[{"href":"https:\/\/wiy.com.br\/noticias\/wp-json\/wp\/v2\/media?parent=45298"}],"wp:term":[{"taxonomy":"category","embeddable":true,"href":"https:\/\/wiy.com.br\/noticias\/wp-json\/wp\/v2\/categories?post=45298"},{"taxonomy":"post_tag","embeddable":true,"href":"https:\/\/wiy.com.br\/noticias\/wp-json\/wp\/v2\/tags?post=45298"}],"curies":[{"name":"wp","href":"https:\/\/api.w.org\/{rel}","templated":true}]}}