{"id":45290,"date":"2023-02-26T14:57:35","date_gmt":"2023-02-26T17:57:35","guid":{"rendered":"https:\/\/wiy.com.br\/noticias\/justica-brasileira-diz-que-apple-nao-comete-obsolescencia-programada\/"},"modified":"2020-03-07T10:38:24","modified_gmt":"2020-03-07T13:38:24","slug":"justica-brasileira-diz-que-apple-nao-comete-obsolescencia-programada","status":"publish","type":"post","link":"https:\/\/wiy.com.br\/noticias\/justica-brasileira-diz-que-apple-nao-comete-obsolescencia-programada\/","title":{"rendered":"Justi\u00e7a brasileira diz que Apple n\u00e3o comete obsolesc\u00eancia programada"},"content":{"rendered":"<p> <br \/>\n<br \/><img title = \"[Tags]\"alt = \"20190529054849_860_645_-_iphone Justi\u00e7a brasileira diz que Apple n\u00e3o comete obsolesc\u00eancia programada\"decoding=\"async\" align=\"left\" hspace=\"8\" src=\"https:\/\/img.olhardigital.com.br\/uploads\/acervo_imagens\/2019\/05\/r4x3\/20190529054849_860_645_-_iphone.jpg\"><\/p>\n<p>Enquanto a&nbsp;<a href=\"https:\/\/olhardigital.com.br\/noticia\/apple-comemora-o-dia-da-mulher-com-sessoes-presenciais-em-suas-lojas\/97572\" target=\"_blank\" rel=\"noopener noreferrer\">Apple<\/a>&nbsp;foi&nbsp;<a href=\"https:\/\/olhardigital.com.br\/noticia\/apple-pagara-ate-us-500-milhoes-em-indenizacoes-por-iphones-lentos\/97488\" target=\"_blank\" rel=\"noopener noreferrer\">obrigada a pagar cerca de US$ 500 milh&otilde;es<\/a>&nbsp;nos Estados Unidos por deixar&nbsp;<a href=\"https:\/\/olhardigital.com.br\/dicas_e_tutoriais\/noticia\/descubra-o-que-voce-pode-encontrar-com-a-busca-avancada-do-whatsapp-no-iphone\/97607\" target=\"_blank\" rel=\"noopener noreferrer\">iPhones<\/a>&nbsp;antigos mais lentos, no&nbsp;<a href=\"https:\/\/olhardigital.com.br\/noticia\/fibra-optica-supera-cabo-na-banda-larga-do-brasil\/97712\" target=\"_blank\" rel=\"noopener noreferrer\">Brasil<\/a>, a Secretaria Nacional do Consumidor entendeu que o problema n&atilde;o &eacute; pass&iacute;vel de multa.<\/p>\n<p>O esc&acirc;ndalo, que ficou conhecido como&nbsp;<a href=\"https:\/\/olhardigital.com.br\/noticia\/atualizacao-para-ios-501-piora-a-condicao-da-bateria-do-iphone\/22243\" target=\"_blank\" rel=\"noopener noreferrer\">BatteryGate<\/a>, teve em in&iacute;cio em 2017, quando a Apple assumiu que reduzia o desempenho dos iPhones a fim de preservar a vida &uacute;til dos dispositivos com o passar do tempo. O problema para o judici&aacute;rio dos Estados Unidos &#8211; e de tantos outros pa&iacute;ses &#8211; foi a falta de aviso da companhia, que foi acusada de praticar obsolesc&ecirc;ncia programada.<\/p>\n<p>No Brasil, o Instituto Brasileiro de Defesa do Consumidor (Idec) recebeu aproximadamente 350 reclama&ccedil;&otilde;es de propriet&aacute;rios de iPhones, descontentes com a piora de seus dispositivos ap&oacute;s a atualiza&ccedil;&atilde;o do sistema operacional. Na &eacute;poca, a secretaria respons&aacute;vel e os Minist&eacute;rios P&uacute;blicos do Rio de Janeiro e do Paran&aacute; chegaram a abrir investiga&ccedil;&otilde;es, que logo foram arquivadas por falta de provas e por considerarem que a Apple j&aacute; havia tomado as provid&ecirc;ncias necess&aacute;rias.<\/p>\n<p><figure><img title = \"[Tags]\"alt = \"20190529054849_860_645_-_iphone Justi\u00e7a brasileira diz que Apple n\u00e3o comete obsolesc\u00eancia programada\"loading=\"lazy\" decoding=\"async\" src=\"https:\/\/cache.olhardigital.com.br\/uploads\/acervo_imagens\/2018\/01\/20180103182850.jpg\" width=\"860\" height=\"547\"><figcaption><span class=\"copyright\">Reprodu\u00e7\u00e3o<\/span><\/figcaption><\/figure>\n<\/p>\n<p>Houve ainda o caso comandado pelo Instituto Brasileiro de Pol&iacute;tica e Direito da Inform&aacute;tica (IBDI), que solicitou uma indeniza&ccedil;&atilde;o de R$ 986,7 milh&otilde;es por danos morais, al&eacute;m do ressarcimento do valor dos iPhones para os donos prejudicados.<\/p>\n<p>O Tribunal de&nbsp;<a href=\"https:\/\/olhardigital.com.br\/noticia\/justica-responsabiliza-ifood-por-entregador-do-app-furtar-capacete\/96436\" target=\"_blank\" rel=\"noopener noreferrer\">Justi&ccedil;a<\/a>&nbsp;do Distrito Federal e Territ&oacute;rios, que julgou o caso, n&atilde;o avaliou as provas e deu a causa como improcedente. O Minist&eacute;rio P&uacute;blico do Distrito Federal e Territ&oacute;rios (MPDFT) recorreu da decis&atilde;o, mas foi derrotado em segunda inst&acirc;ncia, j&aacute; que o desembargador Jo&atilde;o Egmont considerou a atitude da Apple comprometida com a experi&ecirc;ncia do usu&aacute;rio e ainda concordou que a companhia estava de acordo com o C&oacute;digo de Defesa do Consumidor, pois ofereceu a troca das baterias afetadas por um pre&ccedil;o mais acess&iacute;vel &#8211; no caso, R$ 149.<\/p>\n<p>Agora, o IBDI entrou com novo recurso no Supremo Tribunal de Justi&ccedil;a (STJ) e no Supremo Tribunal Federal (STF), dos quais segue aguardando an&aacute;lise. Segundo o instituto, o caso dos Estados Unidos servir&aacute; de argumento no processo.<\/p>\n<p>No mesmo caminho, o Procon-SP disse ter notificado a Apple, e questionou se a companhia &ldquo;pretende pagar a mesma indeniza&ccedil;&atilde;o aos consumidores brasileiros da que foi paga aos norte-americanos&#8221;, &ldquo;uma vez que o produto &eacute; o mesmo, o dano e a les&atilde;o s&atilde;o id&ecirc;nticos&rdquo;.<\/p>\n<p>&nbsp;<\/p>\n<p>Via: <em>MacMagazine\/Tecnoblog<\/em><\/p>\n<p><br \/>\n<br \/><a href=\"https:\/\/olhardigital.com.br\/noticia\/justica-brasileira-diz-que-apple-nao-comete-obsolescencia-programada\/97731\">Fonte do Artigo <\/a><br \/>\nTags:<\/p>\n<p><a href=\"https:\/\/wiy.com.br\/noticias\/categoria\/tecnologia\/\">#tecnologia<\/a> <a href=\"https:\/\/wiy.com.br\/noticias\/categoria\/tecnologia\/\">#tecnologias<\/a> <a href=\"https:\/\/wiy.com.br\/noticias\/categoria\/tecnologia\/\">#technology<\/a> <a href=\"https:\/\/wiy.com.br\/noticias\/categoria\/tecnologia\/\">#tecnolog<\/a> <a href=\"https:\/\/wiy.com.br\/noticias\/categoria\/tecnologia\/\">#iphone<\/a> <a href=\"https:\/\/wiy.com.br\/noticias\/categoria\/tecnologia\/\">#informatica<\/a> <a href=\"https:\/\/wiy.com.br\/noticias\/categoria\/tecnologia\/\">#tech<\/a> <a href=\"https:\/\/wiy.com.br\/noticias\/categoria\/tecnologia\/\">#design<\/a> <a href=\"https:\/\/wiy.com.br\/noticias\/categoria\/tecnologia\/\">#samsung<\/a> <a href=\"https:\/\/wiy.com.br\/noticias\/categoria\/tecnologia\/\">#internet<\/a> <a href=\"https:\/\/wiy.com.br\/noticias\/categoria\/tecnologia\/\">#apple<\/a> <a href=\"https:\/\/wiy.com.br\/noticias\/categoria\/tecnologia\/\">#smartphone<\/a> <a href=\"https:\/\/wiy.com.br\/noticias\/categoria\/tecnologia\/\">#seguranca<\/a> <a href=\"https:\/\/wiy.com.br\/noticias\/categoria\/tecnologia\/\">#venezuela<\/a> <a href=\"https:\/\/wiy.com.br\/noticias\/categoria\/tecnologia\/\">#celular<\/a> <a href=\"https:\/\/wiy.com.br\/noticias\/categoria\/tecnologia\/\">#celulares<\/a> <a href=\"https:\/\/wiy.com.br\/noticias\/categoria\/tecnologia\/\">#inovar<\/a> <a href=\"https:\/\/wiy.com.br\/noticias\/categoria\/tecnologia\/\">#qualidade<\/a> <a href=\"https:\/\/wiy.com.br\/noticias\/categoria\/tecnologia\/\">#software<\/a> <a href=\"https:\/\/wiy.com.br\/noticias\/categoria\/tecnologia\/\">#empresas<\/a> <a href=\"https:\/\/wiy.com.br\/noticias\/categoria\/tecnologia\/\">#cursos<\/a> <a href=\"https:\/\/wiy.com.br\/noticias\/categoria\/tecnologia\/\">#engenharia<\/a> <a href=\"https:\/\/wiy.com.br\/noticias\/categoria\/tecnologia\/\">#industria<\/a> <a href=\"https:\/\/wiy.com.br\/noticias\/categoria\/tecnologia\/\">#marketing<\/a> <a href=\"https:\/\/wiy.com.br\/noticias\/categoria\/tecnologia\/\">#ti<\/a> <a href=\"https:\/\/wiy.com.br\/noticias\/categoria\/tecnologia\/\">#tecnoblog<\/a> <a href=\"https:\/\/wiy.com.br\/noticias\/categoria\/tecnologia\/\">#veja<\/a> <a href=\"https:\/\/wiy.com.br\/noticias\/categoria\/tecnologia\/\">#olhardigital<\/a> <a href=\"https:\/\/wiy.com.br\/noticias\/categoria\/tecnologia\/\">#mundodigital<\/a> <a href=\"https:\/\/wiy.com.br\/noticias\/categoria\/tecnologia\/\">#inteligenciaartificial<\/a> <a href=\"https:\/\/wiy.com.br\/criacao-de-sites\/\">#criar site<\/a> <a href=\"https:\/\/wiy.com.br\/criacao-de-sites\/\">#criar site curitiba<\/a> <a href=\"https:\/\/wiy.com.br\/criacao-de-sites\/\">#wiysolutions<\/a><\/p>\n","protected":false},"excerpt":{"rendered":"<p>Enquanto a&nbsp;Apple&nbsp;foi&nbsp;obrigada a pagar cerca de US$ 500 milh&otilde;es&nbsp;nos Estados Unidos por deixar&nbsp;iPhones&nbsp;antigos mais lentos, no&nbsp;Brasil, a Secretaria Nacional do Consumidor entendeu que o problema n&atilde;o &eacute; pass&iacute;vel de multa. O esc&acirc;ndalo, que ficou conhecido como&nbsp;BatteryGate, teve em in&iacute;cio em 2017, quando a Apple assumiu que reduzia o desempenho dos iPhones a fim de preservar [&hellip;]<\/p>\n","protected":false},"author":1,"featured_media":45291,"comment_status":"open","ping_status":"open","sticky":false,"template":"","format":"standard","meta":{"footnotes":""},"categories":[5],"tags":[],"class_list":["post-45290","post","type-post","status-publish","format-standard","has-post-thumbnail","hentry","category-tecnologia"],"_links":{"self":[{"href":"https:\/\/wiy.com.br\/noticias\/wp-json\/wp\/v2\/posts\/45290","targetHints":{"allow":["GET"]}}],"collection":[{"href":"https:\/\/wiy.com.br\/noticias\/wp-json\/wp\/v2\/posts"}],"about":[{"href":"https:\/\/wiy.com.br\/noticias\/wp-json\/wp\/v2\/types\/post"}],"author":[{"embeddable":true,"href":"https:\/\/wiy.com.br\/noticias\/wp-json\/wp\/v2\/users\/1"}],"replies":[{"embeddable":true,"href":"https:\/\/wiy.com.br\/noticias\/wp-json\/wp\/v2\/comments?post=45290"}],"version-history":[{"count":0,"href":"https:\/\/wiy.com.br\/noticias\/wp-json\/wp\/v2\/posts\/45290\/revisions"}],"wp:featuredmedia":[{"embeddable":true,"href":"https:\/\/wiy.com.br\/noticias\/wp-json\/wp\/v2\/media\/45291"}],"wp:attachment":[{"href":"https:\/\/wiy.com.br\/noticias\/wp-json\/wp\/v2\/media?parent=45290"}],"wp:term":[{"taxonomy":"category","embeddable":true,"href":"https:\/\/wiy.com.br\/noticias\/wp-json\/wp\/v2\/categories?post=45290"},{"taxonomy":"post_tag","embeddable":true,"href":"https:\/\/wiy.com.br\/noticias\/wp-json\/wp\/v2\/tags?post=45290"}],"curies":[{"name":"wp","href":"https:\/\/api.w.org\/{rel}","templated":true}]}}