{"id":45213,"date":"2023-02-26T15:00:40","date_gmt":"2023-02-26T18:00:40","guid":{"rendered":"https:\/\/wiy.com.br\/noticias\/procon-quer-que-apple-indenize-usuarios-por-lentidao-em-iphones\/"},"modified":"2020-03-06T13:44:22","modified_gmt":"2020-03-06T16:44:22","slug":"procon-quer-que-apple-indenize-usuarios-por-lentidao-em-iphones","status":"publish","type":"post","link":"https:\/\/wiy.com.br\/noticias\/procon-quer-que-apple-indenize-usuarios-por-lentidao-em-iphones\/","title":{"rendered":"Procon quer que Apple indenize usu\u00e1rios por lentid\u00e3o em iPhones"},"content":{"rendered":"<p> <br \/>\n<\/p>\n<p>O <a href=\"https:\/\/exame.abril.com.br\/noticias-sobre\/procon\/\"><strong>Procon de S\u00e3o Paulo<\/strong><\/a>, \u00f3rg\u00e3o de defesa do consumidor, afirmou nesta sexta-feira, 6, que vai notificar a empresa de tecnologia <a href=\"https:\/\/exame.abril.com.br\/noticias-sobre\/apple\/\"><strong>Apple<\/strong><\/a> sobre lentid\u00e3o em celulares antigos.<\/p>\n<p>A Apple, que \u00e9 americana, fabrica desde 2007 os aparelhos iPhone. O Procon quer uma indeniza\u00e7\u00e3o para consumidores brasileiros <a href=\"https:\/\/exame.abril.com.br\/tecnologia\/relembre-cada-modelo-de-iphone-lancado-pela-apple\/\">donos de iPhones mais antigos<\/a> e que tiveram uma piora no desempenho do aparelho ap\u00f3s instala\u00e7\u00e3o de atualiza\u00e7\u00f5es do sistema operacional da Apple, o iOS.<\/p>\n<p>A reclama\u00e7\u00e3o do Procon vem depois de Apple ter feito neste ano, nos Estados Unidos, um <a href=\"https:\/\/exame.abril.com.br\/tecnologia\/apple-vai-pagar-500-milhoes-de-dolares-por-deixar-iphones-mais-lentos\/\">acordo de 500 milh\u00f5es de d\u00f3lares<\/a> para pagar a usu\u00e1rios 25 d\u00f3lares por aparelho que apresenta o problema. O Procon pede um acordo similar para os usu\u00e1rios brasileiros.<\/p>\n<p>Em 2017, a Apple confirmou que, de fato, suas atualiza\u00e7\u00f5es <a href=\"https:\/\/exame.abril.com.br\/tecnologia\/apple-deixa-iphones-antigos-mais-lentos-por-causa-de-baterias\/\">tornam os aparelhos mais lentos propositalmente<\/a>. Segundo a empresa, isso acontece para preservar a vida de baterias antigas, e a lentid\u00e3o s\u00f3 \u00e9 aplicada em aparelhos cuja bateria esteja se degradando.<\/p>\n<p>Depois disso, a empresa de Cupertino passou a oferecer nos Estados Unidos baterias promocionais a 29 d\u00f3lares. Mas muitos consumidores reclamaram que j\u00e1 haviam gasto centenas de d\u00f3lares em um novo iPhone, uma vez que, at\u00e9 ent\u00e3o, n\u00e3o sabiam a causa da lentid\u00e3o e simplesmente desistiram do concerto para comprar um aparelho novo.<\/p>\n<p>O caso levou uma s\u00e9rie de consumidores a processar a Apple, tanto nos Estados Unidos quanto no exterior. A empresa \u00e9 acusada de praticar a chamada &#8220;obsolesc\u00eancia programada&#8221;, isto \u00e9, tentando propositalmente matar seus iPhones antigos para que consumidores comprem novos aparelhos.<\/p>\n<p>O acordo deste ano feito pela Apple nos EUA inclui os donos de <span>iPhones 6, 6 Plus, 6s, 6s Plus, 7, 7Plus ou SE (que executaram o sistema operacional iOS 10.2.1 ou posterior) e dos iPhones 7 e 7 Plus (que executaram o sistema operacional iOS 11.2 ou posterior antes de 21 de dezembro de 2017).<\/span><\/p>\n<p>Na Fran\u00e7a, a Apple tamb\u00e9m <a href=\"https:\/\/www.bbc.com\/news\/technology-51413724\">foi multada neste ano<\/a> por n\u00e3o deixar claro aos usu\u00e1rios que a instala\u00e7\u00e3o de atualiza\u00e7\u00f5es deixaria o celular propositalmente mais lento. A multa, aplicada por um \u00f3rg\u00e3o de defesa franc\u00eas, foi de 25 milh\u00f5es de euros. A puni\u00e7\u00e3o tamb\u00e9m obrigou a Apple a mostrar em seu site franc\u00eas um comunicado dizendo que a empresa &#8220;cometeu o crime de pr\u00e1tica comercial enganosa por omiss\u00e3o&#8221; e que concordou em pagar umamulta por esse motivo.<\/p>\n<div class=\"widget-news widget-box no-margin no-border\"><span class=\"widget-news-title content-box-title\">Veja tamb\u00e9m<\/span><\/p>\n<ul class=\"widget-news-list\">\n<li class=\"widget-news-item without-thumb with-border\">\n<div class=\"widget-news-info\"><a href=\"http:\/\/exame.abril.com.br\/tecnologia\">TECNOLOGIA<\/a><span class=\"widget-news-item-title\"><a href=\"https:\/\/exame.abril.com.br\/tecnologia\/apple-vai-pagar-500-milhoes-de-dolares-por-deixar-iphones-mais-lentos\/\">Apple vai pagar US$ 500 mi em indeniza\u00e7\u00f5es por deixar iPhones mais lentos<\/a><\/span><span class=\"widget-news-item-date\">2 mar 2020 &#8211; 16h03<\/span><\/div>\n<\/li>\n<\/ul>\n<\/div>\n<p>No Brasil, h\u00e1 uma s\u00e9rie de reclama\u00e7\u00f5es acerca de lentid\u00e3o de antigos iPhones em sites como o Reclame Aqui e em redes sociais. A lentid\u00e3o costuma come\u00e7ar depois de o usu\u00e1rio de iPhone instalar uma atualiza\u00e7\u00e3o de sistema operacional.<\/p>\n<p>&#8220;O Procon-SP vai solicitar \u00e0 Apple que informe se tamb\u00e9m pretende pagar a mesma indeniza\u00e7\u00e3o aos consumidores brasileiros da que foi paga aos norte-americanos; uma vez que o produto \u00e9 o mesmo, o dano e a les\u00e3o s\u00e3o id\u00eanticos&#8221;, disse em nota \u00e0 imprensa o diretor-executivo do Procon paulista, Fernando Capez. O Procon \u00e9 vinculado \u00e0 pasta da Secretaria da Justi\u00e7a e Cidadania.<\/p>\n<p>Questionada pela <strong>EXAME<\/strong>, a Apple informou por meio de sua assessoria de imprensa que n\u00e3o ir\u00e1 se manifestar sobre o caso com o Procon.<\/p>\n<p>Dados de 2019 da Funda\u00e7\u00e3o Get\u00falio Vargas apontam que o Brasil tem <a href=\"https:\/\/eaesp.fgv.br\/sites\/eaesp.fgv.br\/files\/noticias2019fgvcia_2019.pdf\">230 milh\u00f5es de smartphones<\/a>, mais de um aparelho por habitante. Em 2019, os iPhones, com sistema iOS, tiveram cerca de 11,6% do mercado brasileiro, ante mais de 85% dos aparelhos com sistema Android, que operam em celulares de marcas como Samsung e Motorola, segundo <a href=\"https:\/\/gs.statcounter.com\/os-market-share\/mobile\/brazil\/2019\">levantamento da Statcounter<\/a>.<\/p>\n<p>A Apple vem sofrendo nos \u00faltimos anos uma queda nas vendas de iPhone mundo afora. Em 2019, a empresa <a href=\"https:\/\/exame.abril.com.br\/tecnologia\/apple-perde-a-vice-lideranca-do-mercado-de-smartphones\/\">perdeu a vice-lideran\u00e7a<\/a> em vendas de celulares para a chinesa Huawei (a l\u00edder do segmento seguiu sendo a sul-coreana Samsung).<\/p>\n<p>A aposta para retomar os bons n\u00fameros com seu principal aparelho \u00e9 o iPhone 11, lan\u00e7ado no fim do ano passado. O novo modelo j\u00e1 foi capaz de reverter os resultados negativos do iPhone no balan\u00e7o da Apple no quarto trimestre de 2019, segundo resultados divulgados em janeiro.<\/p>\n<p>Ap\u00f3s os iPhones terem queda na receita em rela\u00e7\u00e3o ao ano anterior nos nove primeiros meses de 2019, no \u00faltimo trimestre, que contou j\u00e1 com as vendas do iPhone 11, o <a href=\"https:\/\/exame.abril.com.br\/negocios\/apple-anuncia-resultado-recorde-e-vendas-do-iphone-voltam-a-subir\/\">faturamento com os celulares teve alta de 8%<\/a>, gerando 56 bilh\u00f5es de d\u00f3lares.<\/p>\n<div class=\"widget-news widget-box no-margin no-border\"><span class=\"widget-news-title content-box-title\">Veja tamb\u00e9m<\/span><\/p>\n<ul class=\"widget-news-list\">\n<li class=\"widget-news-item without-thumb with-border\">\n<div class=\"widget-news-info\"><a href=\"http:\/\/exame.abril.com.br\/negocios\">NEG\u00d3CIOS<\/a><span class=\"widget-news-item-title\"><a href=\"https:\/\/exame.abril.com.br\/negocios\/apple-anuncia-resultado-recorde-e-vendas-do-iphone-voltam-a-subir\/\">Apple anuncia resultado recorde e vendas do iPhone voltam a subir<\/a><\/span><span class=\"widget-news-item-date\">28 jan 2020 &#8211; 18h01<\/span><\/div>\n<\/li>\n<\/ul>\n<\/div>\n<p>#noticias #economia #sustentabilidade #dinheiro #economia<br \/>\n<br \/><br \/>\n<br \/><a href=\"https:\/\/exame.abril.com.br\/negocios\/procon-quer-que-apple-indenize-usuarios-por-lentidao-em-iphones\/\">Fonte do Artigo <\/a><br \/>\nTags:<\/p>\n<p><a href=\"https:\/\/wiy.com.br\/noticias\/categoria\/curso-de-copy\/\">#noticias<\/a> <a href=\"https:\/\/wiy.com.br\/noticias\/categoria\/curso-de-copy\/\">#economia<\/a> <a href=\"https:\/\/wiy.com.br\/noticias\/categoria\/curso-de-copy\/\">#sustentabilidade<\/a> <a href=\"https:\/\/wiy.com.br\/noticias\/categoria\/curso-de-copy\/\">#dinheiro<\/a> <a href=\"https:\/\/wiy.com.br\/noticias\/categoria\/curso-de-copy\/\">#economia<\/a> <a href=\"https:\/\/wiy.com.br\/noticias\/categoria\/curso-de-copy\/\">#energialimpa<\/a> <a href=\"https:\/\/wiy.com.br\/noticias\/categoria\/curso-de-copy\/\">#brasil<\/a> <a href=\"https:\/\/wiy.com.br\/noticias\/categoria\/curso-de-copy\/\">#cursodecopy<\/a> <a href=\"https:\/\/wiy.com.br\/noticias\/categoria\/curso-de-copy\/\">#meioambiente<\/a> <a href=\"https:\/\/wiy.com.br\/noticias\/categoria\/curso-de-copy\/\">#hotmart<\/a> <a href=\"https:\/\/wiy.com.br\/noticias\/categoria\/curso-de-copy\/\">#empreendedorismo<\/a> <a href=\"https:\/\/wiy.com.br\/noticias\/categoria\/curso-de-copy\/\">#marketingdigital<\/a> <a href=\"https:\/\/wiy.com.br\/noticias\/categoria\/curso-de-copy\/\">#marketing digital<\/a> <a href=\"https:\/\/wiy.com.br\/noticias\/categoria\/curso-de-copy\/\">#politica<\/a> <a href=\"https:\/\/wiy.com.br\/noticias\/categoria\/curso-de-copy\/\">#energiasolarfotovoltaica<\/a> <a href=\"https:\/\/wiy.com.br\/noticias\/categoria\/curso-de-copy\/\">#textos que vendem<\/a> <a href=\"https:\/\/wiy.com.br\/noticias\/categoria\/curso-de-copy\/\">#copy de vendas<\/a> <a href=\"https:\/\/wiy.com.br\/noticias\/categoria\/curso-de-copy\/\">#sucesso<\/a> <a href=\"https:\/\/wiy.com.br\/noticias\/categoria\/curso-de-copy\/\">#financas<\/a> <a href=\"https:\/\/wiy.com.br\/noticias\/categoria\/curso-de-copy\/\">#investimentos<\/a> <a href=\"https:\/\/wiy.com.br\/noticias\/categoria\/curso-de-copy\/\">#criptomoeda<\/a> <a href=\"https:\/\/wiy.com.br\/noticias\/categoria\/curso-de-copy\/\">#ead<\/a> <a href=\"https:\/\/wiy.com.br\/noticias\/categoria\/curso-de-copy\/\">#copy download<\/a> <a href=\"https:\/\/wiy.com.br\/noticias\/categoria\/curso-de-copy\/\">#cursodecopypdf<\/a> <a href=\"https:\/\/wiy.com.br\/noticias\/categoria\/curso-de-copy\/\">#primeiravenda<\/a> <a href=\"https:\/\/wiy.com.br\/noticias\/categoria\/curso-de-copy\/\">#noticias24<\/a> <a href=\"https:\/\/curso-de-copy.wordseo.com.br\/\">#curso de copy<\/a> <a href=\"https:\/\/curso-de-copy.wordseo.com.br\/\">#curso para afiliados<\/a> <a href=\"https:\/\/curso-de-copy.wordseo.com.br\/\">#curso de copy online<\/a><\/p>\n","protected":false},"excerpt":{"rendered":"<p>O Procon de S\u00e3o Paulo, \u00f3rg\u00e3o de defesa do consumidor, afirmou nesta sexta-feira, 6, que vai notificar a empresa de tecnologia Apple sobre lentid\u00e3o em celulares antigos. A Apple, que \u00e9 americana, fabrica desde 2007 os aparelhos iPhone. O Procon quer uma indeniza\u00e7\u00e3o para consumidores brasileiros donos de iPhones mais antigos e que tiveram uma [&hellip;]<\/p>\n","protected":false},"author":1,"featured_media":45214,"comment_status":"open","ping_status":"open","sticky":false,"template":"","format":"standard","meta":{"footnotes":""},"categories":[1,339],"tags":[],"class_list":["post-45213","post","type-post","status-publish","format-standard","has-post-thumbnail","hentry","category-curso-de-copy","category-negocios"],"_links":{"self":[{"href":"https:\/\/wiy.com.br\/noticias\/wp-json\/wp\/v2\/posts\/45213","targetHints":{"allow":["GET"]}}],"collection":[{"href":"https:\/\/wiy.com.br\/noticias\/wp-json\/wp\/v2\/posts"}],"about":[{"href":"https:\/\/wiy.com.br\/noticias\/wp-json\/wp\/v2\/types\/post"}],"author":[{"embeddable":true,"href":"https:\/\/wiy.com.br\/noticias\/wp-json\/wp\/v2\/users\/1"}],"replies":[{"embeddable":true,"href":"https:\/\/wiy.com.br\/noticias\/wp-json\/wp\/v2\/comments?post=45213"}],"version-history":[{"count":0,"href":"https:\/\/wiy.com.br\/noticias\/wp-json\/wp\/v2\/posts\/45213\/revisions"}],"wp:featuredmedia":[{"embeddable":true,"href":"https:\/\/wiy.com.br\/noticias\/wp-json\/wp\/v2\/media\/45214"}],"wp:attachment":[{"href":"https:\/\/wiy.com.br\/noticias\/wp-json\/wp\/v2\/media?parent=45213"}],"wp:term":[{"taxonomy":"category","embeddable":true,"href":"https:\/\/wiy.com.br\/noticias\/wp-json\/wp\/v2\/categories?post=45213"},{"taxonomy":"post_tag","embeddable":true,"href":"https:\/\/wiy.com.br\/noticias\/wp-json\/wp\/v2\/tags?post=45213"}],"curies":[{"name":"wp","href":"https:\/\/api.w.org\/{rel}","templated":true}]}}