{"id":45050,"date":"2023-02-26T15:18:02","date_gmt":"2023-02-26T18:18:02","guid":{"rendered":"https:\/\/wiy.com.br\/noticias\/baixada-santista-sobe-para-24-o-numero-de-mortos\/"},"modified":"2020-03-04T19:27:29","modified_gmt":"2020-03-04T22:27:29","slug":"baixada-santista-sobe-para-24-o-numero-de-mortos","status":"publish","type":"post","link":"https:\/\/wiy.com.br\/noticias\/baixada-santista-sobe-para-24-o-numero-de-mortos\/","title":{"rendered":"Baixada Santista: sobe para 24 o n\u00famero de mortos"},"content":{"rendered":"<p> <br \/>\n<\/p>\n<p>A Defesa Civil do Estado confirmou o n\u00famero de <strong>24 mortes na Baixada Santista<\/strong> at\u00e9 o momento, em decorr\u00eancia das fortes chuvas que incidiram sobre a regi\u00e3o na madrugada da \u00faltima ter\u00e7a-feira (3). Foram dezenove \u00f3bitos no Guaruj\u00e1, tr\u00eas em Santos e dois em S\u00e3o Vicente, que foram as cidades mais atingidas. Outras 25 v\u00edtimas seguem desaparecidas e o n\u00famero total de desabrigados \u00e9, segundo o \u00f3rg\u00e3o, de mais de 400 pessoas.<\/p>\n<p>No Di\u00e1rio Oficial do Estado desta quarta-feira (4), o Governador Jo\u00e3o Doria homologou sumariamente os decretos municipais de situa\u00e7\u00e3o de anormalidade do Guaruj\u00e1 (estado de calamidade p\u00fablica), Santos e S\u00e3o Vicente (situa\u00e7\u00e3o de emerg\u00eancia).<\/p>\n<p>Ao longo desta quarta, a chuva fraca persistiu na regi\u00e3o, alternando-se com per\u00edodos de c\u00e9u nublado. Ainda assim, continua na Baixada o alerta de risco para novos deslizamentos em virtude dos altos \u00edndices acumulados nas \u00faltimas 72 horas e ao fato do solo continuar encharcado.<\/p>\n<p><br \/>\n<br \/><a href=\"https:\/\/vejasp.abril.com.br\/cidades\/baixada-santista-sobe-para-24-o-numero-de-vitimas-fatais\/\">Fonte do Artigo <\/a><br \/>\nTags:<br \/>\n#loterias #loteriascaixa #megasena #resultadoapostas#noticias #noticiario  #noticia #brasil #noticiascolombia #mundo #esporte #colombia #noticiadeld #ltimasnoticias  #noticiario #noticiasregionales #noticiasdepartamentales #noticiashoy #esportes #noticiaahora #elinformantenoticias #noticiasdeboyac  #esporteinterativo #esportivo #diariodosesportes  #noticiero  #jogodefutebol #jogos #loto #apostas<\/p>\n","protected":false},"excerpt":{"rendered":"<p>A Defesa Civil do Estado confirmou o n\u00famero de 24 mortes na Baixada Santista at\u00e9 o momento, em decorr\u00eancia das fortes chuvas que incidiram sobre a regi\u00e3o na madrugada da \u00faltima ter\u00e7a-feira (3). Foram dezenove \u00f3bitos no Guaruj\u00e1, tr\u00eas em Santos e dois em S\u00e3o Vicente, que foram as cidades mais atingidas. Outras 25 v\u00edtimas [&hellip;]<\/p>\n","protected":false},"author":1,"featured_media":45051,"comment_status":"open","ping_status":"open","sticky":false,"template":"","format":"standard","meta":{"footnotes":""},"categories":[1],"tags":[],"class_list":["post-45050","post","type-post","status-publish","format-standard","has-post-thumbnail","hentry","category-curso-de-copy"],"_links":{"self":[{"href":"https:\/\/wiy.com.br\/noticias\/wp-json\/wp\/v2\/posts\/45050","targetHints":{"allow":["GET"]}}],"collection":[{"href":"https:\/\/wiy.com.br\/noticias\/wp-json\/wp\/v2\/posts"}],"about":[{"href":"https:\/\/wiy.com.br\/noticias\/wp-json\/wp\/v2\/types\/post"}],"author":[{"embeddable":true,"href":"https:\/\/wiy.com.br\/noticias\/wp-json\/wp\/v2\/users\/1"}],"replies":[{"embeddable":true,"href":"https:\/\/wiy.com.br\/noticias\/wp-json\/wp\/v2\/comments?post=45050"}],"version-history":[{"count":0,"href":"https:\/\/wiy.com.br\/noticias\/wp-json\/wp\/v2\/posts\/45050\/revisions"}],"wp:featuredmedia":[{"embeddable":true,"href":"https:\/\/wiy.com.br\/noticias\/wp-json\/wp\/v2\/media\/45051"}],"wp:attachment":[{"href":"https:\/\/wiy.com.br\/noticias\/wp-json\/wp\/v2\/media?parent=45050"}],"wp:term":[{"taxonomy":"category","embeddable":true,"href":"https:\/\/wiy.com.br\/noticias\/wp-json\/wp\/v2\/categories?post=45050"},{"taxonomy":"post_tag","embeddable":true,"href":"https:\/\/wiy.com.br\/noticias\/wp-json\/wp\/v2\/tags?post=45050"}],"curies":[{"name":"wp","href":"https:\/\/api.w.org\/{rel}","templated":true}]}}