{"id":45044,"date":"2023-02-26T15:07:52","date_gmt":"2023-02-26T18:07:52","guid":{"rendered":"https:\/\/wiy.com.br\/noticias\/empresarios-sao-so-desolacao-com-trapalhadas-de-heleno-e-bolsonaro\/"},"modified":"2020-03-04T18:36:18","modified_gmt":"2020-03-04T21:36:18","slug":"empresarios-sao-so-desolacao-com-trapalhadas-de-heleno-e-bolsonaro","status":"publish","type":"post","link":"https:\/\/wiy.com.br\/noticias\/empresarios-sao-so-desolacao-com-trapalhadas-de-heleno-e-bolsonaro\/","title":{"rendered":"Empres\u00e1rios s\u00e3o s\u00f3 desola\u00e7\u00e3o com trapalhadas de Heleno e Bolsonaro"},"content":{"rendered":"<p> <br \/>\n<\/p>\n<div id=\"post-3399951\">\n<figure class=\"featured-media media-open\"><img title = \"[Tags]\"data-src=\"https:\/\/abrilveja.files.wordpress.com\/2020\/02\/bolsonaro-e-general-heleno.jpg\" class=\"abril-image optimized lazyload\" abril-data-id=\"3399951\"  data- data-pin-nopin=\"false\"alt = \"bolsonaro-e-general-heleno Empres\u00e1rios s\u00e3o s\u00f3 desola\u00e7\u00e3o com trapalhadas de Heleno e Bolsonaro\"\/><figcaption class=\"caption\">\u00a0Marcos Corr\u00eaa\/Presid\u00eancia da Rep\u00fablica\/Divulga\u00e7\u00e3o<\/figcaption><\/figure>\n<section class=\"content\">\n<p>O empresariado brasileiro, que votou em Jair Bolsonaro sonhando com tempos de estabilidade pol\u00edtica para produzir e prosperar, anda desolado com o capit\u00e3o e seu time mais pr\u00f3ximo em alguns grupos de WhatsApp de endinheirados do eixo Rio-S\u00e3o Paulo.<\/p>\n<p>Na campanha, Augusto Heleno era visto como o prov\u00e1vel \u201ccapit\u00e3o do time\u201d, um estrategista que usaria a experi\u00eancia militar para ajudar Bolsonaro \u201ca dan\u00e7ar na sala de cristais\u201d da pol\u00edtica sem fazer estragos. Guiado por Heleno, Bolsonaro sairia do p\u00e3o com leite condensado da Barra da Tijuca para se tornar um verdadeiro estadista. Deu tudo errado.<\/p>\n<p>A economia se arrasta e agora \u00e9 amea\u00e7ada pelo coronav\u00edrus. O d\u00f3lar subiu o Everest e ainda h\u00e1 quase 12 milh\u00f5es de desempregados nas ruas. \u201cA pol\u00edtica precisa desligar as redes sociais\u201d, diz um empres\u00e1rio.<\/p>\n<\/section><\/div>\n<p><br \/>\n<br \/><a href=\"https:\/\/veja.abril.com.br\/blog\/radar\/empresarios-sao-so-desolacao-com-trapalhadas-de-heleno-e-bolsonaro\/\">Fonte do Artigo<\/a><br \/>\nTags: <\/p>\n<p><a title=\"IBJE\" href=\"https:\/\/ibge.gov.br\/\">#IBJE<\/a> <a title=\"FGV\" href=\"https:\/\/portal.fgv.br\/\">#FGV<\/a> <a title=\"LOTOFACIL\" href=\"http:\/\/loterias.caixa.gov.br\/wps\/portal\/loterias\/landing\/lotofacil\/\">#LOTOFACIL<\/a> <a title=\"TINDER\" href=\"https:\/\/tinder.com\/?lang=pt-BR\">#TINDER<\/a> <a title=\"GMAILGOOGLE\" href=\"https:\/\/mail.google.com\">#GMAILGOOGLE<\/a> <a title=\"TIKTOK\" href=\"https:\/\/www.tiktok.com\/pt_BR\/\">#TIKTOK<\/a><\/p>\n","protected":false},"excerpt":{"rendered":"<p>\u00a0Marcos Corr\u00eaa\/Presid\u00eancia da Rep\u00fablica\/Divulga\u00e7\u00e3o O empresariado brasileiro, que votou em Jair Bolsonaro sonhando com tempos de estabilidade pol\u00edtica para produzir e prosperar, anda desolado com o capit\u00e3o e seu time mais pr\u00f3ximo em alguns grupos de WhatsApp de endinheirados do eixo Rio-S\u00e3o Paulo. Na campanha, Augusto Heleno era visto como o prov\u00e1vel \u201ccapit\u00e3o do time\u201d, [&hellip;]<\/p>\n","protected":false},"author":1,"featured_media":45045,"comment_status":"open","ping_status":"open","sticky":false,"template":"","format":"standard","meta":{"footnotes":""},"categories":[7],"tags":[],"class_list":["post-45044","post","type-post","status-publish","format-standard","has-post-thumbnail","hentry","category-economia"],"_links":{"self":[{"href":"https:\/\/wiy.com.br\/noticias\/wp-json\/wp\/v2\/posts\/45044","targetHints":{"allow":["GET"]}}],"collection":[{"href":"https:\/\/wiy.com.br\/noticias\/wp-json\/wp\/v2\/posts"}],"about":[{"href":"https:\/\/wiy.com.br\/noticias\/wp-json\/wp\/v2\/types\/post"}],"author":[{"embeddable":true,"href":"https:\/\/wiy.com.br\/noticias\/wp-json\/wp\/v2\/users\/1"}],"replies":[{"embeddable":true,"href":"https:\/\/wiy.com.br\/noticias\/wp-json\/wp\/v2\/comments?post=45044"}],"version-history":[{"count":0,"href":"https:\/\/wiy.com.br\/noticias\/wp-json\/wp\/v2\/posts\/45044\/revisions"}],"wp:featuredmedia":[{"embeddable":true,"href":"https:\/\/wiy.com.br\/noticias\/wp-json\/wp\/v2\/media\/45045"}],"wp:attachment":[{"href":"https:\/\/wiy.com.br\/noticias\/wp-json\/wp\/v2\/media?parent=45044"}],"wp:term":[{"taxonomy":"category","embeddable":true,"href":"https:\/\/wiy.com.br\/noticias\/wp-json\/wp\/v2\/categories?post=45044"},{"taxonomy":"post_tag","embeddable":true,"href":"https:\/\/wiy.com.br\/noticias\/wp-json\/wp\/v2\/tags?post=45044"}],"curies":[{"name":"wp","href":"https:\/\/api.w.org\/{rel}","templated":true}]}}