{"id":44946,"date":"2023-02-26T15:05:21","date_gmt":"2023-02-26T18:05:21","guid":{"rendered":"https:\/\/wiy.com.br\/noticias\/senado-convoca-chefe-da-secom-para-explicar-contratos-de-sua-empresa\/"},"modified":"2020-03-03T14:47:14","modified_gmt":"2020-03-03T17:47:14","slug":"senado-convoca-chefe-da-secom-para-explicar-contratos-de-sua-empresa","status":"publish","type":"post","link":"https:\/\/wiy.com.br\/noticias\/senado-convoca-chefe-da-secom-para-explicar-contratos-de-sua-empresa\/","title":{"rendered":"Senado convoca chefe da Secom para explicar contratos de sua empresa"},"content":{"rendered":"<p> <br \/>\n<\/p>\n<p>Bras\u00edlia \u2014 O secret\u00e1rio de Comunica\u00e7\u00e3o Social da Presid\u00eancia, <strong>F\u00e1bio Wajngarten<\/strong>, foi convocado a comparecer no Senado para depor sobre a den\u00fancia de que a empresa da qual \u00e9 s\u00f3cio recebe dinheiro de emissoras de TV e de ag\u00eancias de publicidade contratadas pela pr\u00f3pria secretaria, minist\u00e9rios e estatais do governo de Jair Bolsonaro.<\/p>\n<p>O requerimento, apresentado pelo senador Randolfe Rodrigues (Rede-AP), foi aprovado pela Comiss\u00e3o de Fiscaliza\u00e7\u00e3o e Controle nesta ter\u00e7a-feira (03). A presen\u00e7a de Wajngarten \u00e9 obrigat\u00f3ria, mas ainda n\u00e3o h\u00e1 data marcada para o depoimento.<\/p>\n<p>A convoca\u00e7\u00e3o tem como base <a href=\"https:\/\/www1.folha.uol.com.br\/poder\/2020\/01\/entenda-a-polemica-sobre-o-chefe-da-secom-de-bolsonaro-fabio-wajngarten.shtml\" target=\"_blank\" rel=\"noopener noreferrer\">uma reportagem da Folha de S.Paulo, de janeiro,<\/a> que revelou que a FW, empresa que Wajngarten det\u00e9m 95% das cotas, fornece estudos de m\u00eddia para TVs e ag\u00eancias, incluindo mapas de anunciantes do mercado.<\/p>\n<div class=\"widget-news widget-box no-margin no-border\"><span class=\"widget-news-title content-box-title\">Veja tamb\u00e9m<\/span><\/p>\n<ul class=\"widget-news-list\">\n<li class=\"widget-news-item without-thumb with-border\">\n<div class=\"widget-news-info\"><a href=\"http:\/\/exame.abril.com.br\/brasil\">BRASIL<\/a><span class=\"widget-news-item-title\"><a href=\"https:\/\/exame.abril.com.br\/brasil\/bolsonaro-defende-chefe-da-secom-e-diz-que-vai-mante-lo-no-cargo\/\">Bolsonaro defende chefe da Secom: &#8220;Se for ilegal, a gente v\u00ea l\u00e1 na frente&#8221;<\/a><\/span><span class=\"widget-news-item-date\">16 jan 2020 &#8211; 16h01<\/span><\/div>\n<\/li>\n<\/ul>\n<\/div>\n<p>A reportagem confirmou contratos da FW com ao menos cinco empresas que recebem do governo, entre elas a Band e a Record.<\/p>\n<p>A pr\u00e1tica pode incorrer na lei de conflito de interesses, que veda o \u201cexerc\u00edcio de atividade que implique a presta\u00e7\u00e3o de servi\u00e7os ou a manuten\u00e7\u00e3o de rela\u00e7\u00e3o de neg\u00f3cio com pessoa f\u00edsica ou jur\u00eddica que tenha interesse na decis\u00e3o do agente p\u00fablico\u201d.<\/p>\n<p>A Pol\u00edcia Federal e a Comiss\u00e3o de \u00c9tica da Presid\u00eancia abriram inqu\u00e9ritos para apurar o envolvimento de Wajngarten com ilegalidades, como pr\u00e1ticas de corrup\u00e7\u00e3o passiva, peculato e advocacia administrativa (patroc\u00ednio de interesses privados na administra\u00e7\u00e3o p\u00fablica).<\/p>\n<p><br \/>\n<br \/><a href=\"https:\/\/exame.abril.com.br\/brasil\/senado-convoca-chefe-da-secom-para-explicar-contratos-de-sua-empresa\/\">Fonte do artigo <\/a><br \/>\nTags:<br \/>\n#politica #political #negocios #business #marketingdigital #empreendedorismo #marketing #emprendedores #empreender #sucesso #empresas #emprendimiento #emprendedor #empreendedor #emprender #dinheiro #dinero #empresario #vendas #liderazgo #motivacion #foco #motivacao #negocio #brasil<\/p>\n","protected":false},"excerpt":{"rendered":"<p>Bras\u00edlia \u2014 O secret\u00e1rio de Comunica\u00e7\u00e3o Social da Presid\u00eancia, F\u00e1bio Wajngarten, foi convocado a comparecer no Senado para depor sobre a den\u00fancia de que a empresa da qual \u00e9 s\u00f3cio recebe dinheiro de emissoras de TV e de ag\u00eancias de publicidade contratadas pela pr\u00f3pria secretaria, minist\u00e9rios e estatais do governo de Jair Bolsonaro. O requerimento, [&hellip;]<\/p>\n","protected":false},"author":1,"featured_media":42430,"comment_status":"open","ping_status":"open","sticky":false,"template":"","format":"standard","meta":{"footnotes":""},"categories":[1],"tags":[],"class_list":["post-44946","post","type-post","status-publish","format-standard","has-post-thumbnail","hentry","category-curso-de-copy"],"_links":{"self":[{"href":"https:\/\/wiy.com.br\/noticias\/wp-json\/wp\/v2\/posts\/44946","targetHints":{"allow":["GET"]}}],"collection":[{"href":"https:\/\/wiy.com.br\/noticias\/wp-json\/wp\/v2\/posts"}],"about":[{"href":"https:\/\/wiy.com.br\/noticias\/wp-json\/wp\/v2\/types\/post"}],"author":[{"embeddable":true,"href":"https:\/\/wiy.com.br\/noticias\/wp-json\/wp\/v2\/users\/1"}],"replies":[{"embeddable":true,"href":"https:\/\/wiy.com.br\/noticias\/wp-json\/wp\/v2\/comments?post=44946"}],"version-history":[{"count":0,"href":"https:\/\/wiy.com.br\/noticias\/wp-json\/wp\/v2\/posts\/44946\/revisions"}],"wp:featuredmedia":[{"embeddable":true,"href":"https:\/\/wiy.com.br\/noticias\/wp-json\/wp\/v2\/media\/42430"}],"wp:attachment":[{"href":"https:\/\/wiy.com.br\/noticias\/wp-json\/wp\/v2\/media?parent=44946"}],"wp:term":[{"taxonomy":"category","embeddable":true,"href":"https:\/\/wiy.com.br\/noticias\/wp-json\/wp\/v2\/categories?post=44946"},{"taxonomy":"post_tag","embeddable":true,"href":"https:\/\/wiy.com.br\/noticias\/wp-json\/wp\/v2\/tags?post=44946"}],"curies":[{"name":"wp","href":"https:\/\/api.w.org\/{rel}","templated":true}]}}