{"id":44619,"date":"2023-02-26T15:40:00","date_gmt":"2023-02-26T18:40:00","guid":{"rendered":"https:\/\/wiy.com.br\/noticias\/mdb-confirma-filiacao-de-datena-mas-mantem-duvida-sobre-candidatura\/"},"modified":"2020-02-27T16:46:57","modified_gmt":"2020-02-27T19:46:57","slug":"mdb-confirma-filiacao-de-datena-mas-mantem-duvida-sobre-candidatura","status":"publish","type":"post","link":"https:\/\/wiy.com.br\/noticias\/mdb-confirma-filiacao-de-datena-mas-mantem-duvida-sobre-candidatura\/","title":{"rendered":"MDB confirma filia\u00e7\u00e3o de Datena, mas mant\u00e9m d\u00favida sobre candidatura"},"content":{"rendered":"<p> <br \/>\n<\/p>\n<p><span>O MDB confirmou para quarta-feira, 4, em Bras\u00edlia, a filia\u00e7\u00e3o do apresentador <strong>Jos\u00e9 Luiz Datena<\/strong> ao partido. A ideia \u00e9 fazer um ato discreto na lideran\u00e7a do <strong><a href=\"https:\/\/exame.abril.com.br\/noticias-sobre\/pmdb\/\">MDB<\/a><\/strong> na C\u00e2mara. A data foi antecipada pela Coluna do Estad\u00e3o nesta quinta-feira, 27.<\/span><\/p>\n<p><span>O MDB ser\u00e1 o quarto partido ao qual o apresentador ter\u00e1 se filiado. Datena integrou o PT por 13 anos, depois passou pelo PP e PRP. Nas duas \u00faltimas legendas, ensaiou projetos de disputar a prefeitura de S\u00e3o Paulo, mas acabou desistindo.<\/span><\/p>\n<p><span>A ida de Datena para o MDB foi articulada pelo presidente da sigla, o deputado Baleia Rossi (SP), mas teve a chancela do presidente da C\u00e2mara, Rodrigo Maia (DEM-RJ). Maia e Rossi devem ser as principais autoridades presentes no ato de filia\u00e7\u00e3o.<\/span><\/p>\n<p><span>At\u00e9 duas semanas atr\u00e1s, o presidente da Federa\u00e7\u00e3o das Ind\u00fastrias de S\u00e3o Paulo (Fiesp), Paulo Skaf, estava \u00e0 frente das negocia\u00e7\u00f5es para que Datena se filiasse ao MDB e concorresse \u00e0 prefeitura pelo partido com apoio do presidente Jair Bolsonaro. Skaf \u00e9 um dos organizadores do Alian\u00e7a pelo Brasil em S\u00e3o Paulo.<\/span><\/p>\n<p><span>Em entrevista ao Estado, no entanto, Datena procurou se afastar de Bolsonaro e disse que pode ser candidato a vice do prefeito Bruno Covas (PSDB), com apoio do governador Jo\u00e3o Doria (PSDB).<\/span><\/p>\n<p><span>&#8220;O meu compromisso seria com o Bruno (Covas), que \u00e9 um cara que desenvolvi uma amizade muito r\u00e1pida. Ele \u00e9 um bom cara. N\u00f3s n\u00e3o avan\u00e7amos, mas \u00e9 uma possibilidade. A maior probabilidade \u00e9 de que eu saia candidato pelo MDB. Vou me filiar ap\u00f3s o carnaval&#8221;, disse ele, \u00e0 \u00e9poca.<\/span><\/p>\n<p><span>Embora seja cotado para vice de Covas, Datena tem dito a interlocutores que seu foco pol\u00edtico est\u00e1 nas elei\u00e7\u00f5es de 2022, quando pretende disputar o Senado ou o governo de S\u00e3o Paulo.<\/span><\/p>\n<p><br \/>\n<br \/><a href=\"https:\/\/exame.abril.com.br\/brasil\/mdb-confirma-filiacao-de-datena-mas-mantem-duvida-sobre-candidatura\/\">Fonte do artigo <\/a><br \/>\nTags:<br \/>\n#politica #political #negocios #business #marketingdigital #empreendedorismo #marketing #emprendedores #empreender #sucesso #empresas #emprendimiento #emprendedor #empreendedor #emprender #dinheiro #dinero #empresario #vendas #liderazgo #motivacion #foco #motivacao #negocio #brasil<\/p>\n","protected":false},"excerpt":{"rendered":"<p>O MDB confirmou para quarta-feira, 4, em Bras\u00edlia, a filia\u00e7\u00e3o do apresentador Jos\u00e9 Luiz Datena ao partido. A ideia \u00e9 fazer um ato discreto na lideran\u00e7a do MDB na C\u00e2mara. A data foi antecipada pela Coluna do Estad\u00e3o nesta quinta-feira, 27. O MDB ser\u00e1 o quarto partido ao qual o apresentador ter\u00e1 se filiado. Datena [&hellip;]<\/p>\n","protected":false},"author":1,"featured_media":44620,"comment_status":"open","ping_status":"open","sticky":false,"template":"","format":"standard","meta":{"footnotes":""},"categories":[1],"tags":[],"class_list":["post-44619","post","type-post","status-publish","format-standard","has-post-thumbnail","hentry","category-curso-de-copy"],"_links":{"self":[{"href":"https:\/\/wiy.com.br\/noticias\/wp-json\/wp\/v2\/posts\/44619","targetHints":{"allow":["GET"]}}],"collection":[{"href":"https:\/\/wiy.com.br\/noticias\/wp-json\/wp\/v2\/posts"}],"about":[{"href":"https:\/\/wiy.com.br\/noticias\/wp-json\/wp\/v2\/types\/post"}],"author":[{"embeddable":true,"href":"https:\/\/wiy.com.br\/noticias\/wp-json\/wp\/v2\/users\/1"}],"replies":[{"embeddable":true,"href":"https:\/\/wiy.com.br\/noticias\/wp-json\/wp\/v2\/comments?post=44619"}],"version-history":[{"count":0,"href":"https:\/\/wiy.com.br\/noticias\/wp-json\/wp\/v2\/posts\/44619\/revisions"}],"wp:featuredmedia":[{"embeddable":true,"href":"https:\/\/wiy.com.br\/noticias\/wp-json\/wp\/v2\/media\/44620"}],"wp:attachment":[{"href":"https:\/\/wiy.com.br\/noticias\/wp-json\/wp\/v2\/media?parent=44619"}],"wp:term":[{"taxonomy":"category","embeddable":true,"href":"https:\/\/wiy.com.br\/noticias\/wp-json\/wp\/v2\/categories?post=44619"},{"taxonomy":"post_tag","embeddable":true,"href":"https:\/\/wiy.com.br\/noticias\/wp-json\/wp\/v2\/tags?post=44619"}],"curies":[{"name":"wp","href":"https:\/\/api.w.org\/{rel}","templated":true}]}}