{"id":4430,"date":"2023-02-26T15:19:26","date_gmt":"2023-02-26T18:19:26","guid":{"rendered":"https:\/\/wiy.com.br\/noticias\/morre-goleiro-gordon-banks-da-maior-defesa-da-historia\/"},"modified":"2019-02-12T09:11:55","modified_gmt":"2019-02-12T11:11:55","slug":"morre-goleiro-gordon-banks-da-maior-defesa-da-historia","status":"publish","type":"post","link":"https:\/\/wiy.com.br\/noticias\/morre-goleiro-gordon-banks-da-maior-defesa-da-historia\/","title":{"rendered":"Morre goleiro Gordon Banks, da \u201cMaior Defesa da Hist\u00f3ria\u201d"},"content":{"rendered":"<p> <br \/>\n<\/p>\n<p>Londres &#8211; Gordon Banks, goleiro da Inglaterra que participou da conquista da Copa do Mundo de 1966, morreu nesta ter\u00e7a-feira aos 81 anos.<\/p>\n<p>&#8220;Com muito pesar anunciamos que Gordon faleceu pacificamente esta noite&#8221;, comunicou a fam\u00edlia do goleiro ingl\u00eas.<\/p>\n<p>&#8220;Estamos devastados com a sua perda, mas temos muitas boas recorda\u00e7\u00f5es e n\u00e3o poder\u00edamos estar mais orgulhosos dele&#8221;, acrescentou a fam\u00edlia.<\/p>\n<p>Banks foi um dos integrantes da sele\u00e7\u00e3o inglesa que venceu a Copa do Mundo de 1966 disputada na Inglaterra, o \u00fanico grande trof\u00e9u internacional conquistado pelos inventores do futebol.<\/p>\n<p>Um de seus momentos mais conhecidos \u00e9 a defesa da cabe\u00e7ada de Pel\u00e9 durante a Copa de 1970, considerada a &#8220;Maior Defesa da Hist\u00f3ria do Futebol&#8221;.<\/p>\n<p>Banks participou de 73 jogos com a Inglaterra e ao longo de sua carreira defendeu as cores do Chesterfield, do Leicester e do Stoke City.<\/p>\n<p>Em 1972, Banks sofreu um acidente de tr\u00e2nsito que o fez perder a vis\u00e3o no olho direito e, com isso, encerrou sua carreira profissional. EFE<\/p>\n<p><br \/>\n<br \/><a href=\"https:\/\/exame.abril.com.br\/estilo-de-vida\/morre-goleiro-gordon-banks-da-maior-defesa-da-historia\/\">Source link <\/a><\/p>\n","protected":false},"excerpt":{"rendered":"<p>Londres &#8211; Gordon Banks, goleiro da Inglaterra que participou da conquista da Copa do Mundo de 1966, morreu nesta ter\u00e7a-feira aos 81 anos. &#8220;Com muito pesar anunciamos que Gordon faleceu pacificamente esta noite&#8221;, comunicou a fam\u00edlia do goleiro ingl\u00eas. &#8220;Estamos devastados com a sua perda, mas temos muitas boas recorda\u00e7\u00f5es e n\u00e3o poder\u00edamos estar mais [&hellip;]<\/p>\n","protected":false},"author":1,"featured_media":4431,"comment_status":"open","ping_status":"open","sticky":false,"template":"","format":"standard","meta":{"footnotes":""},"categories":[337],"tags":[],"class_list":["post-4430","post","type-post","status-publish","format-standard","has-post-thumbnail","hentry","category-noticias"],"_links":{"self":[{"href":"https:\/\/wiy.com.br\/noticias\/wp-json\/wp\/v2\/posts\/4430","targetHints":{"allow":["GET"]}}],"collection":[{"href":"https:\/\/wiy.com.br\/noticias\/wp-json\/wp\/v2\/posts"}],"about":[{"href":"https:\/\/wiy.com.br\/noticias\/wp-json\/wp\/v2\/types\/post"}],"author":[{"embeddable":true,"href":"https:\/\/wiy.com.br\/noticias\/wp-json\/wp\/v2\/users\/1"}],"replies":[{"embeddable":true,"href":"https:\/\/wiy.com.br\/noticias\/wp-json\/wp\/v2\/comments?post=4430"}],"version-history":[{"count":0,"href":"https:\/\/wiy.com.br\/noticias\/wp-json\/wp\/v2\/posts\/4430\/revisions"}],"wp:featuredmedia":[{"embeddable":true,"href":"https:\/\/wiy.com.br\/noticias\/wp-json\/wp\/v2\/media\/4431"}],"wp:attachment":[{"href":"https:\/\/wiy.com.br\/noticias\/wp-json\/wp\/v2\/media?parent=4430"}],"wp:term":[{"taxonomy":"category","embeddable":true,"href":"https:\/\/wiy.com.br\/noticias\/wp-json\/wp\/v2\/categories?post=4430"},{"taxonomy":"post_tag","embeddable":true,"href":"https:\/\/wiy.com.br\/noticias\/wp-json\/wp\/v2\/tags?post=4430"}],"curies":[{"name":"wp","href":"https:\/\/api.w.org\/{rel}","templated":true}]}}