{"id":44009,"date":"2023-02-26T15:31:14","date_gmt":"2023-02-26T18:31:14","guid":{"rendered":"https:\/\/wiy.com.br\/noticias\/jeff-bezos-doa-us-10-bilhoes-para-combater-mudancas-climaticas\/"},"modified":"2020-02-18T21:22:55","modified_gmt":"2020-02-19T00:22:55","slug":"jeff-bezos-doa-us-10-bilhoes-para-combater-mudancas-climaticas","status":"publish","type":"post","link":"https:\/\/wiy.com.br\/noticias\/jeff-bezos-doa-us-10-bilhoes-para-combater-mudancas-climaticas\/","title":{"rendered":"Jeff Bezos doa US$ 10 bilh\u00f5es para combater mudan\u00e7as clim\u00e1ticas"},"content":{"rendered":"<p> <br \/>\n<br \/><img title = \"[Tags]\"alt = \"20190401094322_860_645_-_jeff_bezos Jeff Bezos doa US$ 10 bilh\u00f5es para combater mudan\u00e7as clim\u00e1ticas\"decoding=\"async\" align=\"left\" hspace=\"8\" src=\"https:\/\/img.olhardigital.com.br\/uploads\/acervo_imagens\/2019\/04\/r4x3\/20190401094322_860_645_-_jeff_bezos.jpg\"><\/p>\n<p>O fundador e CEO da&nbsp;<a href=\"https:\/\/cms-preview.olhardigital.com.br\/noticia\/pacote-da-amazon-prende-mulher-em-casa-veja-o-video\/96897\" target=\"_blank\" rel=\"noopener noreferrer\">Amazon<\/a>,&nbsp;<a href=\"https:\/\/olhardigital.com.br\/noticia\/bezos-e-processado-por-difamacao-pelo-proprio-cunhado\/96313\" target=\"_blank\" rel=\"noopener noreferrer\">Jeff Bezos<\/a>, anunciou nesta segunda-feira (17) que far&aacute; uma doa&ccedil;&atilde;o de US$ 10 bilh&otilde;es para combater as&nbsp;<a href=\"https:\/\/cms-preview.olhardigital.com.br\/noticia\/onu-diz-que-e-nossa-ultima-chance-de-agir-contra-mudancas-climaticas\/93558\" target=\"_blank\" rel=\"noopener noreferrer\">mudan&ccedil;as clim&aacute;ticas<\/a>. O ato marca um dos maiores comprometimentos filantr&oacute;picos j&aacute; feitos por uma &uacute;nica pessoa, no que diz respeito ao desafio ambiental (ainda que seja a pessoa mais rica do mundo).<\/p>\n<p>&#8220;Esta iniciativa global financiar&aacute; cientistas, ativistas, ONGs &#8211; qualquer esfor&ccedil;o que ofere&ccedil;a uma possibilidade real de ajudar a preservar e proteger o mundo natural&#8221;, afirmou Bezos em uma publica&ccedil;&atilde;o no Instagram que revela o &lsquo;Bezos Earth Fund&rsquo;.<\/p>\n<p>O CEO tamb&eacute;m &eacute; dono do jornal&nbsp;<em>The Washington Post<\/em>&nbsp;e da&nbsp;<a href=\"https:\/\/cms-preview.olhardigital.com.br\/ciencia-e-espaco\/noticia\/blue-origin-se-une-a-outras-empresas-para-desenvolver-modulo-lunar\/91922\" target=\"_blank\" rel=\"noopener noreferrer\">Blue Origin<\/a>, empresa que desenvolve foguetes de uso comercial. A Amazon, fundada por ele em 1994, &eacute; avaliada atualmente em mais de US$ 1 trilh&atilde;o.<\/p>\n<blockquote class=\"instagram-media\" style=\"background: #FFF;border: 0;border-radius: 3px;margin: 1px;max-width: 540px;min-width: 326px;padding: 0\" data-instgrm-captioned=\"\" data-instgrm-permalink=\"https:\/\/www.instagram.com\/p\/B8rWKFnnQ5c\/?utm_source=ig_embed&amp;utm_campaign=loading\" data-instgrm-version=\"12\">\n<div style=\"padding: 16px\">\n<div style=\"flex-direction: row;align-items: center\">&nbsp;<\/div>\n<div style=\"padding: 19% 0\">&nbsp;<\/div>\n<div style=\"height: 50px;margin: 0 auto 12px;width: 50px\">&nbsp;<\/div>\n<div style=\"padding-top: 8px\">\n<div style=\"color: #3897f0;font-family: Arial,sans-serif;font-size: 14px;font-style: normal;font-weight: 550;line-height: 18px\">Ver essa foto no Instagram<\/div>\n<\/div>\n<p style=\"margin: 8px 0 0 0;padding: 0 4px\"><a style=\"color: #000;font-family: Arial,sans-serif;font-size: 14px;font-style: normal;font-weight: normal;line-height: 17px;text-decoration: none\" href=\"https:\/\/www.instagram.com\/p\/B8rWKFnnQ5c\/?utm_source=ig_embed&amp;utm_campaign=loading\" target=\"_blank\" rel=\"noopener noreferrer\">Today, I&rsquo;m thrilled to announce I am launching the Bezos Earth Fund.&acirc;\u00c2\u0081&pound;&acirc;\u00c2\u0081&pound;&acirc;\u00c2\u0081&pound; &acirc;\u00c2\u0081&pound;&acirc;\u00c2\u0081&pound;&acirc;\u00c2\u0081&pound; Climate change is the biggest threat to our planet. I want to work alongside others both to amplify known ways and to explore new ways of fighting the devastating impact of climate change on this planet we all share. This global initiative will fund scientists, activists, NGOs &mdash; any effort that offers a real possibility to help preserve and protect the natural world. We can save Earth. It&rsquo;s going to take collective action from big companies, small companies, nation states, global organizations, and individuals. &acirc;\u00c2\u0081&pound;&acirc;\u00c2\u0081&pound;&acirc;\u00c2\u0081&pound; &acirc;\u00c2\u0081&pound;&acirc;\u00c2\u0081&pound;&acirc;\u00c2\u0081&pound; I&rsquo;m committing $10 billion to start and will begin issuing grants this summer. Earth is the one thing we all have in common &mdash; let&rsquo;s protect it, together.&acirc;\u00c2\u0081&pound;&acirc;\u00c2\u0081&pound;&acirc;\u00c2\u0081&pound; &acirc;\u00c2\u0081&pound;&acirc;\u00c2\u0081&pound;&acirc;\u00c2\u0081&pound; &#8211; Jeff<\/a><\/p>\n<p style=\"color: #c9c8cd;font-family: Arial,sans-serif;font-size: 14px;line-height: 17px;margin-bottom: 0;margin-top: 8px;overflow: hidden;padding: 8px 0 7px;text-align: center\">Uma publica&ccedil;&atilde;o compartilhada por <a style=\"color: #c9c8cd;font-family: Arial,sans-serif;font-size: 14px;font-style: normal;font-weight: normal;line-height: 17px\" href=\"https:\/\/www.instagram.com\/jeffbezos\/?utm_source=ig_embed&amp;utm_campaign=loading\" target=\"_blank\" rel=\"noopener noreferrer\"> Jeff Bezos<\/a> (@jeffbezos) em17 de Fev, 2020 &agrave;s 10:00 PST<\/p>\n<\/div>\n<\/blockquote>\n<p>Ao que tudo indica, o dinheiro ser&aacute; doado a pesquisadores e grupos de defesa, em vez de investi-los em&nbsp;<a href=\"https:\/\/cms-preview.olhardigital.com.br\/ciencia-e-espaco\/noticia\/startup-armazena-energia-eolica-e-solar-usando-a-gravidade\/96825\" target=\"_blank\" rel=\"noopener noreferrer\">startups<\/a>&nbsp;ou outros empreendimentos com fins lucrativos que lidam com as mudan&ccedil;as clim&aacute;ticas. Todo o valor sair&aacute; de sua fortuna pessoal, que gira em torno de US$ 131 bilh&otilde;es, e n&atilde;o dos cofres da Amazon.<\/p>\n<p>O impacto desses fundos depender&aacute; diretamente da forma como o dinheiro ser&aacute; aplicado. Bezos disse que come&ccedil;ar&aacute; a emitir doa&ccedil;&otilde;es em junho, mas n&atilde;o forneceu detalhes adicionais sobre as &aacute;reas espec&iacute;ficas em que pretende se concentrar.<\/p>\n<p>Bezos havia sido criticado recentemente por conta de sua doa&ccedil;&atilde;o de &#8220;apenas&#8221; US$ 690 mil para ajudar nos combates aos inc&ecirc;ndios na Austr&aacute;lia. O valor equivale ao que o CEO ganhou a cada cinco minutos em 2018. Uma atitude mais firme do presidente da Amazon em quest&otilde;es filantr&oacute;picas pode ter sido motivada pela cobran&ccedil;a dos pr&oacute;prios funcion&aacute;rios da companhia, ativistas e especialistas.<\/p>\n<p>Apesar da a&ccedil;&atilde;o ser aparentemente positiva, ela foi criticada por conta das condi&ccedil;&otilde;es de trabalho nos galp&otilde;es da Amazon. Segundo o escritor James Bloodworth, autor de uma investiga&ccedil;&atilde;o dos centros de distribui&ccedil;&atilde;o da empresa, &#8220;h&aacute; relatos cr&iacute;veis de funcion&aacute;rios de galp&otilde;es da Amazon que moram em tendas porque n&atilde;o conseguem bancar um aluguel com seus sal&aacute;rios&#8221;.<\/p>\n<p>Via: <em><a href=\"https:\/\/www.bbc.com\/portuguese\/geral-51542678\" target=\"_blank\" rel=\"noopener noreferrer\">BBC Brasil<\/a><\/em><\/p>\n<p><script async defer src=\"http:\/\/platform.instagram.com\/en_US\/embeds.js\"><\/script><br \/>\n<br \/><br \/>\n<br \/><a href=\"https:\/\/olhardigital.com.br\/noticia\/jeff-bezos-doa-us-10-bilhoes-para-combater-mudancas-climaticas\/96963\">Fonte do Artigo <\/a><br \/>\nTags:<\/p>\n<p><a href=\"https:\/\/wiy.com.br\/noticias\/categoria\/tecnologia\/\">#tecnologia<\/a> <a href=\"https:\/\/wiy.com.br\/noticias\/categoria\/tecnologia\/\">#tecnologias<\/a> <a href=\"https:\/\/wiy.com.br\/noticias\/categoria\/tecnologia\/\">#technology<\/a> <a href=\"https:\/\/wiy.com.br\/noticias\/categoria\/tecnologia\/\">#tecnolog<\/a> <a href=\"https:\/\/wiy.com.br\/noticias\/categoria\/tecnologia\/\">#iphone<\/a> <a href=\"https:\/\/wiy.com.br\/noticias\/categoria\/tecnologia\/\">#informatica<\/a> <a href=\"https:\/\/wiy.com.br\/noticias\/categoria\/tecnologia\/\">#tech<\/a> <a href=\"https:\/\/wiy.com.br\/noticias\/categoria\/tecnologia\/\">#design<\/a> <a href=\"https:\/\/wiy.com.br\/noticias\/categoria\/tecnologia\/\">#samsung<\/a> <a href=\"https:\/\/wiy.com.br\/noticias\/categoria\/tecnologia\/\">#internet<\/a> <a href=\"https:\/\/wiy.com.br\/noticias\/categoria\/tecnologia\/\">#apple<\/a> <a href=\"https:\/\/wiy.com.br\/noticias\/categoria\/tecnologia\/\">#smartphone<\/a> <a href=\"https:\/\/wiy.com.br\/noticias\/categoria\/tecnologia\/\">#seguranca<\/a> <a href=\"https:\/\/wiy.com.br\/noticias\/categoria\/tecnologia\/\">#venezuela<\/a> <a href=\"https:\/\/wiy.com.br\/noticias\/categoria\/tecnologia\/\">#celular<\/a> <a href=\"https:\/\/wiy.com.br\/noticias\/categoria\/tecnologia\/\">#celulares<\/a> <a href=\"https:\/\/wiy.com.br\/noticias\/categoria\/tecnologia\/\">#inovar<\/a> <a href=\"https:\/\/wiy.com.br\/noticias\/categoria\/tecnologia\/\">#qualidade<\/a> <a href=\"https:\/\/wiy.com.br\/noticias\/categoria\/tecnologia\/\">#software<\/a> <a href=\"https:\/\/wiy.com.br\/noticias\/categoria\/tecnologia\/\">#empresas<\/a> <a href=\"https:\/\/wiy.com.br\/noticias\/categoria\/tecnologia\/\">#cursos<\/a> <a href=\"https:\/\/wiy.com.br\/noticias\/categoria\/tecnologia\/\">#engenharia<\/a> <a href=\"https:\/\/wiy.com.br\/noticias\/categoria\/tecnologia\/\">#industria<\/a> <a href=\"https:\/\/wiy.com.br\/noticias\/categoria\/tecnologia\/\">#marketing<\/a> <a href=\"https:\/\/wiy.com.br\/noticias\/categoria\/tecnologia\/\">#ti<\/a> <a href=\"https:\/\/wiy.com.br\/noticias\/categoria\/tecnologia\/\">#tecnoblog<\/a> <a href=\"https:\/\/wiy.com.br\/noticias\/categoria\/tecnologia\/\">#veja<\/a> <a href=\"https:\/\/wiy.com.br\/noticias\/categoria\/tecnologia\/\">#olhardigital<\/a> <a href=\"https:\/\/wiy.com.br\/noticias\/categoria\/tecnologia\/\">#mundodigital<\/a> <a href=\"https:\/\/wiy.com.br\/noticias\/categoria\/tecnologia\/\">#inteligenciaartificial<\/a> <a href=\"https:\/\/wiy.com.br\/criacao-de-sites\/\">#criar site<\/a> <a href=\"https:\/\/wiy.com.br\/criacao-de-sites\/\">#criar site curitiba<\/a> <a href=\"https:\/\/wiy.com.br\/criacao-de-sites\/\">#wiysolutions<\/a><\/p>\n","protected":false},"excerpt":{"rendered":"<p>O fundador e CEO da&nbsp;Amazon,&nbsp;Jeff Bezos, anunciou nesta segunda-feira (17) que far&aacute; uma doa&ccedil;&atilde;o de US$ 10 bilh&otilde;es para combater as&nbsp;mudan&ccedil;as clim&aacute;ticas. O ato marca um dos maiores comprometimentos filantr&oacute;picos j&aacute; feitos por uma &uacute;nica pessoa, no que diz respeito ao desafio ambiental (ainda que seja a pessoa mais rica do mundo). &#8220;Esta iniciativa global [&hellip;]<\/p>\n","protected":false},"author":1,"featured_media":44010,"comment_status":"open","ping_status":"open","sticky":false,"template":"","format":"standard","meta":{"footnotes":""},"categories":[5],"tags":[],"class_list":["post-44009","post","type-post","status-publish","format-standard","has-post-thumbnail","hentry","category-tecnologia"],"_links":{"self":[{"href":"https:\/\/wiy.com.br\/noticias\/wp-json\/wp\/v2\/posts\/44009","targetHints":{"allow":["GET"]}}],"collection":[{"href":"https:\/\/wiy.com.br\/noticias\/wp-json\/wp\/v2\/posts"}],"about":[{"href":"https:\/\/wiy.com.br\/noticias\/wp-json\/wp\/v2\/types\/post"}],"author":[{"embeddable":true,"href":"https:\/\/wiy.com.br\/noticias\/wp-json\/wp\/v2\/users\/1"}],"replies":[{"embeddable":true,"href":"https:\/\/wiy.com.br\/noticias\/wp-json\/wp\/v2\/comments?post=44009"}],"version-history":[{"count":0,"href":"https:\/\/wiy.com.br\/noticias\/wp-json\/wp\/v2\/posts\/44009\/revisions"}],"wp:featuredmedia":[{"embeddable":true,"href":"https:\/\/wiy.com.br\/noticias\/wp-json\/wp\/v2\/media\/44010"}],"wp:attachment":[{"href":"https:\/\/wiy.com.br\/noticias\/wp-json\/wp\/v2\/media?parent=44009"}],"wp:term":[{"taxonomy":"category","embeddable":true,"href":"https:\/\/wiy.com.br\/noticias\/wp-json\/wp\/v2\/categories?post=44009"},{"taxonomy":"post_tag","embeddable":true,"href":"https:\/\/wiy.com.br\/noticias\/wp-json\/wp\/v2\/tags?post=44009"}],"curies":[{"name":"wp","href":"https:\/\/api.w.org\/{rel}","templated":true}]}}