{"id":43838,"date":"2023-02-26T15:33:24","date_gmt":"2023-02-26T18:33:24","guid":{"rendered":"https:\/\/wiy.com.br\/noticias\/sem-horario-de-verao-celulares-atrasam-relogio-em-uma-hora\/"},"modified":"2020-02-16T13:11:12","modified_gmt":"2020-02-16T16:11:12","slug":"sem-horario-de-verao-celulares-atrasam-relogio-em-uma-hora","status":"publish","type":"post","link":"https:\/\/wiy.com.br\/noticias\/sem-horario-de-verao-celulares-atrasam-relogio-em-uma-hora\/","title":{"rendered":"Sem hor\u00e1rio de ver\u00e3o, celulares atrasam rel\u00f3gio em uma hora"},"content":{"rendered":"<p> <br \/>\n<\/p>\n<p><span>Mesmo com a extin\u00e7\u00e3o do <strong><a href=\"https:\/\/exame.abril.com.br\/noticias-sobre\/horario-de-verao\/\">hor\u00e1rio de ver\u00e3o<\/a><\/strong>, por meio de decreto do presidente Jair Bolsonaro em abril do ano passado, usu\u00e1rios do sistema Android voltaram a ser surpreendidos com a atualiza\u00e7\u00e3o equivocada de celulares que atrasaram rel\u00f3gio em uma hora automaticamente, na virada de s\u00e1bado, 15, para este domingo, 16.<\/span><\/p>\n<p><span><a href=\"https:\/\/exame.abril.com.br\/brasil\/no-dia-do-enem-celulares-adiantam-relogios-em-uma-hora\/\">Em outubro e novembro do ano passado<\/a>, o mesmo problema foi relatado por internautas nas redes sociais, quando hor\u00e1rio foi atualizado automaticamente pelas operadoras de telefonia, j\u00e1 que o hor\u00e1rio de ver\u00e3o come\u00e7ava tradicionalmente no terceiro fim de semana de outubro.<\/span><\/p>\n<p><span>Na \u00e9poca, em comunicado em blog, o Google explicou que &#8220;todas essas modifica\u00e7\u00f5es impactam diretamente no Banco de Dados Global da IANA (em portugu\u00eas, Autoridade para Atribui\u00e7\u00e3o de N\u00fameros de Internet), que \u00e9 utilizado por smartphones e dispositivos eletr\u00f4nicos para garantir que voc\u00ea esteja sempre na hora certa, onde quer que esteja. <\/span><\/p>\n<p><span>Na pr\u00e1tica, isso significa que alguns celulares possivelmente n\u00e3o tenham a informa\u00e7\u00e3o necess\u00e1ria para evitar que o rel\u00f3gio dos aparelhos seja alterado automaticamente como se o hor\u00e1rio de ver\u00e3o ainda estivesse valendo&#8221;.<\/span><\/p>\n<h3><span>Hor\u00e1rio de ver\u00e3o<\/span><\/h3>\n<p><span>Criado com o objetivo de economizar energia e aproveitar o maior per\u00edodo de luz solar durante os meses mais quentes do ano, quando os dias tamb\u00e9m s\u00e3o mais longos, o hor\u00e1rio de ver\u00e3o foi adotado no Brasil pela primeira vez em 1931 e implementada em car\u00e1ter permanente a partir de 2008 e come\u00e7aria no primeiro domingo do m\u00eas de novembro de cada ano, at\u00e9 domingo do m\u00eas de fevereiro do ano seguinte, em parte do territ\u00f3rio nacional. <\/span><\/p>\n<p><span>S\u00f3 haveria mudan\u00e7a em ano que houvesse coincid\u00eancia entre o domingo previsto para o t\u00e9rmino da hora de ver\u00e3o e o domingo de carnaval.<\/span><\/p>\n<p><span>Por meio de decreto do presidente Jair Bolsonaro, o hor\u00e1rio de ver\u00e3o foi extinto em abril do ano passado.<\/span><\/p>\n<p><span>De acordo com Bolsonaro, a decis\u00e3o de acabar com a medida foi tomada ap\u00f3s estudos que mostraram n\u00e3o haver mais raz\u00e3o do hor\u00e1rio de ver\u00e3o, em fun\u00e7\u00e3o das mudan\u00e7as no consumo de energia que ocorreram nos \u00faltimos anos.<\/span><\/p>\n<h3><span>Para corrigir o hor\u00e1rio<\/span><\/h3>\n<p><span>Entre no menu configura\u00e7\u00f5es, acesse gerenciamento geral ou outra op\u00e7\u00e3o para chegar at\u00e9 data e hora. Desative as op\u00e7\u00f5es: data e hora autom\u00e1ticas e fuso hor\u00e1rio autom\u00e1tico.<\/span><\/p>\n<p><br \/>\n<br \/><a href=\"https:\/\/exame.abril.com.br\/brasil\/sem-horario-de-verao-celulares-atrasam-relogio-em-uma-hora\/\">Fonte do artigo <\/a><br \/>\nTags:<br \/>\n#politica #political #negocios #business #marketingdigital #empreendedorismo #marketing #emprendedores #empreender #sucesso #empresas #emprendimiento #emprendedor #empreendedor #emprender #dinheiro #dinero #empresario #vendas #liderazgo #motivacion #foco #motivacao #negocio #brasil<\/p>\n","protected":false},"excerpt":{"rendered":"<p>Mesmo com a extin\u00e7\u00e3o do hor\u00e1rio de ver\u00e3o, por meio de decreto do presidente Jair Bolsonaro em abril do ano passado, usu\u00e1rios do sistema Android voltaram a ser surpreendidos com a atualiza\u00e7\u00e3o equivocada de celulares que atrasaram rel\u00f3gio em uma hora automaticamente, na virada de s\u00e1bado, 15, para este domingo, 16. Em outubro e novembro [&hellip;]<\/p>\n","protected":false},"author":1,"featured_media":34504,"comment_status":"open","ping_status":"open","sticky":false,"template":"","format":"standard","meta":{"footnotes":""},"categories":[1],"tags":[],"class_list":["post-43838","post","type-post","status-publish","format-standard","has-post-thumbnail","hentry","category-curso-de-copy"],"_links":{"self":[{"href":"https:\/\/wiy.com.br\/noticias\/wp-json\/wp\/v2\/posts\/43838","targetHints":{"allow":["GET"]}}],"collection":[{"href":"https:\/\/wiy.com.br\/noticias\/wp-json\/wp\/v2\/posts"}],"about":[{"href":"https:\/\/wiy.com.br\/noticias\/wp-json\/wp\/v2\/types\/post"}],"author":[{"embeddable":true,"href":"https:\/\/wiy.com.br\/noticias\/wp-json\/wp\/v2\/users\/1"}],"replies":[{"embeddable":true,"href":"https:\/\/wiy.com.br\/noticias\/wp-json\/wp\/v2\/comments?post=43838"}],"version-history":[{"count":0,"href":"https:\/\/wiy.com.br\/noticias\/wp-json\/wp\/v2\/posts\/43838\/revisions"}],"wp:featuredmedia":[{"embeddable":true,"href":"https:\/\/wiy.com.br\/noticias\/wp-json\/wp\/v2\/media\/34504"}],"wp:attachment":[{"href":"https:\/\/wiy.com.br\/noticias\/wp-json\/wp\/v2\/media?parent=43838"}],"wp:term":[{"taxonomy":"category","embeddable":true,"href":"https:\/\/wiy.com.br\/noticias\/wp-json\/wp\/v2\/categories?post=43838"},{"taxonomy":"post_tag","embeddable":true,"href":"https:\/\/wiy.com.br\/noticias\/wp-json\/wp\/v2\/tags?post=43838"}],"curies":[{"name":"wp","href":"https:\/\/api.w.org\/{rel}","templated":true}]}}