{"id":43761,"date":"2023-02-26T14:54:37","date_gmt":"2023-02-26T17:54:37","guid":{"rendered":"https:\/\/wiy.com.br\/noticias\/por-que-a-zona-do-euro-corre-risco-de-caminhar-para-uma-recessao\/"},"modified":"2020-02-14T18:55:13","modified_gmt":"2020-02-14T20:55:13","slug":"por-que-a-zona-do-euro-corre-risco-de-caminhar-para-uma-recessao","status":"publish","type":"post","link":"https:\/\/wiy.com.br\/noticias\/por-que-a-zona-do-euro-corre-risco-de-caminhar-para-uma-recessao\/","title":{"rendered":"Por que a zona do euro corre risco de caminhar para uma recess\u00e3o"},"content":{"rendered":"<p> <br \/>\n<\/p>\n<div id=\"\">\n<p>O crescimento econ\u00f4mico dos principais pa\u00edses da zona do <a href=\"https:\/\/veja.abril.com.br\/noticias-sobre\/euro\"><strong>euro<\/strong> <\/a>tem arrefecido. O <a href=\"https:\/\/veja.abril.com.br\/noticias-sobre\/pib\/\"><strong>Produto Interno Bruto (PIB)<\/strong><\/a> da regi\u00e3o, ajustado sazonalmente, registrou alta moderada de 0,1% durante o quarto trimestre de 2019, segundo a ag\u00eancia Eurostat. O valor \u00e9 comparado com os n\u00fameros do trimestre anterior, quando a expans\u00e3o foi de 0,3%. Nos \u00faltimos meses de 2019, pa\u00edses como Fran\u00e7a, segunda maior economia do bloco, e It\u00e1lia tiveram \u00edndices de crescimento contra\u00eddos, o que ligou o sinal de alerta de investidores.<\/p>\n<p>Maior economia do bloco, o PIB da <a href=\"https:\/\/veja.abril.com.br\/noticias-sobre\/alemanha\"><strong>Alemanha<\/strong><\/a> n\u00e3o foi muito melhor: o pa\u00eds produziu crescimento zero no quarto trimestre. O desempenho foi abaixo da alta de 0,2% vista entre julho e setembro. Alguns fatores podem explicar o declive. A produ\u00e7\u00e3o industrial do pa\u00eds tem se corro\u00eddo nos \u00faltimos tempos. Fora isso, a Alemanha tamb\u00e9m viu queda do consumo das fam\u00edlias e do pr\u00f3prio governo \u2013 o investimento em m\u00e1quinas e equipamentos foi abaixo do esperado.<\/p>\n<p>Mas a <a href=\"https:\/\/veja.abril.com.br\/noticias-sobre\/industria\"><strong>ind\u00fastria<\/strong><\/a> n\u00e3o perdeu for\u00e7a somente entre povos germ\u00e2nicos. Em 2019, a produ\u00e7\u00e3o industrial dos 19 pa\u00edses que comp\u00f5em a zona do euro caiu 4,1% em rela\u00e7\u00e3o ao ano anterior. Foi o desempenho mais fraco desde a turbul\u00eancia causada pela crise da d\u00edvida soberana entre 2009 e 2012. Apesar dos resultados estarem longe do crescimento ideal, analistas enxergam um alento. \u201cO resultado do PIB alem\u00e3o foi uma not\u00edcia boa. Havia a preocupa\u00e7\u00e3o de que o pa\u00eds pudesse entrar em recess\u00e3o\u201d, diz Pablo Spyer, diretor da corretora Mirae.<\/p>\n<p>N\u00e3o foi s\u00f3 a ind\u00fastria que declinou. Em dezembro, plena \u00e9poca festiva, as vendas do varejo da zona do euro ca\u00edram 1,6%. Foi a pior queda para um m\u00eas em uma d\u00e9cada. Analistas afirmam que o pior ainda n\u00e3o passou. \u201cA economia dos pa\u00edses da zona do euro continuar\u00e1 a flertar com a recess\u00e3o no primeiro semestre de 2020\u201d, disse o economista Andrew Kenningham, da Capital Economics, em nota. \u201cOs resultados de 2019 s\u00e3o frutos da crise comercial que tivemos no ano passado entre Estados Unidos e China, o que acabou trazendo at\u00e9 o receio de uma recess\u00e3o global\u201d, diz Mauriciano Cavalcante, diretor da corretora Ourominas.<\/p>\n<p><b>Efeito coronav\u00edrus<\/b><\/p>\n<p>O desempenho deve piorar ainda mais conforme forem divulgados dados referentes a 2020. Por causa da epidemia do novo <a href=\"https:\/\/veja.abril.com.br\/noticias-sobre\/coronavirus\"><strong>coronav\u00edrus<\/strong><\/a>, as bolsas mundo afora perderam robustez. A crise na economia chinesa deve impactar n\u00e3o apenas os pa\u00edses emergentes, como ter\u00e1 reflexos na zona do euro. Montadoras de autom\u00f3veis europeias j\u00e1 demonstram preocupa\u00e7\u00e3o diante da falta de componentes causada pela paralisa\u00e7\u00e3o de f\u00e1bricas na China. O impacto tamb\u00e9m ser\u00e1 sentido nas exporta\u00e7\u00f5es e no mercado tur\u00edstico alem\u00e3o. Segundo proje\u00e7\u00f5es do Deutsche Bank, o surto do coronav\u00edrus deve gerar um decl\u00ednio de 0,2 ponto percentual do crescimento do primeiro trimestre da zona do euro, com perdas significativas em volume de exporta\u00e7\u00f5es de pa\u00edses como Alemanha, Fran\u00e7a, It\u00e1lia e Espanha. Uma recess\u00e3o t\u00e9cnica j\u00e1 \u00e9 realidade.<\/p>\n<\/p><\/div>\n<p><br \/>\n<br \/><a href=\"https:\/\/veja.abril.com.br\/economia\/por-que-a-zona-do-euro-corre-risco-de-caminhar-para-uma-recessao\/\">Fonte do Artigo<\/a><br \/>\nTags: <\/p>\n<p><a title=\"IBJE\" href=\"https:\/\/ibge.gov.br\/\">#IBJE<\/a> <a title=\"FGV\" href=\"https:\/\/portal.fgv.br\/\">#FGV<\/a> <a title=\"LOTOFACIL\" href=\"http:\/\/loterias.caixa.gov.br\/wps\/portal\/loterias\/landing\/lotofacil\/\">#LOTOFACIL<\/a> <a title=\"TINDER\" href=\"https:\/\/tinder.com\/?lang=pt-BR\">#TINDER<\/a> <a title=\"GMAILGOOGLE\" href=\"https:\/\/mail.google.com\">#GMAILGOOGLE<\/a> <a title=\"TIKTOK\" href=\"https:\/\/www.tiktok.com\/pt_BR\/\">#TIKTOK<\/a><\/p>\n","protected":false},"excerpt":{"rendered":"<p>O crescimento econ\u00f4mico dos principais pa\u00edses da zona do euro tem arrefecido. O Produto Interno Bruto (PIB) da regi\u00e3o, ajustado sazonalmente, registrou alta moderada de 0,1% durante o quarto trimestre de 2019, segundo a ag\u00eancia Eurostat. O valor \u00e9 comparado com os n\u00fameros do trimestre anterior, quando a expans\u00e3o foi de 0,3%. Nos \u00faltimos meses [&hellip;]<\/p>\n","protected":false},"author":1,"featured_media":43762,"comment_status":"open","ping_status":"open","sticky":false,"template":"","format":"standard","meta":{"footnotes":""},"categories":[7],"tags":[],"class_list":["post-43761","post","type-post","status-publish","format-standard","has-post-thumbnail","hentry","category-economia"],"_links":{"self":[{"href":"https:\/\/wiy.com.br\/noticias\/wp-json\/wp\/v2\/posts\/43761","targetHints":{"allow":["GET"]}}],"collection":[{"href":"https:\/\/wiy.com.br\/noticias\/wp-json\/wp\/v2\/posts"}],"about":[{"href":"https:\/\/wiy.com.br\/noticias\/wp-json\/wp\/v2\/types\/post"}],"author":[{"embeddable":true,"href":"https:\/\/wiy.com.br\/noticias\/wp-json\/wp\/v2\/users\/1"}],"replies":[{"embeddable":true,"href":"https:\/\/wiy.com.br\/noticias\/wp-json\/wp\/v2\/comments?post=43761"}],"version-history":[{"count":0,"href":"https:\/\/wiy.com.br\/noticias\/wp-json\/wp\/v2\/posts\/43761\/revisions"}],"wp:featuredmedia":[{"embeddable":true,"href":"https:\/\/wiy.com.br\/noticias\/wp-json\/wp\/v2\/media\/43762"}],"wp:attachment":[{"href":"https:\/\/wiy.com.br\/noticias\/wp-json\/wp\/v2\/media?parent=43761"}],"wp:term":[{"taxonomy":"category","embeddable":true,"href":"https:\/\/wiy.com.br\/noticias\/wp-json\/wp\/v2\/categories?post=43761"},{"taxonomy":"post_tag","embeddable":true,"href":"https:\/\/wiy.com.br\/noticias\/wp-json\/wp\/v2\/tags?post=43761"}],"curies":[{"name":"wp","href":"https:\/\/api.w.org\/{rel}","templated":true}]}}