{"id":43756,"date":"2023-02-26T15:44:22","date_gmt":"2023-02-26T18:44:22","guid":{"rendered":"https:\/\/wiy.com.br\/noticias\/para-a-natura-momento-e-de-ganhar-mercado-dos-concorrentes\/"},"modified":"2020-02-14T18:15:06","modified_gmt":"2020-02-14T20:15:06","slug":"para-a-natura-momento-e-de-ganhar-mercado-dos-concorrentes","status":"publish","type":"post","link":"https:\/\/wiy.com.br\/noticias\/para-a-natura-momento-e-de-ganhar-mercado-dos-concorrentes\/","title":{"rendered":"Para a Natura, momento \u00e9 de ganhar mercado dos concorrentes"},"content":{"rendered":"<p> <br \/>\n<\/p>\n<p>O momento econ\u00f4mico mundial, com incertezas de todos os lados, faz com que a <strong><a href=\"https:\/\/exame.abril.com.br\/noticias-sobre\/natura\/\">Natura &amp;Co<\/a><\/strong>, quarto maior grupo de beleza do mundo, busque formas de crescer ganhando participa\u00e7\u00e3o de mercado dos concorrentes, j\u00e1 que o crescimento da economia pode demorar. Dono das marcas Natura, The Body Shop, Aesop e Avon, o grupo tem faturamento de 10,9 bilh\u00f5es de d\u00f3lares e est\u00e1 presente em 100 pa\u00edses, com mais de 6,3 milh\u00f5es de consultoras ou representantes.<\/p>\n<p>No Brasil, a postura \u00e9 de um \u201cotimismo cauteloso\u201d, nas palavras de Jo\u00e3o Paulo Ferreira, presidente da companhia na Am\u00e9rica Latina. \u201cO mercado de <strong><a href=\"https:\/\/exame.abril.com.br\/noticias-sobre\/beleza\/\">beleza<\/a> <\/strong>depende muito de renda dispon\u00edvel, que por sua vez depende muito do aumento da ocupa\u00e7\u00e3o. Isso tem caminhado na dire\u00e7\u00e3o certa, s\u00f3 que n\u00e3o tem sido r\u00e1pido. Tenho a expectativa de que o mercado de beleza ir\u00e1 crescer no Brasil este ano, mais do que no ano passado, mas estamos longe dos anos 2000 quando crescia-se 20%\u201d, afirmou em evento promovido pela Amcham (C\u00e2mara Americana de Com\u00e9rcio) nesta sexta-feira.<\/p>\n<p>No cen\u00e1rio global, as incertezas geradas por coronav\u00edrus e Brexit nublam as previs\u00f5es econ\u00f4micas. \u201cTivemos o Chile em convuls\u00e3o h\u00e1 poucos meses, o M\u00e9xico com o governo que ainda n\u00e3o promoveu crescimento econ\u00f4mico, a Inglaterra passando pelo Brexit e coronav\u00edrus na \u00c1sia\u201d, elencou o executivo. \u201c\u00c9 o momento para buscar inova\u00e7\u00e3o, diferencia\u00e7\u00e3o e ousadia para crescer e tomar mercado da concorr\u00eancia, porque o crescimento do mercado n\u00e3o vir\u00e1 t\u00e3o cedo\u201d, disse.<\/p>\n<p>Para vencer as inseguran\u00e7as, uma vantagem da companhia nessa disputa \u00e9 o alcance global de suas opera\u00e7\u00f5es. \u201cTemos laborat\u00f3rios no mundo todo, que funcionam como antenas e radares em toda ind\u00fastria cosm\u00e9tica. Temos trabalhado para usar as plataformas de pesquisa e desenvolvimento de cada uma das empresas do grupo para acelerar o ciclo de inova\u00e7\u00e3o da companhia como um todo\u201d, afirmou.<\/p>\n<p>Dentre as estrat\u00e9gias da empresa para inovar e ganhar mercado est\u00e1 o uso de metodologias para agilizar projetos e encurtar o ciclo de inova\u00e7\u00e3o. \u201cEstamos trabalhando com <em>squads<\/em> [equipes multidisciplinares] para poder ter melhor entendimento das necessidades do cliente e reagir mais r\u00e1pido a elas\u201d, afirmou. Outra frente de trabalho est\u00e1 em melhorar os canais digitais para aprofundar o relacionamento da empresa com seus consultores e clientes.<\/p>\n<div class=\"widget-news widget-box no-margin no-border\"><span class=\"widget-news-title content-box-title\">Veja tamb\u00e9m<\/span><\/p>\n<ul class=\"widget-news-list\">\n<li class=\"widget-news-item without-thumb with-border\">\n<div class=\"widget-news-info\"><a href=\"http:\/\/exame.abril.com.br\/negocios\">NEG\u00d3CIOS<\/a><span class=\"widget-news-item-title\"><a href=\"https:\/\/exame.abril.com.br\/negocios\/os-primeiros-passos-na-integracao-entre-avon-e-natura\/\">Os primeiros passos na integra\u00e7\u00e3o entre Avon e Natura<\/a><\/span><span class=\"widget-news-item-date\">16 jan 2020 &#8211; 06h01<\/span><\/div>\n<\/li>\n<li class=\"widget-news-item without-thumb with-border\">\n<div class=\"widget-news-info\"><a href=\"http:\/\/exame.abril.com.br\/negocios\">NEG\u00d3CIOS<\/a><span class=\"widget-news-item-title\"><a href=\"https:\/\/exame.abril.com.br\/negocios\/com-novos-negocios-grupo-boticario-cresce-9-no-ano\/\">Com novos neg\u00f3cios, Grupo Botic\u00e1rio cresce 9% no ano<\/a><\/span><span class=\"widget-news-item-date\">13 fev 2020 &#8211; 15h02<\/span><\/div>\n<\/li>\n<\/ul>\n<\/div>\n<h3>Integra\u00e7\u00e3o com a Avon<\/h3>\n<p>Al\u00e9m de buscar inova\u00e7\u00e3o para ganhar mercado, a companhia tem se dedicado \u00e0 integra\u00e7\u00e3o das opera\u00e7\u00f5es da Avon, adquirida em maio de 2019. \u201cA Avon \u00e9 uma marca que penetra em um n\u00famero enorme de lares no mundo, e isso \u00e9 um tremendo ativo, mas ela precisa rejuvenescer, e podemos contribuir muito para acelerar esse processo\u201d, diz Ferreira.<\/p>\n<p>Do ponto de vista da governan\u00e7a, a integra\u00e7\u00e3o j\u00e1 est\u00e1 ocorrendo. A Natura &amp;Co anunciou no in\u00edcio de janeiro a composi\u00e7\u00e3o de sua diretoria p\u00f3s-aquisi\u00e7\u00e3o. Agora, tem feito conversas com fornecedores e analisado as opera\u00e7\u00f5es para desenhar integra\u00e7\u00f5es na cadeia de fornecimento e nas f\u00e1bricas.<\/p>\n<p>A Avon tem f\u00e1bricas em pa\u00edses como Argentina, M\u00e9xico, Pol\u00f4nia e Filipinas, al\u00e9m do Brasil. A \u00a0ideia \u00e9 que a otimiza\u00e7\u00e3o do trabalho nas f\u00e1bricas diminua custos e reduza as emiss\u00f5es de carbono da companhia, at\u00e9 de melhorar o servi\u00e7o oferecido para as consultoras das marcas. H\u00e1 a possibilidade de uma concentra\u00e7\u00e3o maior de um tipo de produto, como maquiagem, em determinada f\u00e1brica.<\/p>\n<p>A integra\u00e7\u00e3o tamb\u00e9m inclui as a\u00e7\u00f5es voltadas para a sustentabilidade. A Natura possui desde 2014 o selo B Corp, que identifica companhias comprometidas em criar impactos socioambientais positivos para a sociedade. A The Body Shop, marca comprada pela Natura em 2017, obteve o selo em setembro de 2019; a Aesop espera conseguir o seu em 2020. A expectativa \u00e9 de que a Avon conquiste o selo nos pr\u00f3ximos tr\u00eas ou quatro anos.<\/p>\n<p>\u201cDentro da sustentabilidade, a Avon sempre contribuiu para o empoderamento feminino. Do ponto de vista ambiental, essa n\u00e3o era uma pauta muito avan\u00e7ada, mas temos muita tecnologia nisso, vamos conseguir acelerar o desenvolvimento ambiental da Avon\u201d, disse Ferreira. Mais detalhes sobre a integra\u00e7\u00e3o com a Avon devem ser divulgados ao mercado em evento com investidores da Natura, previsto para abril.<\/p>\n<p>O rival brasileiro, grupo Botic\u00e1rio, <a href=\"https:\/\/exame.abril.com.br\/negocios\/com-novos-negocios-grupo-boticario-cresce-9-no-ano\/\">tamb\u00e9m busca crescer ao explorar novos mercados<\/a>. Aquisi\u00e7\u00f5es, novas marcas e abertura e reformas de lojas impulsionaram os resultados do Grupo Botic\u00e1rio, que cresceu 9% em 2019, para uma receita bruta de 14,9 bilh\u00f5es de reais. Com a inclus\u00e3o de Beleza na Web, com\u00e9rcio eletr\u00f4nico adquirido no ano passado, o faturamento foi de 15,3 bilh\u00f5es de reais, alta de 11,5%.<\/p>\n<p>#noticias #economia #sustentabilidade #dinheiro #economia<br \/>\n<br \/><br \/>\n<br \/><a href=\"https:\/\/exame.abril.com.br\/negocios\/para-a-natura-momento-e-de-ganhar-mercado-dos-concorrentes\/\">Fonte do Artigo <\/a><br \/>\nTags:<\/p>\n<p><a href=\"https:\/\/wiy.com.br\/noticias\/categoria\/curso-de-copy\/\">#noticias<\/a> <a href=\"https:\/\/wiy.com.br\/noticias\/categoria\/curso-de-copy\/\">#economia<\/a> <a href=\"https:\/\/wiy.com.br\/noticias\/categoria\/curso-de-copy\/\">#sustentabilidade<\/a> <a href=\"https:\/\/wiy.com.br\/noticias\/categoria\/curso-de-copy\/\">#dinheiro<\/a> <a href=\"https:\/\/wiy.com.br\/noticias\/categoria\/curso-de-copy\/\">#economia<\/a> <a href=\"https:\/\/wiy.com.br\/noticias\/categoria\/curso-de-copy\/\">#energialimpa<\/a> <a href=\"https:\/\/wiy.com.br\/noticias\/categoria\/curso-de-copy\/\">#brasil<\/a> <a href=\"https:\/\/wiy.com.br\/noticias\/categoria\/curso-de-copy\/\">#cursodecopy<\/a> <a href=\"https:\/\/wiy.com.br\/noticias\/categoria\/curso-de-copy\/\">#meioambiente<\/a> <a href=\"https:\/\/wiy.com.br\/noticias\/categoria\/curso-de-copy\/\">#hotmart<\/a> <a href=\"https:\/\/wiy.com.br\/noticias\/categoria\/curso-de-copy\/\">#empreendedorismo<\/a> <a href=\"https:\/\/wiy.com.br\/noticias\/categoria\/curso-de-copy\/\">#marketingdigital<\/a> <a href=\"https:\/\/wiy.com.br\/noticias\/categoria\/curso-de-copy\/\">#marketing digital<\/a> <a href=\"https:\/\/wiy.com.br\/noticias\/categoria\/curso-de-copy\/\">#politica<\/a> <a href=\"https:\/\/wiy.com.br\/noticias\/categoria\/curso-de-copy\/\">#energiasolarfotovoltaica<\/a> <a href=\"https:\/\/wiy.com.br\/noticias\/categoria\/curso-de-copy\/\">#textos que vendem<\/a> <a href=\"https:\/\/wiy.com.br\/noticias\/categoria\/curso-de-copy\/\">#copy de vendas<\/a> <a href=\"https:\/\/wiy.com.br\/noticias\/categoria\/curso-de-copy\/\">#sucesso<\/a> <a href=\"https:\/\/wiy.com.br\/noticias\/categoria\/curso-de-copy\/\">#financas<\/a> <a href=\"https:\/\/wiy.com.br\/noticias\/categoria\/curso-de-copy\/\">#investimentos<\/a> <a href=\"https:\/\/wiy.com.br\/noticias\/categoria\/curso-de-copy\/\">#criptomoeda<\/a> <a href=\"https:\/\/wiy.com.br\/noticias\/categoria\/curso-de-copy\/\">#ead<\/a> <a href=\"https:\/\/wiy.com.br\/noticias\/categoria\/curso-de-copy\/\">#copy download<\/a> <a href=\"https:\/\/wiy.com.br\/noticias\/categoria\/curso-de-copy\/\">#cursodecopypdf<\/a> <a href=\"https:\/\/wiy.com.br\/noticias\/categoria\/curso-de-copy\/\">#primeiravenda<\/a> <a href=\"https:\/\/wiy.com.br\/noticias\/categoria\/curso-de-copy\/\">#noticias24<\/a> <a href=\"https:\/\/curso-de-copy.wordseo.com.br\/\">#curso de copy<\/a> <a href=\"https:\/\/curso-de-copy.wordseo.com.br\/\">#curso para afiliados<\/a> <a href=\"https:\/\/curso-de-copy.wordseo.com.br\/\">#curso de copy online<\/a><\/p>\n","protected":false},"excerpt":{"rendered":"<p>O momento econ\u00f4mico mundial, com incertezas de todos os lados, faz com que a Natura &amp;Co, quarto maior grupo de beleza do mundo, busque formas de crescer ganhando participa\u00e7\u00e3o de mercado dos concorrentes, j\u00e1 que o crescimento da economia pode demorar. Dono das marcas Natura, The Body Shop, Aesop e Avon, o grupo tem faturamento [&hellip;]<\/p>\n","protected":false},"author":1,"featured_media":43757,"comment_status":"open","ping_status":"open","sticky":false,"template":"","format":"standard","meta":{"footnotes":""},"categories":[1,339],"tags":[],"class_list":["post-43756","post","type-post","status-publish","format-standard","has-post-thumbnail","hentry","category-curso-de-copy","category-negocios"],"_links":{"self":[{"href":"https:\/\/wiy.com.br\/noticias\/wp-json\/wp\/v2\/posts\/43756","targetHints":{"allow":["GET"]}}],"collection":[{"href":"https:\/\/wiy.com.br\/noticias\/wp-json\/wp\/v2\/posts"}],"about":[{"href":"https:\/\/wiy.com.br\/noticias\/wp-json\/wp\/v2\/types\/post"}],"author":[{"embeddable":true,"href":"https:\/\/wiy.com.br\/noticias\/wp-json\/wp\/v2\/users\/1"}],"replies":[{"embeddable":true,"href":"https:\/\/wiy.com.br\/noticias\/wp-json\/wp\/v2\/comments?post=43756"}],"version-history":[{"count":0,"href":"https:\/\/wiy.com.br\/noticias\/wp-json\/wp\/v2\/posts\/43756\/revisions"}],"wp:featuredmedia":[{"embeddable":true,"href":"https:\/\/wiy.com.br\/noticias\/wp-json\/wp\/v2\/media\/43757"}],"wp:attachment":[{"href":"https:\/\/wiy.com.br\/noticias\/wp-json\/wp\/v2\/media?parent=43756"}],"wp:term":[{"taxonomy":"category","embeddable":true,"href":"https:\/\/wiy.com.br\/noticias\/wp-json\/wp\/v2\/categories?post=43756"},{"taxonomy":"post_tag","embeddable":true,"href":"https:\/\/wiy.com.br\/noticias\/wp-json\/wp\/v2\/tags?post=43756"}],"curies":[{"name":"wp","href":"https:\/\/api.w.org\/{rel}","templated":true}]}}