{"id":43727,"date":"2023-02-26T15:29:31","date_gmt":"2023-02-26T18:29:31","guid":{"rendered":"https:\/\/wiy.com.br\/noticias\/greve-nao-afeta-producao-da-petrobras-diz-castello-branco\/"},"modified":"2020-02-14T11:21:22","modified_gmt":"2020-02-14T13:21:22","slug":"greve-nao-afeta-producao-da-petrobras-diz-castello-branco","status":"publish","type":"post","link":"https:\/\/wiy.com.br\/noticias\/greve-nao-afeta-producao-da-petrobras-diz-castello-branco\/","title":{"rendered":"Greve n\u00e3o afeta produ\u00e7\u00e3o da Petrobras, diz Castello Branco"},"content":{"rendered":"<p> <br \/>\n<\/p>\n<p>S\u00e3o Paulo \u2013 O presidente da <strong><a href=\"https:\/\/exame.abril.com.br\/noticias-sobre\/petrobras\">Petrobras<\/a><\/strong>, Roberto Castello Branco, negou que a <strong><a href=\"https:\/\/exame.abril.com.br\/noticias-sobre\/greves\/\">paralisa\u00e7\u00e3o<\/a> <\/strong>de funcion\u00e1rios da f\u00e1brica de fertilizantes Arauc\u00e1ria Nitrogenados (Ansa), subsidi\u00e1ria da companhia, esteja afetando a <strong><a href=\"https:\/\/exame.abril.com.br\/noticias-sobre\/petroleo\/\">produ\u00e7\u00e3o<\/a><\/strong> da estatal. Ao contr\u00e1rio. Em entrevista ao jornal O Estado de S. Paulo, Castello Branco afirmou que &#8220;nenhum barril de petr\u00f3leo deixou de ser produzido nem refinado&#8221;.<\/p>\n<p>A greve entrou no 14\u00ba dia nesta sexta-feira. E a situa\u00e7\u00e3o deve piorar ainda mais, pois est\u00e1 marcado para hoje o in\u00edcio das dispensas. Entre as demiss\u00f5es, est\u00e3o cerca de 400 funcion\u00e1rios diretos da Ansa e 600 terceirizados.<\/p>\n<p>Castello Branco tamb\u00e9m afirmou que o quadro dificilmente ser\u00e1 alterado. Segundo ele, a Ansa \u00e9 uma f\u00e1brica de fertilizantes &#8220;que d\u00e1 um preju\u00edzo imenso porque a mat\u00e9ria-prima \u00e9 mais cara do que o produto final&#8221;.<\/p>\n<p>&#8220;Este ano ia dar um preju\u00edzo de R$ 400 milh\u00f5es. E \u00e9 um reloginho su\u00ed\u00e7o: desde 2013, quando foi comprada, todo ano d\u00e1 preju\u00edzo. N\u00e3o podemos ficar com um neg\u00f3cio desses&#8221;, diz o executivo.<\/p>\n<div class=\"widget-news widget-box no-margin no-border\"><span class=\"widget-news-title content-box-title\">Veja tamb\u00e9m<\/span><\/p>\n<ul class=\"widget-news-list\">\n<li class=\"widget-news-item without-thumb with-border\">\n<div class=\"widget-news-info\"><a href=\"\/\"><\/a><span class=\"widget-news-item-title\"><a href=\"https:\/\/exame.abril.com.br\/negocios\/mudancas-na-petrobras-esbarram-em-mobilizacao-de-20-mil-petroleiros\/\">Mudan\u00e7as na Petrobras esbarram em mobiliza\u00e7\u00e3o de 20 mil petroleiros<\/a><\/span><span class=\"widget-news-item-date\">14 fev 2020 &#8211; 06h02<\/span><\/div>\n<\/li>\n<li class=\"widget-news-item without-thumb with-border\">\n<div class=\"widget-news-info\"><a href=\"http:\/\/exame.abril.com.br\/negocios\">NEG\u00d3CIOS<\/a><span class=\"widget-news-item-title\"><a href=\"https:\/\/exame.abril.com.br\/negocios\/anp-teme-efeito-da-greve-dos-petroleiros-na-producao-da-petrobras\/\">ANP teme efeito da greve dos petroleiros na produ\u00e7\u00e3o da Petrobras<\/a><\/span><span class=\"widget-news-item-date\">13 fev 2020 &#8211; 14h02<\/span><\/div>\n<\/li>\n<\/ul>\n<\/div>\n<p>Desde o in\u00edcio de sua gest\u00e3o, no in\u00edcio do ano passado, Roberto Castello Branco j\u00e1 vendeu 16,3 bilh\u00f5es de d\u00f3lares em ativos e passou a priorizar atividades que d\u00e3o mais retorno para a companhia. Entre os ativos vendidos est\u00e3o a Transportadora Associada de G\u00e1s (TAG), que foi arrematada pelo grupo franc\u00eas Engie, e a capitliza\u00e7\u00e3o da rede de postos BR Distribuidora.<\/p>\n<h3>Entenda o caso<\/h3>\n<p>Ao final da quinta-feira, 13, 113 unidades da Petrobras encontravam-se com manifesta\u00e7\u00f5es em 13 estados do pa\u00eds, com mais de 20.000 petroleiros mobilizados. Segundo a FUP, s\u00e3o 53 plataformas, 23 terminais, 11 refinarias, 23 outras unidades operacionais e 3 bases administrativas em estado de greve.<\/p>\n<p>Na quarta-feira, 12, o Supremo Tribunal Federal determinou que seja cumprida a decis\u00e3o do Tribunal Superior do Trabalho de manuten\u00e7\u00e3o do contingente de 90% dos trabalhadores durante a greve e reconheceu a legitimidade de aplica\u00e7\u00e3o de multa, desconto de dias parados e \u201coutras medidas de car\u00e1ter coercitivo\u201d necess\u00e1rias ao restabelecimento das atividades essenciais, segundo o STF.<\/p>\n<p>Em nota, a Petrobras informa que \u201cos resultados da Ansa, historicamente, demonstram a falta de sustentabilidade do neg\u00f3cio\u201d e que, de janeiro a setembro de 2019, a unidade gerou preju\u00edzo de quase 250 milh\u00f5es de reais. A companhia acrescenta que, al\u00e9m das verbas rescis\u00f3rias legais, as demiss\u00f5es devem envolver um pacote que inclui, entre outros itens, um valor adicional entre 50 mil e 200 mil reais.<\/p>\n<p>As paralisa\u00e7\u00f5es, que podem afetar a produ\u00e7\u00e3o da Petrobras no trimestre, ocorrem em meio a um ambicioso programa de venda de ativos \u201cnon core\u201d (n\u00e3o essenciais) da companhia. \u00c9 o Brasil real mais uma vez se impondo ante os planos de reforma da m\u00e1quina p\u00fablica.<\/p>\n<p><br \/>\n<br \/><a href=\"https:\/\/exame.abril.com.br\/brasil\/greve-nao-afeta-producao-da-petrobras-diz-castello-branco\/\">Fonte do artigo <\/a><br \/>\nTags:<br \/>\n#politica #political #negocios #business #marketingdigital #empreendedorismo #marketing #emprendedores #empreender #sucesso #empresas #emprendimiento #emprendedor #empreendedor #emprender #dinheiro #dinero #empresario #vendas #liderazgo #motivacion #foco #motivacao #negocio #brasil<\/p>\n","protected":false},"excerpt":{"rendered":"<p>S\u00e3o Paulo \u2013 O presidente da Petrobras, Roberto Castello Branco, negou que a paralisa\u00e7\u00e3o de funcion\u00e1rios da f\u00e1brica de fertilizantes Arauc\u00e1ria Nitrogenados (Ansa), subsidi\u00e1ria da companhia, esteja afetando a produ\u00e7\u00e3o da estatal. Ao contr\u00e1rio. Em entrevista ao jornal O Estado de S. Paulo, Castello Branco afirmou que &#8220;nenhum barril de petr\u00f3leo deixou de ser produzido [&hellip;]<\/p>\n","protected":false},"author":1,"featured_media":36389,"comment_status":"open","ping_status":"open","sticky":false,"template":"","format":"standard","meta":{"footnotes":""},"categories":[1],"tags":[],"class_list":["post-43727","post","type-post","status-publish","format-standard","has-post-thumbnail","hentry","category-curso-de-copy"],"_links":{"self":[{"href":"https:\/\/wiy.com.br\/noticias\/wp-json\/wp\/v2\/posts\/43727","targetHints":{"allow":["GET"]}}],"collection":[{"href":"https:\/\/wiy.com.br\/noticias\/wp-json\/wp\/v2\/posts"}],"about":[{"href":"https:\/\/wiy.com.br\/noticias\/wp-json\/wp\/v2\/types\/post"}],"author":[{"embeddable":true,"href":"https:\/\/wiy.com.br\/noticias\/wp-json\/wp\/v2\/users\/1"}],"replies":[{"embeddable":true,"href":"https:\/\/wiy.com.br\/noticias\/wp-json\/wp\/v2\/comments?post=43727"}],"version-history":[{"count":0,"href":"https:\/\/wiy.com.br\/noticias\/wp-json\/wp\/v2\/posts\/43727\/revisions"}],"wp:featuredmedia":[{"embeddable":true,"href":"https:\/\/wiy.com.br\/noticias\/wp-json\/wp\/v2\/media\/36389"}],"wp:attachment":[{"href":"https:\/\/wiy.com.br\/noticias\/wp-json\/wp\/v2\/media?parent=43727"}],"wp:term":[{"taxonomy":"category","embeddable":true,"href":"https:\/\/wiy.com.br\/noticias\/wp-json\/wp\/v2\/categories?post=43727"},{"taxonomy":"post_tag","embeddable":true,"href":"https:\/\/wiy.com.br\/noticias\/wp-json\/wp\/v2\/tags?post=43727"}],"curies":[{"name":"wp","href":"https:\/\/api.w.org\/{rel}","templated":true}]}}