{"id":43559,"date":"2023-02-26T15:33:19","date_gmt":"2023-02-26T18:33:19","guid":{"rendered":"https:\/\/wiy.com.br\/noticias\/lider-do-governo-no-congresso-sera-relator-de-cassacao-de-selma-arruda\/"},"modified":"2020-02-12T16:38:09","modified_gmt":"2020-02-12T18:38:09","slug":"lider-do-governo-no-congresso-sera-relator-de-cassacao-de-selma-arruda","status":"publish","type":"post","link":"https:\/\/wiy.com.br\/noticias\/lider-do-governo-no-congresso-sera-relator-de-cassacao-de-selma-arruda\/","title":{"rendered":"L\u00edder do governo no Congresso ser\u00e1 relator de cassa\u00e7\u00e3o de Selma Arruda"},"content":{"rendered":"<p> <br \/>\n<\/p>\n<p>Bras\u00edlia &#8211; Eduardo Gomes (MDB-TO) ser\u00e1 o relator do caso <strong>Selma Arruda <\/strong>(Podemos-MT) no <a href=\"https:\/\/exame.abril.com.br\/noticias-sobre\/Senado\/\"><strong>Senado<\/strong><\/a>. Em reuni\u00e3o nesta quarta-feira, o senador foi escolhido para dar parecer sobre a <a href=\"https:\/\/exame.abril.com.br\/noticias-sobre\/cassacoes\/\"><strong>cassa\u00e7\u00e3o<\/strong> <\/a>da senadora <a href=\"https:\/\/exame.abril.com.br\/brasil\/tse-cassa-mandato-da-senadora-juiza-selma-do-psl\/\">pelo Tribunal Superior Eleitoral (TSE)<\/a>. Embora a Corte tenha determinado a perda do mandato dela imediatamente, o presidente do Senado, <a href=\"https:\/\/exame.abril.com.br\/noticias-sobre\/davi-alcolumbre\/\"><strong>Davi Alcolumbre (DEM-AP)<\/strong><\/a>, decidiu submeter a decis\u00e3o &#8211; ocorrida h\u00e1 dois meses &#8211; \u00e0 Mesa Diretora da Casa.<\/p>\n<p>Alcolumbre escolheu Gomes, l\u00edder do governo Jair Bolsonaro no Congresso, sem sorteio. Depois da apresenta\u00e7\u00e3o da defesa da senadora, ele deve apresentar seu parecer em 3 de mar\u00e7o, data do pr\u00f3ximo encontro da Mesa Diretora. Presente na reuni\u00e3o hoje, o advogado da senadora, Gustavo Guedes, defendeu que os senadores aguardassem uma decis\u00e3o final sobre o caso, que viria de um recurso ao Supremo Tribunal Federal (STF), ainda n\u00e3o apresentado pela defesa, para decretar a perda de mandato.<\/p>\n<p>Aliado da senadora, o segundo vice-presidente da Mesa, Lasier Martins (Podemos-RS), admite que a Casa n\u00e3o deve descumprir uma decis\u00e3o da Justi\u00e7a. Segundo ele, a discuss\u00e3o agora \u00e9 se os senadores j\u00e1 declaram a cassa\u00e7\u00e3o agora ou esperam a decis\u00e3o de um recurso ao STF, posi\u00e7\u00e3o que ele defende. Gomes deve se posicionar sobre isso no parecer que apresentar\u00e1 no m\u00eas que vem.<\/p>\n<p>&nbsp;<\/p>\n<div class=\"widget-news widget-box no-margin no-border\"><span class=\"widget-news-title content-box-title\">Veja tamb\u00e9m<\/span><\/p>\n<ul class=\"widget-news-list\">\n<li class=\"widget-news-item without-thumb with-border\">\n<div class=\"widget-news-info\"><a href=\"http:\/\/exame.abril.com.br\/brasil\">BRASIL<\/a><span class=\"widget-news-item-title\"><a href=\"https:\/\/exame.abril.com.br\/brasil\/tse-cassa-mandato-da-senadora-juiza-selma-do-psl\/\">TSE cassa mandato da senadora Ju\u00edza Selma, do PSL<\/a><\/span><span class=\"widget-news-item-date\">11 dez 2019 &#8211; 07h12<\/span><\/div>\n<\/li>\n<\/ul>\n<\/div>\n<p>A reuni\u00e3o da Mesa durou quase duas horas, metade dedicada a outras decis\u00f5es administrativas. Segundo relatos, houve tens\u00e3o na discuss\u00e3o sobre Selma. Ao ouvir o pedido do advogado e de alguns senadores para que se esperasse o recurso ao STF, parte dos integrantes da Mesa contestaram. Alegaram que o Senado n\u00e3o pode demorar tanto para cumprir uma ordem judicial.<\/p>\n<p>S\u00e3o integrantes da Mesa, al\u00e9m de Alcolumbre, Lasier e Gomes, os senadores Antonio Anastasia (PSDB-MG), S\u00e9rgio Petec\u00e3o (PSD-AC), Fl\u00e1vio Bolsonaro (Sem partido-RJ) e Luis Carlos Heinze (PP-RS). Todos estavam presentes. Al\u00e9m deles, tr\u00eas suplentes participaram do encontro: Jaques Wagner (PT-BA), Marcos do Val (Podemos-ES) e Leila Barros (PSB-DF).<\/p>\n<p>Segundo vice-presidente da Casa, Antonio Anastasia (MG), que deixa o PSDB rumo ao PSD, defendeu que a decis\u00e3o do TSE fosse cumprida imediatamente. Outros senadores, como Marcos do Val, disseram que \u00e9 mais justo aguardar o Supremo.<\/p>\n<p>A Justi\u00e7a eleitoral j\u00e1 marcou data para o pleito que escolher\u00e1 o substituto de Selma. Ser\u00e1 em 26 de abril. Em 31 de janeiro, o presidente do Supremo, Dias Toffoli, concedeu liminar garantindo a Carlos F\u00e1varo (PSD), terceiro colocado na disputa pelo Senado no estado em 2018, o direito de assumir a vaga de Selma entre seu afastamento e a nova elei\u00e7\u00e3o.<\/p>\n<p>Nas elei\u00e7\u00f5es, a senadora foi comparada ao ex-ju\u00edz Sergio Moro, em raz\u00e3o da \u00e9poca em que foi ju\u00edza no Mato Grosso e tinha uma atua\u00e7\u00e3o considerada rigorosa. Ela era chamada de &#8220;Moro de saia&#8221;. Selma e um de seus suplentes, Gilberto Possamai, s\u00e3o acusados de receber R$ 1,2 milh\u00e3o em transfer\u00eancias banc\u00e1rias de Possamai, em abril e julho de 2018. O dinheiro n\u00e3o teria sido declarado por ela \u00e0 Justi\u00e7a Eleitoral. Para a maioria dos ministros do TSE, isso foi uma irregularidade cont\u00e1bil e caracterizou a pr\u00e1tica de caixa dois.<\/p>\n<p>No fim do ano passado, Selma se defendeu dizendo que \u00e9 v\u00edtima de uma injusti\u00e7a. A colegas de partido, ela disse que continuar\u00e1 frequentando o Senado normalmente at\u00e9 que a Mesa decida o seu futuro. A sites do Mato Grosso, a senadora comentou que pode voltar \u00e0 advocacia &#8211; sua atividade antes de se tornar ju\u00edza. Selma disse ainda que atuar\u00e1 na Funda\u00e7\u00e3o do Podemos, dedicando-se a cursos de forma\u00e7\u00e3o de pol\u00edticos.<\/p>\n<p><br \/>\n<br \/><a href=\"https:\/\/exame.abril.com.br\/brasil\/lider-do-governo-no-congresso-sera-relator-de-cassacao-de-selma-arruda\/\">Fonte do artigo <\/a><br \/>\nTags:<br \/>\n#politica #political #negocios #business #marketingdigital #empreendedorismo #marketing #emprendedores #empreender #sucesso #empresas #emprendimiento #emprendedor #empreendedor #emprender #dinheiro #dinero #empresario #vendas #liderazgo #motivacion #foco #motivacao #negocio #brasil<\/p>\n","protected":false},"excerpt":{"rendered":"<p>Bras\u00edlia &#8211; Eduardo Gomes (MDB-TO) ser\u00e1 o relator do caso Selma Arruda (Podemos-MT) no Senado. Em reuni\u00e3o nesta quarta-feira, o senador foi escolhido para dar parecer sobre a cassa\u00e7\u00e3o da senadora pelo Tribunal Superior Eleitoral (TSE). Embora a Corte tenha determinado a perda do mandato dela imediatamente, o presidente do Senado, Davi Alcolumbre (DEM-AP), decidiu [&hellip;]<\/p>\n","protected":false},"author":1,"featured_media":29388,"comment_status":"open","ping_status":"open","sticky":false,"template":"","format":"standard","meta":{"footnotes":""},"categories":[1],"tags":[],"class_list":["post-43559","post","type-post","status-publish","format-standard","has-post-thumbnail","hentry","category-curso-de-copy"],"_links":{"self":[{"href":"https:\/\/wiy.com.br\/noticias\/wp-json\/wp\/v2\/posts\/43559","targetHints":{"allow":["GET"]}}],"collection":[{"href":"https:\/\/wiy.com.br\/noticias\/wp-json\/wp\/v2\/posts"}],"about":[{"href":"https:\/\/wiy.com.br\/noticias\/wp-json\/wp\/v2\/types\/post"}],"author":[{"embeddable":true,"href":"https:\/\/wiy.com.br\/noticias\/wp-json\/wp\/v2\/users\/1"}],"replies":[{"embeddable":true,"href":"https:\/\/wiy.com.br\/noticias\/wp-json\/wp\/v2\/comments?post=43559"}],"version-history":[{"count":0,"href":"https:\/\/wiy.com.br\/noticias\/wp-json\/wp\/v2\/posts\/43559\/revisions"}],"wp:featuredmedia":[{"embeddable":true,"href":"https:\/\/wiy.com.br\/noticias\/wp-json\/wp\/v2\/media\/29388"}],"wp:attachment":[{"href":"https:\/\/wiy.com.br\/noticias\/wp-json\/wp\/v2\/media?parent=43559"}],"wp:term":[{"taxonomy":"category","embeddable":true,"href":"https:\/\/wiy.com.br\/noticias\/wp-json\/wp\/v2\/categories?post=43559"},{"taxonomy":"post_tag","embeddable":true,"href":"https:\/\/wiy.com.br\/noticias\/wp-json\/wp\/v2\/tags?post=43559"}],"curies":[{"name":"wp","href":"https:\/\/api.w.org\/{rel}","templated":true}]}}