{"id":43408,"date":"2023-02-26T15:42:06","date_gmt":"2023-02-26T18:42:06","guid":{"rendered":"https:\/\/wiy.com.br\/noticias\/maia-diz-que-nunca-elogiara-weintraub-mesmo-com-criticas-de-bolsonaristas\/"},"modified":"2020-02-10T21:55:16","modified_gmt":"2020-02-10T23:55:16","slug":"maia-diz-que-nunca-elogiara-weintraub-mesmo-com-criticas-de-bolsonaristas","status":"publish","type":"post","link":"https:\/\/wiy.com.br\/noticias\/maia-diz-que-nunca-elogiara-weintraub-mesmo-com-criticas-de-bolsonaristas\/","title":{"rendered":"Maia diz que nunca elogiar\u00e1 Weintraub, mesmo com cr\u00edticas de bolsonaristas"},"content":{"rendered":"<p> <br \/>\n<\/p>\n<div class=\"not\">\n<p>O presidente da C\u00e2mara dos Deputados, <strong><a href=\"https:\/\/exame.abril.com.br\/noticias-sobre\/rodrigo-maia\/\">Rodrigo Maia<\/a><\/strong> (DEM\/RJ), disse que nunca vai elogiar o ministro da Educa\u00e7\u00e3o, <strong><a href=\"https:\/\/exame.abril.com.br\/noticias-sobre\/abraham-weintraub\">Abraham Weintraub<\/a><\/strong>, mesmo que continue &#8220;apanhando&#8221; dos chamados &#8220;bolsominions&#8221; nas redes sociais. Segundo ele, n\u00e3o \u00e9 poss\u00edvel ficar em sil\u00eancio &#8220;sobre essas pessoas&#8221;.<\/p>\n<p>Maia participou nesta segunda-feira, 10, de dois eventos no Rio de Janeiro, sua base eleitoral. Em um caf\u00e9 da manh\u00e3, na Federa\u00e7\u00e3o das Ind\u00fastrias do Rio de Janeiro (Firjan), afirmou que tem &#8220;apanhado forte&#8221; dos &#8220;bolsominions&#8221; a cada vez que fala de Weintraub, j\u00e1 classificado por ele anteriormente como &#8220;um desastre&#8221; .<\/p>\n<p>Mais tarde, em almo\u00e7o na Associa\u00e7\u00e3o Comercial do Rio de Janeiro (ACRJ), o pol\u00edtico voltou a comentar sobre o ministro, que protagonizou v\u00e1rias pol\u00eamicas ao errar a grafia de palavras em portugu\u00eas, fazer v\u00eddeos sobre &#8220;chuva&#8221; de fake news embaixo de um guarda-chuva ao som de &#8220;Singin&#8217; in the rain&#8221; e , mais recentemente, a crise no Enem, com v\u00e1rios erros na corre\u00e7\u00e3o das provas.<\/p>\n<p>&#8220;Eu apanho forte dos bolsominions nas redes sociais. Quando eu &#8216;elogio&#8217; o ministro da Educa\u00e7\u00e3o, a\u00ed \u00e9 que apanho mesmo, e falo mais&#8221;, disse Maia. &#8220;Faz parte da vida, apanho de quem eu sei que n\u00e3o vai pensar como eu penso &#8230;\u00e9 claro que eu n\u00e3o vou elogiar nunca o ministro da Educa\u00e7\u00e3o&#8221;, completou.<\/p>\n<p>Maia voltou ao assunto ap\u00f3s uma pergunta da plateia na ACRJ sobre a pol\u00eamica do desmembramento do Minist\u00e9rio da Justi\u00e7a, negando que tenha defendido a recria\u00e7\u00e3o do Minist\u00e9rio de Seguran\u00e7a P\u00fablica.<\/p>\n<p>Alegando uma falha de comunica\u00e7\u00e3o, ele afirmou que apenas expressou ao presidente Jair Bolsonaro que, como o tema da seguran\u00e7a p\u00fablica \u00e9 caro ao eleitorado do presidente, poderia requerer maior aten\u00e7\u00e3o.<\/p>\n<\/div>\n<p><br \/>\n<br \/><a href=\"https:\/\/exame.abril.com.br\/brasil\/maia-diz-que-nunca-elogiara-weintraub-mesmo-com-criticas-de-bolsonaristas\/\">Fonte do artigo <\/a><br \/>\nTags:<br \/>\n#politica #political #negocios #business #marketingdigital #empreendedorismo #marketing #emprendedores #empreender #sucesso #empresas #emprendimiento #emprendedor #empreendedor #emprender #dinheiro #dinero #empresario #vendas #liderazgo #motivacion #foco #motivacao #negocio #brasil<\/p>\n","protected":false},"excerpt":{"rendered":"<p>O presidente da C\u00e2mara dos Deputados, Rodrigo Maia (DEM\/RJ), disse que nunca vai elogiar o ministro da Educa\u00e7\u00e3o, Abraham Weintraub, mesmo que continue &#8220;apanhando&#8221; dos chamados &#8220;bolsominions&#8221; nas redes sociais. Segundo ele, n\u00e3o \u00e9 poss\u00edvel ficar em sil\u00eancio &#8220;sobre essas pessoas&#8221;. Maia participou nesta segunda-feira, 10, de dois eventos no Rio de Janeiro, sua base [&hellip;]<\/p>\n","protected":false},"author":1,"featured_media":37072,"comment_status":"open","ping_status":"open","sticky":false,"template":"","format":"standard","meta":{"footnotes":""},"categories":[1],"tags":[],"class_list":["post-43408","post","type-post","status-publish","format-standard","has-post-thumbnail","hentry","category-curso-de-copy"],"_links":{"self":[{"href":"https:\/\/wiy.com.br\/noticias\/wp-json\/wp\/v2\/posts\/43408","targetHints":{"allow":["GET"]}}],"collection":[{"href":"https:\/\/wiy.com.br\/noticias\/wp-json\/wp\/v2\/posts"}],"about":[{"href":"https:\/\/wiy.com.br\/noticias\/wp-json\/wp\/v2\/types\/post"}],"author":[{"embeddable":true,"href":"https:\/\/wiy.com.br\/noticias\/wp-json\/wp\/v2\/users\/1"}],"replies":[{"embeddable":true,"href":"https:\/\/wiy.com.br\/noticias\/wp-json\/wp\/v2\/comments?post=43408"}],"version-history":[{"count":0,"href":"https:\/\/wiy.com.br\/noticias\/wp-json\/wp\/v2\/posts\/43408\/revisions"}],"wp:featuredmedia":[{"embeddable":true,"href":"https:\/\/wiy.com.br\/noticias\/wp-json\/wp\/v2\/media\/37072"}],"wp:attachment":[{"href":"https:\/\/wiy.com.br\/noticias\/wp-json\/wp\/v2\/media?parent=43408"}],"wp:term":[{"taxonomy":"category","embeddable":true,"href":"https:\/\/wiy.com.br\/noticias\/wp-json\/wp\/v2\/categories?post=43408"},{"taxonomy":"post_tag","embeddable":true,"href":"https:\/\/wiy.com.br\/noticias\/wp-json\/wp\/v2\/tags?post=43408"}],"curies":[{"name":"wp","href":"https:\/\/api.w.org\/{rel}","templated":true}]}}