{"id":4337,"date":"2023-02-26T15:10:17","date_gmt":"2023-02-26T18:10:17","guid":{"rendered":"https:\/\/wiy.com.br\/noticias\/receita-diz-que-gilmar-mendes-nao-e-investigado-pelo-orgao\/"},"modified":"2019-02-11T22:45:45","modified_gmt":"2019-02-12T00:45:45","slug":"receita-diz-que-gilmar-mendes-nao-e-investigado-pelo-orgao","status":"publish","type":"post","link":"https:\/\/wiy.com.br\/noticias\/receita-diz-que-gilmar-mendes-nao-e-investigado-pelo-orgao\/","title":{"rendered":"Receita diz que Gilmar Mendes n\u00e3o \u00e9 investigado pelo \u00f3rg\u00e3o"},"content":{"rendered":"<p> <br \/>\n<\/p>\n<p>A <strong><a href=\"https:\/\/exame.abril.com.br\/noticias-sobre\/receita-federal\" target=\"_blank\" rel=\"noopener noreferrer\">Receita Federal<\/a><\/strong> informou hoje (11) que o ministro do <strong><a href=\"https:\/\/exame.abril.com.br\/noticias-sobre\/stf\" target=\"_blank\" rel=\"noopener noreferrer\">Supremo Tribunal Federal<\/a><\/strong> (STF) <strong><a href=\"https:\/\/exame.abril.com.br\/noticias-sobre\/gilmar-mendes\/\" target=\"_blank\" rel=\"noopener noreferrer\">Gilmar Mendes<\/a><\/strong> e sua esposa, Guiomar Mendes, n\u00e3o s\u00e3o investigados pelo \u00f3rg\u00e3o. Em nota \u00e0 imprensa, o Fisco tamb\u00e9m afirmou que n\u00e3o pactua com o vazamento de informa\u00e7\u00f5es e &#8220;ila\u00e7\u00f5es de pr\u00e1tica de crimes sem provas&#8221;.<\/p>\n<p>O comunicado da Receita foi uma resposta ao pedido de provid\u00eancias feito na semana passada pelo presidente do Supremo, ministro Dias Toffoli, ap\u00f3s o vazamento para a imprensa de um documento interno no qual Mendes e sua esposa s\u00e3o citados em uma apura\u00e7\u00e3o preliminar de &#8220;poss\u00edveis fraudes de corrup\u00e7\u00e3o, lavagem de dinheiro, oculta\u00e7\u00e3o de patrim\u00f4nio ou tr\u00e1fico de influ\u00eancia&#8221;.<\/p>\n<div class=\"widget-news widget-box no-margin no-border\"><span class=\"widget-news-title content-box-title\">Veja tamb\u00e9m<\/span><\/p>\n<ul class=\"widget-news-list\">\n<li class=\"widget-news-item without-thumb with-border\">\n<div class=\"widget-news-info\"><a href=\"http:\/\/exame.abril.com.br\/brasil\">BRASIL<\/a><span class=\"widget-news-item-title\"><a href=\"https:\/\/exame.abril.com.br\/brasil\/sindifisco-condena-vazamento-de-dados-sigilosos-de-ministro-do-stf\/\">Sindifisco condena vazamento de dados sigilosos de ministro do STF<\/a><\/span><span class=\"widget-news-item-date\">9 fev 2019 &#8211; 16h02<\/span><\/div>\n<\/li>\n<\/ul>\n<\/div>\n<p>Segundo a Receita Federal, n\u00e3o h\u00e1 procedimento de fiscaliza\u00e7\u00e3o em desfavor dos contribuintes e que as express\u00f5es usadas no documento interno &#8220;n\u00e3o est\u00e3o amparadas em evid\u00eancias verificadas durante o procedimento de an\u00e1lise preliminar&#8221;.<\/p>\n<p>O \u00f3rg\u00e3o tamb\u00e9m informou que foi aberto um processo na corregedoria para apurar a divulga\u00e7\u00e3o do documento sigiloso.<\/p>\n<p>&#8220;O dossi\u00ea onde os documentos estavam autuados, foi identificado, bem como todas as pessoas que tiveram acesso ao procedimento de tramita\u00e7\u00e3o restrita. A identifica\u00e7\u00e3o e a responsabiliza\u00e7\u00e3o pelo vazamento est\u00e3o sob apura\u00e7\u00e3o em procedimento espec\u00edfico, conduzido pela Corregedoria da Receita Federal&#8221;, diz a nota.<\/p>\n<p><br \/>\n<br \/><a href=\"https:\/\/exame.abril.com.br\/brasil\/receita-diz-que-gilmar-mendes-nao-e-investigado-pelo-orgao\/\">Source link <\/a><\/p>\n","protected":false},"excerpt":{"rendered":"<p>A Receita Federal informou hoje (11) que o ministro do Supremo Tribunal Federal (STF) Gilmar Mendes e sua esposa, Guiomar Mendes, n\u00e3o s\u00e3o investigados pelo \u00f3rg\u00e3o. Em nota \u00e0 imprensa, o Fisco tamb\u00e9m afirmou que n\u00e3o pactua com o vazamento de informa\u00e7\u00f5es e &#8220;ila\u00e7\u00f5es de pr\u00e1tica de crimes sem provas&#8221;. O comunicado da Receita foi [&hellip;]<\/p>\n","protected":false},"author":1,"featured_media":4338,"comment_status":"open","ping_status":"open","sticky":false,"template":"","format":"standard","meta":{"footnotes":""},"categories":[337],"tags":[],"class_list":["post-4337","post","type-post","status-publish","format-standard","has-post-thumbnail","hentry","category-noticias"],"_links":{"self":[{"href":"https:\/\/wiy.com.br\/noticias\/wp-json\/wp\/v2\/posts\/4337","targetHints":{"allow":["GET"]}}],"collection":[{"href":"https:\/\/wiy.com.br\/noticias\/wp-json\/wp\/v2\/posts"}],"about":[{"href":"https:\/\/wiy.com.br\/noticias\/wp-json\/wp\/v2\/types\/post"}],"author":[{"embeddable":true,"href":"https:\/\/wiy.com.br\/noticias\/wp-json\/wp\/v2\/users\/1"}],"replies":[{"embeddable":true,"href":"https:\/\/wiy.com.br\/noticias\/wp-json\/wp\/v2\/comments?post=4337"}],"version-history":[{"count":0,"href":"https:\/\/wiy.com.br\/noticias\/wp-json\/wp\/v2\/posts\/4337\/revisions"}],"wp:featuredmedia":[{"embeddable":true,"href":"https:\/\/wiy.com.br\/noticias\/wp-json\/wp\/v2\/media\/4338"}],"wp:attachment":[{"href":"https:\/\/wiy.com.br\/noticias\/wp-json\/wp\/v2\/media?parent=4337"}],"wp:term":[{"taxonomy":"category","embeddable":true,"href":"https:\/\/wiy.com.br\/noticias\/wp-json\/wp\/v2\/categories?post=4337"},{"taxonomy":"post_tag","embeddable":true,"href":"https:\/\/wiy.com.br\/noticias\/wp-json\/wp\/v2\/tags?post=4337"}],"curies":[{"name":"wp","href":"https:\/\/api.w.org\/{rel}","templated":true}]}}